{"id":42055,"date":"2025-09-22T12:44:08","date_gmt":"2025-09-22T12:44:08","guid":{"rendered":"https:\/\/www.europesays.com\/no\/42055\/"},"modified":"2025-09-22T12:44:08","modified_gmt":"2025-09-22T12:44:08","slug":"landbruk-og-mat-arets-kokk-superkokken-aron-roper-yndlingsrestauranten-sin-pa-bryne-jaerbladet","status":"publish","type":"post","link":"https:\/\/www.europesays.com\/no\/42055\/","title":{"rendered":"Landbruk og mat, \u00c5rets kokk | Superkokken Aron r\u00f8per yndlingsrestauranten sin p\u00e5 Bryne &#8211; J\u00e6rbladet"},"content":{"rendered":"<ol>\n<li><a href=\"https:\/\/news.google.com\/rss\/articles\/CBMilgFBVV95cUxOZDJydTdEUndoVUM2Z3hZaWFfSlJ0UTRzUm9CUHdqV3BEcWxZUUV0ZkluTmJXU1FKdjZQcU9ENFFZUUt4OS1kdDlMNzVyYzEwN0xWVUFneTNTMjh3UHlRSlhJdGxjUzBGeGp5NXVWMUZ0UmIyTUt1RldaejBjY3VoT0dFeGlKX2l3UDNTQXMyZGhfNGpYRlE?oc=5\" target=\"_blank\" rel=\"nofollow noopener\">Landbruk og mat, \u00c5rets kokk | Superkokken Aron r\u00f8per yndlingsrestauranten sin p\u00e5 Bryne<\/a>&nbsp;&nbsp;J\u00e6rbladet<\/li>\n<li><a href=\"https:\/\/news.google.com\/rss\/articles\/CBMiowFBVV95cUxQLXBGdnlOR0sxd096NklOSDQwc0xzZ3UzVC0zNWNjSkRHaFlZYm1TN2Z0NjlRVmVhSUxraDRzUGFKRUYyblMtUnRkOGpoOW94LXZMZksxZTNONDJrMmFGMHBlbS1xVmJ6TkRzNnBIQW5xTFQxcGU4ejAwMzA2OVQ0Wk9YOXk3Y28zMVU1WU5ocDBPQ0I3Z3dNV2k5dVpVc1RFaTB3?oc=5\" target=\"_blank\" rel=\"nofollow noopener\">Vil bli verdens beste: Har trent seks dager i uka siden mai<\/a>&nbsp;&nbsp;Stavanger Aftenblad<\/li>\n<li><a href=\"https:\/\/news.google.com\/rss\/articles\/CBMiZ0FVX3lxTE9OalZVbDQ4czNsbWNlT05fdGx3dG9jVHBkYlNzdnV5Zk9NUGl1VHI0SlFLQ21XQmpJUl8yUTVGYXpaVDFtODRFTVZxdXRxMGU4cU5wVk9DWjF0c05wZl9BVDVxY3dUNmc?oc=5\" target=\"_blank\" rel=\"nofollow noopener\">Kokkelag fra hele landet i sving i NM<\/a>&nbsp;&nbsp;Radio Haugaland<\/li>\n<li><a href=\"https:\/\/news.google.com\/rss\/articles\/CBMijgFBVV95cUxPaDVKSURRNGN6OU1RaXdmaXlCM1pzR0JoZ29DUnNZc1lnUEhHZWtwLW52dkdRb0k4eVg1YnJ6UHBSWDRZT0Z0Tk1iemNUVXYydEFva3FnZHRRS1NLdnZQaEc2dmtlX1lLcVkxQnhYeG1hdUtJWVhjMVZubU5GSkhxVTFQemtNckc5LVhweUZB?oc=5\" target=\"_blank\" rel=\"nofollow noopener\">Rennes\u00f8y, Mat | Lokal akt\u00f8r trukket ut til gjev konkurranse<\/a>&nbsp;&nbsp;Bygdebladet<\/li>\n<li><a href=\"https:\/\/news.google.com\/rss\/articles\/CBMibkFVX3lxTE5ZaGZ2X2FYN2VOV01BYnhhZXpYaWh6Q0hjRFB1bDBCQzREMUg0Njh4Q240Z252dTFDblFWN2MwdXRweGpEX2pNc3BxSE5veXJnR2kzTkZET0xHeEV2cjdGSjBPZzhHdjRkbzNoaE5B?oc=5\" target=\"_blank\" rel=\"nofollow noopener\">\u2013 Jeg hadde ikke gjort det for andre enn Eli Anne<\/a>&nbsp;&nbsp;adressa.no<\/li>\n<\/ol>\n","protected":false},"excerpt":{"rendered":"Landbruk og mat, \u00c5rets kokk | Superkokken Aron r\u00f8per yndlingsrestauranten sin p\u00e5 Bryne&nbsp;&nbsp;J\u00e6rbladet Vil bli verdens beste: Har&hellip;\n","protected":false},"author":2,"featured_media":42056,"comment_status":"","ping_status":"","sticky":false,"template":"","format":"standard","meta":{"footnotes":""},"categories":[59],"tags":[30,28,29,83,82],"class_list":{"0":"post-42055","1":"post","2":"type-post","3":"status-publish","4":"format-standard","5":"has-post-thumbnail","7":"category-sport","8":"tag-no","9":"tag-norge","10":"tag-norway","11":"tag-sport","12":"tag-sports"},"share_on_mastodon":{"url":"","error":""},"_links":{"self":[{"href":"https:\/\/www.europesays.com\/no\/wp-json\/wp\/v2\/posts\/42055","targetHints":{"allow":["GET"]}}],"collection":[{"href":"https:\/\/www.europesays.com\/no\/wp-json\/wp\/v2\/posts"}],"about":[{"href":"https:\/\/www.europesays.com\/no\/wp-json\/wp\/v2\/types\/post"}],"author":[{"embeddable":true,"href":"https:\/\/www.europesays.com\/no\/wp-json\/wp\/v2\/users\/2"}],"replies":[{"embeddable":true,"href":"https:\/\/www.europesays.com\/no\/wp-json\/wp\/v2\/comments?post=42055"}],"version-history":[{"count":0,"href":"https:\/\/www.europesays.com\/no\/wp-json\/wp\/v2\/posts\/42055\/revisions"}],"wp:featuredmedia":[{"embeddable":true,"href":"https:\/\/www.europesays.com\/no\/wp-json\/wp\/v2\/media\/42056"}],"wp:attachment":[{"href":"https:\/\/www.europesays.com\/no\/wp-json\/wp\/v2\/media?parent=42055"}],"wp:term":[{"taxonomy":"category","embeddable":true,"href":"https:\/\/www.europesays.com\/no\/wp-json\/wp\/v2\/categories?post=42055"},{"taxonomy":"post_tag","embeddable":true,"href":"https:\/\/www.europesays.com\/no\/wp-json\/wp\/v2\/tags?post=42055"}],"curies":[{"name":"wp","href":"https:\/\/api.w.org\/{rel}","templated":true}]}}