{"id":42057,"date":"2025-09-22T12:48:13","date_gmt":"2025-09-22T12:48:13","guid":{"rendered":"https:\/\/www.europesays.com\/no\/42057\/"},"modified":"2025-09-22T12:48:13","modified_gmt":"2025-09-22T12:48:13","slug":"ukraina-store-russiske-ammunisjonslagre-utslettet","status":"publish","type":"post","link":"https:\/\/www.europesays.com\/no\/42057\/","title":{"rendered":"Ukraina: Store russiske ammunisjonslagre utslettet"},"content":{"rendered":"<p><strong>Ukraina sier de har \u00f8delagt store russiske v\u00e5pen- og dronelagre.<\/strong><\/p>\n<p>Det skriver landets forsvarsstyrker i en oppdatering p\u00e5 <a href=\"https:\/\/t.me\/GeneralStaffZSU\/29306\" rel=\"nofollow\">Telegram<\/a>.<\/p>\n<p>If\u00f8lge meldingen hadde Russland fors\u00f8kt \u00e5 forsyne et panserregiment n\u00e6r den okkuperte byen Bohdanivka i Luhansk med titusenvis av miner, granater, ammunisjon og prosjektiler til stridsvogner og artilleri.<\/p>\n<p>I tillegg skal mer enn 19.000 droner og tilh\u00f8rende utstyr ha v\u00e6rt p\u00e5 vei til russiske enheter i Donetsk.<\/p>\n<p>\u2013 Allerede 29. august \u00f8dela ukrainske styrker et logistikknutepunkt for droner. Resultatet var at store lagre med russiske angrepsdroner ble \u00f8delagt, heter det i oppdateringen.<\/p>\n<p>If\u00f8lge milit\u00e6ret ble et nytt lager truffet 18. september, da ukrainske styrker og sikkerhetstjenesten SBU slo til mot et ammunisjonslager i Luhansk. Ogs\u00e5 russiske kj\u00f8ret\u00f8y skal ha g\u00e5tt tapt i angrepet.<\/p>\n","protected":false},"excerpt":{"rendered":"Ukraina sier de har \u00f8delagt store russiske v\u00e5pen- og dronelagre. Det skriver landets forsvarsstyrker i en oppdatering p\u00e5&hellip;\n","protected":false},"author":2,"featured_media":42058,"comment_status":"","ping_status":"","sticky":false,"template":"","format":"standard","meta":{"footnotes":""},"categories":[12],"tags":[20,21,24,25,15,179,22,23,13,30,28,29,14,16,188,26,27,42,43,44,45],"class_list":{"0":"post-42057","1":"post","2":"type-post","3":"status-publish","4":"format-standard","5":"has-post-thumbnail","7":"category-verden","8":"tag-breaking-news","9":"tag-breakingnews","10":"tag-featured-news","11":"tag-featurednews","12":"tag-headlines","13":"tag-krigen-i-ukraina","14":"tag-latest-news","15":"tag-latestnews","16":"tag-news","17":"tag-no","18":"tag-norge","19":"tag-norway","20":"tag-nyheter","21":"tag-overskrifter","22":"tag-russland","23":"tag-top-stories","24":"tag-topstories","25":"tag-verden","26":"tag-world","27":"tag-world-news","28":"tag-worldnews"},"share_on_mastodon":{"url":"","error":""},"_links":{"self":[{"href":"https:\/\/www.europesays.com\/no\/wp-json\/wp\/v2\/posts\/42057","targetHints":{"allow":["GET"]}}],"collection":[{"href":"https:\/\/www.europesays.com\/no\/wp-json\/wp\/v2\/posts"}],"about":[{"href":"https:\/\/www.europesays.com\/no\/wp-json\/wp\/v2\/types\/post"}],"author":[{"embeddable":true,"href":"https:\/\/www.europesays.com\/no\/wp-json\/wp\/v2\/users\/2"}],"replies":[{"embeddable":true,"href":"https:\/\/www.europesays.com\/no\/wp-json\/wp\/v2\/comments?post=42057"}],"version-history":[{"count":0,"href":"https:\/\/www.europesays.com\/no\/wp-json\/wp\/v2\/posts\/42057\/revisions"}],"wp:featuredmedia":[{"embeddable":true,"href":"https:\/\/www.europesays.com\/no\/wp-json\/wp\/v2\/media\/42058"}],"wp:attachment":[{"href":"https:\/\/www.europesays.com\/no\/wp-json\/wp\/v2\/media?parent=42057"}],"wp:term":[{"taxonomy":"category","embeddable":true,"href":"https:\/\/www.europesays.com\/no\/wp-json\/wp\/v2\/categories?post=42057"},{"taxonomy":"post_tag","embeddable":true,"href":"https:\/\/www.europesays.com\/no\/wp-json\/wp\/v2\/tags?post=42057"}],"curies":[{"name":"wp","href":"https:\/\/api.w.org\/{rel}","templated":true}]}}