{"id":42059,"date":"2025-09-22T12:49:10","date_gmt":"2025-09-22T12:49:10","guid":{"rendered":"https:\/\/www.europesays.com\/no\/42059\/"},"modified":"2025-09-22T12:49:10","modified_gmt":"2025-09-22T12:49:10","slug":"hund-kjaeledyr-valpetyveri-i-flekkefjord-endte-godt-valpen-er-funnet","status":"publish","type":"post","link":"https:\/\/www.europesays.com\/no\/42059\/","title":{"rendered":"Hund, Kj\u00e6ledyr | Valpetyveri i Flekkefjord endte godt: Valpen er funnet"},"content":{"rendered":"\n<p>(<a href=\"https:\/\/www.avisenagder.no\/valpen-er-trygt-hjemme-igjen-eieren-er-takknemlig-for-all-stotte\/s\/5-99-1448007\" rel=\"Follow nofollow noopener\" target=\"_blank\">Avisen Agder<\/a>): Etter en dramatisk hendelse natt til fredag, der en valp ble stj\u00e5let fra hagen til Gordana Vulovic i Flekkefjord, har saken n\u00e5 f\u00e5tt en lykkelig vending: Valpen er tilbakelevert.<\/p>\n<p>\u2013 En utrolig god nyhet. Noen har levert valpen tilbake, og jeg er sv\u00e6rt takknemlig for all deling, hjelp og st\u00f8tte. Alt dere har gjort har hjulpet, sier Vulovic.<\/p>\n<p>Valpen ble funnet redd og sulten, men i live.<\/p>\n<p><b>Les ogs\u00e5: <a href=\"https:\/\/www.nettavisen.no\/5-95-2630808\" rel=\"nofollow noopener\" target=\"_blank\">NRK-veteran raser: \u2013 Farlig bev\u00e6pning av Maga<\/a><\/b><\/p>\n<p>Valpen er tilbake \u2013 redd, men i live<\/p>\n<p>N\u00f8yaktig hva som har skjedd er forel\u00f8pig litt uklart, men enden p\u00e5 visa er at hunden er tilbake. <\/p>\n<p>\u2013 Han er preget av det som har skjedd, men han er i live, og det er det viktigste n\u00e5.<\/p>\n<p>Saken vakte stort engasjement i lokalmilj\u00f8et, og mange bidro med st\u00f8tte. Vulovic uttrykte tidligere stor fortvilelse over at noen kunne gj\u00f8re noe slikt, og fryktet at valpen ikke ville overleve uten morens omsorg.<\/p>\n<p>\u2013 Jeg kunne aldri ha forestilt meg at noe s\u00e5nt kunne skje. Det har v\u00e6rt en utrolig tung opplevelse, uttalte hun til Avisen Agder p\u00e5 fredag.<\/p>\n<p>Hun fortalte da om hvor rystet hun var over hendelsen og var overbevist om at tyven visste n\u00f8yaktig hva de gjorde og hvor valpene befant seg.<\/p>\n<p>\u2013 Jeg tenker at den som gjorde det, visste veldig godt om at vi hadde den. Det kan ogs\u00e5 v\u00e6re noen av skolebarna som ville v\u00e6re slemme, eller noen av barna i nabolaget som lekte uten at foreldrene visste om det, uttalte hun.<\/p>\n<p>   <img decoding=\"async\" width=\"945\" height=\"1723\" fetchpriority=\"low\"  loading=\"lazy\"  src=\"https:\/\/www.europesays.com\/no\/wp-content\/uploads\/2025\/09\/549032812_10163786514351416_7886258410955056252_n.jpg\" alt=\"\" class=\"brick-c-cFOWSL\" style=\"--brick-image-ratio: 945 \/ 1723;\"\/><\/p>\n<p>  Stj\u00e5let fra et stort bur<\/p>\n<p>Valpen ble stj\u00e5let fra et stort bur og hus i hagen. Vulovic understreker at dette ikke var en tilfeldig handling.<\/p>\n<p>\u2013 Det er ikke lett \u00e5 komme inn i buret, og jeg er derfor veldig overrasket over det som har skjedd, forklarer hun. Tyven m\u00e5 ha hatt god kjennskap til forholdene for \u00e5 klare \u00e5 ta seg inn og stjele valpen.<\/p>\n<p>I et desperat fors\u00f8k p\u00e5 \u00e5 f\u00e5 valpen tilbake, sendte Vulovic sendt ut en klar advarsel til tyven.<\/p>\n<p>&laquo;Du som har tatt denne valpen, jeg gir deg en sjanse til \u00e5 returnere den. Det er kamera der, og alt blir anmeldt hvis ikke. Ikke vent for lenge\u2026&raquo; skriver hun.<\/p>\n<p>Hun uttrykte ogs\u00e5 en dyp skuffelse og vantro over at noe slikt kunne skje.<\/p>\n<p>\u2013 Jeg kunne aldri, aldri trodd at noe liknende skulle skje, og at noen t\u00f8r \u00e5 gj\u00f8re noe slikt. Jeg er s\u00e5 lei, avslutter hun.<\/p>\n<p>P\u00e5 sp\u00f8rsm\u00e5l om den kan ha r\u00f8mt, er det helt utenkelig.<\/p>\n<p>\u2013 Nei, og den vil ikke klare seg uten sine foreldre, svarer hun.<\/p>\n<p>Saken ble politianmeldt, og eieren fryktet hunden vil kunne d\u00f8 f\u00f8r den ble funnet.<\/p>\n<p>N\u00e5 er lettelsen stor.<\/p>\n<p>\u2013 Tusen takk til alle som har brydd seg og hjulpet. Dette viser hvor mye vi kan f\u00e5 til sammen, sier hun.<\/p>\n","protected":false},"excerpt":{"rendered":"(Avisen Agder): Etter en dramatisk hendelse natt til fredag, der en valp ble stj\u00e5let fra hagen til Gordana&hellip;\n","protected":false},"author":2,"featured_media":42060,"comment_status":"","ping_status":"","sticky":false,"template":"","format":"standard","meta":{"footnotes":""},"categories":[10],"tags":[20,21,24,25,15,22,23,13,30,28,29,14,16,26,27],"class_list":{"0":"post-42059","1":"post","2":"type-post","3":"status-publish","4":"format-standard","5":"has-post-thumbnail","7":"category-norge","8":"tag-breaking-news","9":"tag-breakingnews","10":"tag-featured-news","11":"tag-featurednews","12":"tag-headlines","13":"tag-latest-news","14":"tag-latestnews","15":"tag-news","16":"tag-no","17":"tag-norge","18":"tag-norway","19":"tag-nyheter","20":"tag-overskrifter","21":"tag-top-stories","22":"tag-topstories"},"share_on_mastodon":{"url":"","error":""},"_links":{"self":[{"href":"https:\/\/www.europesays.com\/no\/wp-json\/wp\/v2\/posts\/42059","targetHints":{"allow":["GET"]}}],"collection":[{"href":"https:\/\/www.europesays.com\/no\/wp-json\/wp\/v2\/posts"}],"about":[{"href":"https:\/\/www.europesays.com\/no\/wp-json\/wp\/v2\/types\/post"}],"author":[{"embeddable":true,"href":"https:\/\/www.europesays.com\/no\/wp-json\/wp\/v2\/users\/2"}],"replies":[{"embeddable":true,"href":"https:\/\/www.europesays.com\/no\/wp-json\/wp\/v2\/comments?post=42059"}],"version-history":[{"count":0,"href":"https:\/\/www.europesays.com\/no\/wp-json\/wp\/v2\/posts\/42059\/revisions"}],"wp:featuredmedia":[{"embeddable":true,"href":"https:\/\/www.europesays.com\/no\/wp-json\/wp\/v2\/media\/42060"}],"wp:attachment":[{"href":"https:\/\/www.europesays.com\/no\/wp-json\/wp\/v2\/media?parent=42059"}],"wp:term":[{"taxonomy":"category","embeddable":true,"href":"https:\/\/www.europesays.com\/no\/wp-json\/wp\/v2\/categories?post=42059"},{"taxonomy":"post_tag","embeddable":true,"href":"https:\/\/www.europesays.com\/no\/wp-json\/wp\/v2\/tags?post=42059"}],"curies":[{"name":"wp","href":"https:\/\/api.w.org\/{rel}","templated":true}]}}