{"id":42067,"date":"2025-09-22T12:55:14","date_gmt":"2025-09-22T12:55:14","guid":{"rendered":"https:\/\/www.europesays.com\/no\/42067\/"},"modified":"2025-09-22T12:55:14","modified_gmt":"2025-09-22T12:55:14","slug":"norsk-ferieparadis-har-endret-trafikkreglene-na-kan-en-forseelse-koste-naer-47-000-kroner-og-atte-ars-tap-av-forerkort","status":"publish","type":"post","link":"https:\/\/www.europesays.com\/no\/42067\/","title":{"rendered":"Norsk ferieparadis har endret trafikkreglene: N\u00e5 kan en forseelse koste n\u00e6r 47.000 kroner og \u00e5tte \u00e5rs tap av f\u00f8rerkort"},"content":{"rendered":"<p>Hellas har innf\u00f8rt en ny trafikk\u00adlov, lov 5209\/2025, som tr\u00e5dte i kraft 13. september. <\/p>\n<p>M\u00e5let er \u00e5 redusere antallet ulykker, og myndighetene legger vekt p\u00e5 b\u00e5de overv\u00e5king og forebygging. <\/p>\n<p>Det rumenske konsulatet i Thessaloniki advarer n\u00e5 turister mot \u00e5 undervurdere konsekvensene av de skjerpede bestemmelsene.<\/p>\n<p>Det skriver mediet <a href=\"https:\/\/tvrinfo.ro\/grecia-a-schimbat-codul-rutier-amenzi-de-4-000-e-si-permis-suspendat-pana-la-8-ani-avertizeaza-consulatul-romaniei\/\" target=\"_blank\" rel=\"noopener nofollow\">tvrinfo<\/a>.<\/p>\n<p>\u00d8kt kontroll p\u00e5 veiene<\/p>\n<p>Det greske politiet tar i bruk moderne teknologi for \u00e5 avdekke og sanksjonere lovbrudd. <\/p>\n<p>Kameraer og digitale systemer registrerer overtredelser og gj\u00f8r det mulig \u00e5 sperre f\u00f8rerkort elektronisk. <\/p>\n<p>Kontrollen retter seg s\u00e6rlig mot manglende bruk av bilbelte eller hjelm, ulovlig parkering, bruk av mobiltelefon under kj\u00f8ring, kj\u00f8ring i kollektivfelt samt for h\u00f8y fart. <\/p>\n<p>I tillegg f\u00f8res det tettere tilsyn i popul\u00e6re turistomr\u00e5der, hvor promillekj\u00f8ring og uforsikrede kj\u00f8ret\u00f8y ofte er et problem.<\/p>\n<p>Mobiltelefon bak rattet<\/p>\n<p>De strengeste tiltakene gjelder bruk av mobiltelefon under kj\u00f8ring. <\/p>\n<p>F\u00f8rste overtredelse gir en bot p\u00e5 350 euro og tap av f\u00f8rerkort i 30 dager. <\/p>\n<p>Gjentakelse betyr 1.000 euro i bot og seks m\u00e5neders tap av f\u00f8rerretten, mens en tredje forseelse koster 2.000 euro og ett \u00e5r uten f\u00f8rerkort.<\/p>\n<p>Dersom en ulykke skjer mens f\u00f8reren bruker telefonen, er straffen enda hardere.<\/p>\n<p>Boten kan bli p\u00e5 hele 4.000 euro \u2013 nesten 47.000 norske kroner \u2013 og f\u00f8rerkortet kan inndras i opptil \u00e5tte \u00e5r.<\/p>\n<p>Turister rammes ogs\u00e5<\/p>\n<p>Flere turister har allerede f\u00e5tt merke de nye reglene i l\u00f8pet av sommeren. <\/p>\n<p>Konsulatet understreker at manglende kjennskap til loven ikke fritar noen for ansvar, og at sanksjonene h\u00e5ndheves uten unntak.<\/p>\n<p>Et tydelig budskap<\/p>\n<p>For alle som reiser til Hellas, er r\u00e5det enkelt. F\u00f8lg trafikkreglene n\u00f8ye, enten du kj\u00f8rer bil, motorsykkel eller scooter. <\/p>\n<p>Bruk bilbelte og hjelm, la mobilen ligge, og respekter skiltingen. <\/p>\n<p>Solen p\u00e5 de greske \u00f8yene er gratis, men \u00e5 bryte trafikk\u00adloven kan bli en s\u00e6rdeles kostbar aff\u00e6re.<\/p>\n","protected":false},"excerpt":{"rendered":"Hellas har innf\u00f8rt en ny trafikk\u00adlov, lov 5209\/2025, som tr\u00e5dte i kraft 13. september. M\u00e5let er \u00e5 redusere&hellip;\n","protected":false},"author":2,"featured_media":42068,"comment_status":"","ping_status":"","sticky":false,"template":"","format":"standard","meta":{"footnotes":""},"categories":[12],"tags":[20,21,24,25,15,22,23,13,30,28,29,14,16,26,27,42,43,44,45],"class_list":{"0":"post-42067","1":"post","2":"type-post","3":"status-publish","4":"format-standard","5":"has-post-thumbnail","7":"category-verden","8":"tag-breaking-news","9":"tag-breakingnews","10":"tag-featured-news","11":"tag-featurednews","12":"tag-headlines","13":"tag-latest-news","14":"tag-latestnews","15":"tag-news","16":"tag-no","17":"tag-norge","18":"tag-norway","19":"tag-nyheter","20":"tag-overskrifter","21":"tag-top-stories","22":"tag-topstories","23":"tag-verden","24":"tag-world","25":"tag-world-news","26":"tag-worldnews"},"share_on_mastodon":{"url":"","error":""},"_links":{"self":[{"href":"https:\/\/www.europesays.com\/no\/wp-json\/wp\/v2\/posts\/42067","targetHints":{"allow":["GET"]}}],"collection":[{"href":"https:\/\/www.europesays.com\/no\/wp-json\/wp\/v2\/posts"}],"about":[{"href":"https:\/\/www.europesays.com\/no\/wp-json\/wp\/v2\/types\/post"}],"author":[{"embeddable":true,"href":"https:\/\/www.europesays.com\/no\/wp-json\/wp\/v2\/users\/2"}],"replies":[{"embeddable":true,"href":"https:\/\/www.europesays.com\/no\/wp-json\/wp\/v2\/comments?post=42067"}],"version-history":[{"count":0,"href":"https:\/\/www.europesays.com\/no\/wp-json\/wp\/v2\/posts\/42067\/revisions"}],"wp:featuredmedia":[{"embeddable":true,"href":"https:\/\/www.europesays.com\/no\/wp-json\/wp\/v2\/media\/42068"}],"wp:attachment":[{"href":"https:\/\/www.europesays.com\/no\/wp-json\/wp\/v2\/media?parent=42067"}],"wp:term":[{"taxonomy":"category","embeddable":true,"href":"https:\/\/www.europesays.com\/no\/wp-json\/wp\/v2\/categories?post=42067"},{"taxonomy":"post_tag","embeddable":true,"href":"https:\/\/www.europesays.com\/no\/wp-json\/wp\/v2\/tags?post=42067"}],"curies":[{"name":"wp","href":"https:\/\/api.w.org\/{rel}","templated":true}]}}