{"id":42077,"date":"2025-09-22T13:04:15","date_gmt":"2025-09-22T13:04:15","guid":{"rendered":"https:\/\/www.europesays.com\/no\/42077\/"},"modified":"2025-09-22T13:04:15","modified_gmt":"2025-09-22T13:04:15","slug":"mosjoen-vefsn-haper-pa-stort-engasjement-blant-innbyggere-og-bedrifter-i-vefsn-lett-a-stotte-opp-om-en-slik-sak","status":"publish","type":"post","link":"https:\/\/www.europesays.com\/no\/42077\/","title":{"rendered":"Mosj\u00f8en, Vefsn | H\u00e5per p\u00e5 stort engasjement blant innbyggere og bedrifter i Vefsn: \u2013 Lett \u00e5 st\u00f8tte opp om en slik sak"},"content":{"rendered":"\n<p>\u2013 Man m\u00e5 nesten v\u00e6re i situasjonen selv for \u00e5 skj\u00f8nne at mennesker med funksjonsnedsettelser fortsatt m\u00f8ter mange utfordringer som mange ikke tenker over, sier Stephan Nord\u00e5s.<\/p>\n<p>Vi m\u00f8ter han p\u00e5 det nye torget i Mosj\u00f8en, sammen med resten av komiteen for gjennomf\u00f8ringen av \u00e5rets TV-aksjon i Vefsn.<\/p>\n<p>For Nord\u00e5s, som selv er rullestolbruker, betyr \u00e5rets aksjon ekstra mye. Denne gangen g\u00e5r nemlig pengene som samles inn til Atlas-alliansen, som har som m\u00e5l \u00e5 \u00ab\u00e5pne d\u00f8rer for funksjonshemmede som lever i krig og fattigdom\u00bb.<\/p>\n<p>\u2013 Vi er alle like mye verdt, s\u00e5 det er veldig fint \u00e5 se at pengene g\u00e5r til en flott organisasjon som jobber med \u00e5 legge til rette for folk med funksjonsnedsettelser. Det er lett \u00e5 st\u00f8tte opp om en slik sak, sier han og smiler.<\/p>\n<p>\u2013 Utfordrer n\u00e6ringslivet<\/p>\n<p>Hanne Myrvang, som leder TV-aksjonen i Nordland, hadde tatt turen til Mosj\u00f8en torsdag.<\/p>\n<p>\u2013 Det er flott \u00e5 m\u00f8te denne gjengen og se engasjementet deres. N\u00e5 h\u00e5per vi p\u00e5 like god respons fra innbyggerne og bedriftene i Vefsn, sier hun.<\/p>\n<p>For i \u00e5r skal komiteen gjenoppta en tidligere tradisjon med en s\u00e5kalt ringerunde til diverse bedrifter i kommunen.<\/p>\n<p>\u2013 Vi \u00f8nsker \u00e5 utfordre og oppfordre n\u00e6ringslivet v\u00e5rt til \u00e5 bli med i spleiselaget. Det er fint \u00e5 kunne bidra til \u00e5 sette s\u00f8kelys p\u00e5 en god sak. Vefsn kommune kommer selvf\u00f8lgelig ogs\u00e5 til \u00e5 gi et bidrag, sier ordf\u00f8rer Rune Krut\u00e5.<\/p>\n<p>Ringerunden skjer torsdag 16. oktober, og den samme kvelden blir det ogs\u00e5 en sofaprat p\u00e5 Kulturverkstedet, hvor blant annet Stephan Nord\u00e5s stiller, sammen med Hanne Myrvang og en rekke andre relevante akt\u00f8rer.<\/p>\n<p>\u2013 Gj\u00f8r inntrykk<\/p>\n<p>Under \u00e5rets aksjon g\u00e5r pengene til \u00e5 st\u00f8tte arbeidet for folk med funksjonsnedsettelser i s\u00e6rlig Ukraina og Palestina, samt Nepal, Zambia, Tanzania, Etiopia og Uganda.<\/p>\n<p>Myrvang forteller om en samtale hun hadde med en rullestolbruker for en tid tilbake:<\/p>\n<p>\u2013 Han fortalte meg at \u00abjeg har det fint og klarer meg bra i Norge, men bare tenk p\u00e5 hvordan det m\u00e5 v\u00e6re for dem som er avhengig av en rullestol i Gaza\u00bb. Det er klart det er noe som gj\u00f8r inntrykk, sier hun.<\/p>\n<p>I forbindelse med \u00e5rets innsamlingsaksjon trenger gjengen ogs\u00e5 cirka 120 frivillige b\u00f8sseb\u00e6rere. Man kan melde seg til tjeneste p\u00e5 nettsiden <a href=\"https:\/\/www.helg.no\/haper-pa-stort-engasjement-blant-innbyggere-og-bedrifter-i-vefsn-lett-a-stotte-opp-om-en-slik-sak\/s\/registrering.tvaksjonen.no\" rel=\"Follow nofollow noopener\" target=\"_blank\">registrering.tvaksjonen.no<\/a>, dersom man \u00f8nsker \u00e5 utgj\u00f8re en ekstra forskjell s\u00f8ndag 19. oktober.<\/p>\n<p>\u2013 Fin anledning<\/p>\n<p>Varaordf\u00f8rer Kine Mosheim-Lysfjord forteller at hun selv var b\u00f8sseb\u00e6rer sammen med barna sine i fjor.<\/p>\n<p>\u2013 Det var en veldig fin anledning til \u00e5 f\u00e5 seg en skikkelig fin s\u00f8ndagstur, og en enda finere anledning til \u00e5 sette s\u00f8kelyset p\u00e5 noe viktig sammen med barna, sier Mosheim-Lysfjord.<\/p>\n<p>\u2013 Hvordan var responsen fra folk da dere kom p\u00e5 d\u00f8ra?<\/p>\n<p>\u2013 Folk var utrolig positive. Mange sto n\u00e6rmest klar med penger i h\u00e5nda og ventet p\u00e5 at vi skulle komme. S\u00e5 var det ogs\u00e5 mange som vippset bidrag. Det var en veldig fin opplevelse, og fint \u00e5 se at folk st\u00f8tter gode saker.<\/p>\n","protected":false},"excerpt":{"rendered":"\u2013 Man m\u00e5 nesten v\u00e6re i situasjonen selv for \u00e5 skj\u00f8nne at mennesker med funksjonsnedsettelser fortsatt m\u00f8ter mange&hellip;\n","protected":false},"author":2,"featured_media":42078,"comment_status":"","ping_status":"","sticky":false,"template":"","format":"standard","meta":{"footnotes":""},"categories":[5],"tags":[36,20,21,24,25,15,19,22,23,17,18,1068,13,30,28,29,14,16,1510,26,27,6611,1203],"class_list":{"0":"post-42077","1":"post","2":"type-post","3":"status-publish","4":"format-standard","5":"has-post-thumbnail","7":"category-overskrifter","8":"tag-art","9":"tag-breaking-news","10":"tag-breakingnews","11":"tag-featured-news","12":"tag-featurednews","13":"tag-headlines","14":"tag-hovedoppslag","15":"tag-latest-news","16":"tag-latestnews","17":"tag-main-news","18":"tag-mainnews","19":"tag-mosjoen","20":"tag-news","21":"tag-no","22":"tag-norge","23":"tag-norway","24":"tag-nyheter","25":"tag-overskrifter","26":"tag-story","27":"tag-top-stories","28":"tag-topstories","29":"tag-tv-aksjonen","30":"tag-vefsn"},"share_on_mastodon":{"url":"","error":""},"_links":{"self":[{"href":"https:\/\/www.europesays.com\/no\/wp-json\/wp\/v2\/posts\/42077","targetHints":{"allow":["GET"]}}],"collection":[{"href":"https:\/\/www.europesays.com\/no\/wp-json\/wp\/v2\/posts"}],"about":[{"href":"https:\/\/www.europesays.com\/no\/wp-json\/wp\/v2\/types\/post"}],"author":[{"embeddable":true,"href":"https:\/\/www.europesays.com\/no\/wp-json\/wp\/v2\/users\/2"}],"replies":[{"embeddable":true,"href":"https:\/\/www.europesays.com\/no\/wp-json\/wp\/v2\/comments?post=42077"}],"version-history":[{"count":0,"href":"https:\/\/www.europesays.com\/no\/wp-json\/wp\/v2\/posts\/42077\/revisions"}],"wp:featuredmedia":[{"embeddable":true,"href":"https:\/\/www.europesays.com\/no\/wp-json\/wp\/v2\/media\/42078"}],"wp:attachment":[{"href":"https:\/\/www.europesays.com\/no\/wp-json\/wp\/v2\/media?parent=42077"}],"wp:term":[{"taxonomy":"category","embeddable":true,"href":"https:\/\/www.europesays.com\/no\/wp-json\/wp\/v2\/categories?post=42077"},{"taxonomy":"post_tag","embeddable":true,"href":"https:\/\/www.europesays.com\/no\/wp-json\/wp\/v2\/tags?post=42077"}],"curies":[{"name":"wp","href":"https:\/\/api.w.org\/{rel}","templated":true}]}}