{"id":42093,"date":"2025-09-22T13:35:09","date_gmt":"2025-09-22T13:35:09","guid":{"rendered":"https:\/\/www.europesays.com\/no\/42093\/"},"modified":"2025-09-22T13:35:09","modified_gmt":"2025-09-22T13:35:09","slug":"harry-styles-lop-berlin-maraton-pa-under-tre-timer","status":"publish","type":"post","link":"https:\/\/www.europesays.com\/no\/42093\/","title":{"rendered":"Harry Styles l\u00f8p Berlin maraton p\u00e5 under tre timer"},"content":{"rendered":"\n<p class=\"_lead_ew2ao_2 _lead_xtcu6_50 layout-component text-serif-m layout-normal text-serif-l layout-component layout-wide layout-padded _wide_17hqh_1 layout-padded\">Den tidligere One Direction-stjernen brukte falskt navn under l\u00f8pet.<\/p>\n<p><img alt=\"Watermelon Sugar ... fast? Harry Styles l\u00f8p gjennom Berlin s\u00f8ndag. Foto: Evan Agostini \/ AP \/ NTB\" class=\"_image_qp4xg_65 layout-component layout-wide\" data-fullscreen- data-track-element-type=\"Article image fullscreen\" data-track-name=\"ImageFullscreen\" fetchpriority=\"high\" decoding=\"sync\" loading=\"eager\" height=\"2456\" itemprop=\"image\"  src=\"https:\/\/www.europesays.com\/no\/wp-content\/uploads\/2025\/09\/264e92b2-cbf2-49db-a2ba-07530ef81109\"  style=\"object-position:0% 0%\" width=\"3696\"\/>Watermelon Sugar &#8230; fast? Harry Styles l\u00f8p gjennom Berlin s\u00f8ndag. Foto: Evan Agostini \/ AP \/ NTB<\/p>\n<ul aria-hidden=\"true\" class=\"_images_1y6fe_106\">\n<li><a class=\"_link_1y6fe_111\" href=\"https:\/\/www.vg.no\/forfatter\/even-naevdal\" style=\"z-index:1\" title=\"Even N\u00e6vdal\" rel=\"nofollow noopener\" target=\"_blank\"><img alt=\"Bilde av Even N\u00e6vdal\" class=\"_image_1y6fe_88\" fetchpriority=\"low\" loading=\"lazy\" decoding=\"async\" itemprop=\"image\"  src=\"https:\/\/www.europesays.com\/no\/wp-content\/uploads\/2025\/09\/1758548109_463_0bed5690-ec08-4f1e-be15-59bdb669879f\"  width=\"480\"\/><\/a><\/li>\n<\/ul>\n<p> Oppdatert mandag 22. september kl. 15:29     <\/p>\n<p class=\"_paragraph_ew2ao_4 _paragraph_xtcu6_10 layout-component text-serif-m layout-normal text-serif-m layout-padded\">Harry Styles overrasket l\u00f8psverdenen s\u00f8ndag da han fullf\u00f8rte Berlin maraton p\u00e5 2 timer, 59 minutter og 13 sekunder.<\/p>\n<p class=\"_paragraph_ew2ao_4 _paragraph_xtcu6_10 layout-component text-serif-m layout-normal text-serif-m layout-padded\">Den 31 \u00e5r gamle sangeren var blant 55.000 l\u00f8pere som deltok i det som regnes som verdens raskeste maratonl\u00f8ype, melder <a href=\"https:\/\/apnews.com\/article\/berlin-marathon-harry-styles-1594469e884bc6550d86130517e15d3c\" class=\"_link_ew2ao_39\" rel=\"nofollow noopener\" target=\"_blank\">Associated Press<\/a>.<\/p>\n<p class=\"_paragraph_ew2ao_4 _paragraph_xtcu6_10 layout-component text-serif-m layout-normal text-serif-m layout-padded\"><strong class=\"_strong_ew2ao_25\">Styles brukte det falske navnet Sted Sarandos og l\u00f8p med panneb\u00e5nd og solbriller for \u00e5 skjule identiteten sin.<\/strong><\/p>\n<p class=\"_paragraph_ew2ao_4 _paragraph_xtcu6_10 layout-component text-serif-m layout-normal text-serif-m layout-padded\">\u00c5 fullf\u00f8re et maraton p\u00e5 under tre timer er et ettertraktet m\u00e5l for mange maratonl\u00f8pere.<\/p>\n<p class=\"_paragraph_ew2ao_4 _paragraph_xtcu6_10 layout-component text-serif-m layout-normal text-serif-m layout-padded\">Den tyske avisen Der Tagesspiegel var f\u00f8rst ute med \u00e5 rapportere om <a href=\"https:\/\/www.tagesspiegel.de\/berlin\/superstar-unter-falschem-namen-harry-styles-lauft-berlin-marathon-in-weniger-als-drei-stunden-14363219.html\" class=\"_link_ew2ao_39\" rel=\"nofollow noopener\" target=\"_blank\">Styles&#8217; deltagelse<\/a>. Avisen skrev ogs\u00e5 at sangeren hadde blitt observert mens han trente i Berlin i forkant av l\u00f8pet.<\/p>\n<p class=\"_paragraph_ew2ao_4 _paragraph_xtcu6_10 layout-component text-serif-m layout-normal text-serif-m layout-padded\">Etter m\u00e5lgang ble Styles fotografert sammen med Richard Whitehead, som har vunnet to paralympiske gullmedaljer p\u00e5 200 meter. Whitehead, som har som m\u00e5l \u00e5 l\u00f8pe 20 maraton i \u00e5r, la ut bildet p\u00e5 Instagram.<\/p>\n<p class=\"_paragraph_ew2ao_4 _paragraph_xtcu6_10 layout-component text-serif-m layout-normal text-serif-m layout-padded\">Styles ble verdenskjent som medlem av boyband <a href=\"https:\/\/www.vg.no\/tag\/one-direction?utm_source=vg-article&amp;utm_medium=auto-tagger&amp;utm_campaign=RzvzOa\" class=\"_link_ew2ao_39\" rel=\"nofollow noopener\" target=\"_blank\">One Direction<\/a>. Hans debutalbum \u00abHarry Styles\u00bb toppet hitlistene i USA, Storbritannia og flere andre land. Det andre albumet \u00abFine Line\u00bb kom i 2019 og inneholdt Grammy-vinneren \u00abWatermelon Sugar\u00bb.<\/p>\n<p class=\"_paragraph_ew2ao_4 _paragraph_xtcu6_10 layout-component text-serif-m layout-normal text-serif-m layout-padded\">Berlin maraton regnes som verdens raskeste maratonl\u00f8ype.<\/p>\n<p class=\"_paragraph_ew2ao_4 _paragraph_xtcu6_10 layout-component text-serif-m layout-normal text-serif-m layout-padded\">Men det var ikke bare i Berlin at det var maraton i helgen. Oslo Maraton gikk ogs\u00e5 av stabelen l\u00f8rdag 20. september hvor <a href=\"https:\/\/www.vg.no\/sport\/i\/jQod8A\/golberg-imponerte-i-oslo-maraton-vinneren-roert-etter-maalgang\" data-track-element-type=\"Link\" data-track-id=\"link:jQod8A\" class=\"_link_ew2ao_39\" rel=\"nofollow noopener\" target=\"_blank\">Sjur Krystad Prests\u00e6ter tok seieren<\/a>.<\/p>\n<p class=\"_paragraph_ew2ao_4 _paragraph_xtcu6_10 layout-component text-serif-m layout-normal text-serif-m layout-padded\">Han gikk i m\u00e5l p\u00e5 tiden 2.22.28.<\/p>\n<p class=\"_paragraph_ew2ao_4 _paragraph_xtcu6_10 layout-component text-serif-m layout-normal text-serif-m layout-padded\">Vil du lese mer om l\u00f8ping? Magasinet L\u00f8ping for alle inneholder 132 sider med tips om teknikk, \u00f8velser, treningsopplegg og utstyr, og kan kj\u00f8pes i <a href=\"https:\/\/butikk.vg.no\/products\/loping-for-alle\" class=\"_link_ew2ao_39\" rel=\"nofollow noopener\" target=\"_blank\">v\u00e5r nettbutikk (gratis frakt!)<\/a><\/p>\n<p><img alt=\"\" class=\"_image_qp4xg_65 layout-component layout-normal\" data-fullscreen- data-track-element-type=\"Article image fullscreen\" data-track-name=\"ImageFullscreen\" decoding=\"async\" loading=\"lazy\" height=\"2308\" itemprop=\"image\"  src=\"https:\/\/www.europesays.com\/no\/wp-content\/uploads\/2025\/09\/f31b72ba-6dd0-4097-8155-aca55c0370a6\"  style=\"object-position:0% 0%\" width=\"1776\"\/>    <\/p>\n","protected":false},"excerpt":{"rendered":"Den tidligere One Direction-stjernen brukte falskt navn under l\u00f8pet. Watermelon Sugar &#8230; fast? Harry Styles l\u00f8p gjennom Berlin&hellip;\n","protected":false},"author":2,"featured_media":42094,"comment_status":"","ping_status":"","sticky":false,"template":"","format":"standard","meta":{"footnotes":""},"categories":[58],"tags":[353,71,727,30,28,29,6616,72,46],"class_list":{"0":"post-42093","1":"post","2":"type-post","3":"status-publish","4":"format-standard","5":"has-post-thumbnail","7":"category-underholdning","8":"tag-berlin","9":"tag-entertainment","10":"tag-loping","11":"tag-no","12":"tag-norge","13":"tag-norway","14":"tag-one-direction","15":"tag-underholdning","16":"tag-vgai"},"share_on_mastodon":{"url":"","error":""},"_links":{"self":[{"href":"https:\/\/www.europesays.com\/no\/wp-json\/wp\/v2\/posts\/42093","targetHints":{"allow":["GET"]}}],"collection":[{"href":"https:\/\/www.europesays.com\/no\/wp-json\/wp\/v2\/posts"}],"about":[{"href":"https:\/\/www.europesays.com\/no\/wp-json\/wp\/v2\/types\/post"}],"author":[{"embeddable":true,"href":"https:\/\/www.europesays.com\/no\/wp-json\/wp\/v2\/users\/2"}],"replies":[{"embeddable":true,"href":"https:\/\/www.europesays.com\/no\/wp-json\/wp\/v2\/comments?post=42093"}],"version-history":[{"count":0,"href":"https:\/\/www.europesays.com\/no\/wp-json\/wp\/v2\/posts\/42093\/revisions"}],"wp:featuredmedia":[{"embeddable":true,"href":"https:\/\/www.europesays.com\/no\/wp-json\/wp\/v2\/media\/42094"}],"wp:attachment":[{"href":"https:\/\/www.europesays.com\/no\/wp-json\/wp\/v2\/media?parent=42093"}],"wp:term":[{"taxonomy":"category","embeddable":true,"href":"https:\/\/www.europesays.com\/no\/wp-json\/wp\/v2\/categories?post=42093"},{"taxonomy":"post_tag","embeddable":true,"href":"https:\/\/www.europesays.com\/no\/wp-json\/wp\/v2\/tags?post=42093"}],"curies":[{"name":"wp","href":"https:\/\/api.w.org\/{rel}","templated":true}]}}