{"id":42099,"date":"2025-09-22T13:40:13","date_gmt":"2025-09-22T13:40:13","guid":{"rendered":"https:\/\/www.europesays.com\/no\/42099\/"},"modified":"2025-09-22T13:40:13","modified_gmt":"2025-09-22T13:40:13","slug":"nyheter-vestfoldbanen-vestfoldbanen-apen-igjen-ma-regne-med-forsinkelser","status":"publish","type":"post","link":"https:\/\/www.europesays.com\/no\/42099\/","title":{"rendered":"Nyheter, Vestfoldbanen | Vestfoldbanen \u00e5pen igjen: \u2013 M\u00e5 regne med forsinkelser"},"content":{"rendered":"\n<p>En person er p\u00e5kj\u00f8rt av et godstog, opplyser politiet ved 12.30-tiden mandag.<\/p>\n<p><b>\u2013 All togtrafikk i omr\u00e5det er forel\u00f8pig stengt, melder operasjonsleder Marius Daffinrud Fosvold i S\u00f8r-\u00d8st politidistrikt.<\/b><\/p>\n<p>Hendelsen har skjedd 300 meter nord for krysset ved Haslebakken\/R\u00e5stadveien.<\/p>\n<p>Bane Nor melder ogs\u00e5 om hendelsen i en <a href=\"https:\/\/www.banenor.no\/reise-og-trafikk\/trafikkmeldinger\/\" rel=\"nofollow noopener\" target=\"_blank\">trafikkmelding<\/a>.<\/p>\n<p>\u2013 Forel\u00f8pig vet vi ikke hvor lang tid det vil ta, skriver Bane Nor.<\/p>\n<p>Like f\u00f8r klokka 15 melder VY at Vestfoldbanen er \u00e5pen igjen.<\/p>\n<p><b>\u2013 Larvik\u2013T\u00f8nsberg er \u00e5pen for togtrafikk igjen. Togene kj\u00f8rer, men det kan ta litt tid f\u00f8r de er i rute. Du m\u00e5 derfor regne med forsinkelser, og at enkelte avganger kan bli innstilt, opplyser VY.<\/b><\/p>\n","protected":false},"excerpt":{"rendered":"En person er p\u00e5kj\u00f8rt av et godstog, opplyser politiet ved 12.30-tiden mandag. \u2013 All togtrafikk i omr\u00e5det er&hellip;\n","protected":false},"author":2,"featured_media":42100,"comment_status":"","ping_status":"","sticky":false,"template":"","format":"standard","meta":{"footnotes":""},"categories":[5],"tags":[36,20,21,24,25,6618,15,19,22,23,17,18,13,30,28,29,14,16,1510,26,27,3936],"class_list":{"0":"post-42099","1":"post","2":"type-post","3":"status-publish","4":"format-standard","5":"has-post-thumbnail","7":"category-overskrifter","8":"tag-art","9":"tag-breaking-news","10":"tag-breakingnews","11":"tag-featured-news","12":"tag-featurednews","13":"tag-hasle","14":"tag-headlines","15":"tag-hovedoppslag","16":"tag-latest-news","17":"tag-latestnews","18":"tag-main-news","19":"tag-mainnews","20":"tag-news","21":"tag-no","22":"tag-norge","23":"tag-norway","24":"tag-nyheter","25":"tag-overskrifter","26":"tag-story","27":"tag-top-stories","28":"tag-topstories","29":"tag-vestfoldbanen"},"share_on_mastodon":{"url":"","error":""},"_links":{"self":[{"href":"https:\/\/www.europesays.com\/no\/wp-json\/wp\/v2\/posts\/42099","targetHints":{"allow":["GET"]}}],"collection":[{"href":"https:\/\/www.europesays.com\/no\/wp-json\/wp\/v2\/posts"}],"about":[{"href":"https:\/\/www.europesays.com\/no\/wp-json\/wp\/v2\/types\/post"}],"author":[{"embeddable":true,"href":"https:\/\/www.europesays.com\/no\/wp-json\/wp\/v2\/users\/2"}],"replies":[{"embeddable":true,"href":"https:\/\/www.europesays.com\/no\/wp-json\/wp\/v2\/comments?post=42099"}],"version-history":[{"count":0,"href":"https:\/\/www.europesays.com\/no\/wp-json\/wp\/v2\/posts\/42099\/revisions"}],"wp:featuredmedia":[{"embeddable":true,"href":"https:\/\/www.europesays.com\/no\/wp-json\/wp\/v2\/media\/42100"}],"wp:attachment":[{"href":"https:\/\/www.europesays.com\/no\/wp-json\/wp\/v2\/media?parent=42099"}],"wp:term":[{"taxonomy":"category","embeddable":true,"href":"https:\/\/www.europesays.com\/no\/wp-json\/wp\/v2\/categories?post=42099"},{"taxonomy":"post_tag","embeddable":true,"href":"https:\/\/www.europesays.com\/no\/wp-json\/wp\/v2\/tags?post=42099"}],"curies":[{"name":"wp","href":"https:\/\/api.w.org\/{rel}","templated":true}]}}