{"id":42105,"date":"2025-09-22T13:46:11","date_gmt":"2025-09-22T13:46:11","guid":{"rendered":"https:\/\/www.europesays.com\/no\/42105\/"},"modified":"2025-09-22T13:46:11","modified_gmt":"2025-09-22T13:46:11","slug":"oslo-gjeninnforer-laererspesialistene","status":"publish","type":"post","link":"https:\/\/www.europesays.com\/no\/42105\/","title":{"rendered":"Oslo gjeninnf\u00f8rer l\u00e6rerspesialistene"},"content":{"rendered":"\n<p class=\"_lead_ew2ao_2 _lead_xtcu6_50 layout-component text-serif-m layout-normal text-serif-l layout-component layout-wide layout-padded _wide_17hqh_1 layout-padded\">Oslo-byr\u00e5det gjeninnf\u00f8rer ordningen med egne l\u00e6rer\u00adspesialister. Ap\/Sp-regjeringen stoppet ordningen for tre \u00e5r siden.<\/p>\n<p><img alt=\"SMILER: Utdanningsbyr\u00e5d Julie Remen Midtgarden (H) og finansbyr\u00e5d Hallstein Bjercke (V) er forn\u00f8yde med gjeninnf\u00f8ringen av ordningen med l\u00e6rerspesialister. De blir fotografert av Midtgardens storvokste byr\u00e5dssekret\u00e6r, Hassan Nawas (H). Foto: Frank Ertesv\u00e5g \/ VG\" class=\"_image_qp4xg_65 layout-component layout-wide\" data-fullscreen- data-track-element-type=\"Article image fullscreen\" data-track-name=\"ImageFullscreen\" fetchpriority=\"high\" decoding=\"sync\" loading=\"eager\" height=\"3340\" itemprop=\"image\"  src=\"https:\/\/www.europesays.com\/no\/wp-content\/uploads\/2025\/09\/0e27d288-3874-4c39-b560-3ff96d83bece\"  style=\"object-position:0% 0%\" width=\"4138\"\/>SMILER: Utdanningsbyr\u00e5d Julie Remen Midtgarden (H) og finansbyr\u00e5d Hallstein Bjercke (V) er forn\u00f8yde med gjeninnf\u00f8ringen av ordningen med l\u00e6rerspesialister. De blir fotografert av Midtgardens storvokste byr\u00e5dssekret\u00e6r, Hassan Nawas (H). Foto: Frank Ertesv\u00e5g \/ VG<\/p>\n<ul aria-hidden=\"true\" class=\"_images_1y6fe_106\">\n<li><a class=\"_link_1y6fe_111\" href=\"https:\/\/www.vg.no\/forfatter\/frank-ertesvaag\" style=\"z-index:1\" title=\"Frank Ertesv\u00e5g\" rel=\"nofollow noopener\" target=\"_blank\"><img alt=\"Bilde av Frank Ertesv\u00e5g\" class=\"_image_1y6fe_88\" fetchpriority=\"low\" loading=\"lazy\" decoding=\"async\" itemprop=\"image\"  src=\"https:\/\/www.europesays.com\/no\/wp-content\/uploads\/2025\/09\/1758548768_540_77e9adab-9419-475b-b494-fe98c1a693d1\"  width=\"480\"\/><\/a><\/li>\n<\/ul>\n<p>Oslo r\u00e5dhus Oppdatert mandag 22. september kl. 15:21    <\/p>\n<ul class=\"_list_ew2ao_3 _list_64s2r_85 _unordered_ew2ao_99 text-sans-m\">\n<li class=\"_item_ew2ao_30\">Oslo-byr\u00e5det gjeninnf\u00f8rer ordningen med l\u00e6rerspesialister, som ble stoppet av Ap\/Sp-regjeringen for tre \u00e5r siden.<\/li>\n<li class=\"_item_ew2ao_30\">Utdanningsbyr\u00e5d Julie Remen Midtgarden (H) er optimistisk om \u00e5 starte med 18 spesialister.<\/li>\n<li class=\"_item_ew2ao_30\">Finansbyr\u00e5d Hallstein Bjercke (V) sier de har bevilget 4 millioner kroner i 2026-budsjettet.<\/li>\n<li class=\"_item_ew2ao_30\">Tidligere l\u00e6rerspesialister roser beslutningen og h\u00e5per p\u00e5 positiv utvikling for elevenes beste.<\/li>\n<\/ul>\n<p>Vis mer <\/p>\n<p class=\"_paragraph_ew2ao_4 _paragraph_xtcu6_10 layout-component text-serif-m layout-normal text-serif-m layout-padded\">\u2013 Det synes vi var veldig dumt, fordi vi i Oslo hadde 155 l\u00e6rer\u00adspesialisterl\u00e6rer\u00adspesialisterForm\u00e5let med l\u00e6rerspesialistordningen er \u00e5 bidra til at dyktige l\u00e6rere opplever gode faglige utviklingsmuligheter og \u00f8nsker \u00e5 fortsette \u00e5 undervise. Den skal ogs\u00e5 bidra til \u00e5 styrke det kollektive l\u00e6rerfellesskapet og til utvikling av skolen som l\u00e6rende organisasjon. i ulike fag, som jobbet veldig bra inn i skolen. S\u00e5 det har vi lyst til \u00e5 innf\u00f8re igjen, sier utdannings\u00adbyr\u00e5d Julie Remen Midtgarden (H) til VG.<\/p>\n<p class=\"_paragraph_ew2ao_4 _paragraph_xtcu6_10 layout-component text-serif-m layout-normal text-serif-m layout-padded\">Hun har sammen med finansbyr\u00e5d Hallstein Bjercke (V) f\u00e5tt inn 4 millioner kroner til 18 l\u00e6rerspesialister i 2026-budsjettet i Oslo.<\/p>\n<p class=\"_paragraph_ew2ao_4 _paragraph_xtcu6_10 layout-component text-serif-m layout-normal text-serif-m layout-padded\">Det skal v\u00e6re en start, og utgj\u00f8r knappe 12 prosent av antallet spesialister sist.<\/p>\n<p class=\"_paragraph_ew2ao_4 _paragraph_xtcu6_10 layout-component text-serif-m layout-normal text-serif-m layout-padded\">\u2013 Vi mener det er viktig \u00e5 ha l\u00e6rere som kan jobbe mer fordypet med et fagomr\u00e5de og bidra til kompetanseutviklingen i l\u00e6rerfellesskapet. De skal ogs\u00e5 bidra til elevenes l\u00e6ring, forventer Midtgarden.<\/p>\n<p><img alt=\"UTDANNINGSBYR\u00c5D: Julie Remen Midtgarden (H)  Foto: Frank Ertesv\u00e5g \/ VG\" class=\"_image_qp4xg_65 layout-component layout-normal\" data-fullscreen- data-track-element-type=\"Article image fullscreen\" data-track-name=\"ImageFullscreen\" decoding=\"async\" loading=\"lazy\" height=\"3329\" itemprop=\"image\"  src=\"https:\/\/www.europesays.com\/no\/wp-content\/uploads\/2025\/09\/260ddea8-3348-49a0-86f7-476d827a5758\"  style=\"object-position:0% 0%\" width=\"3716\"\/>UTDANNINGSBYR\u00c5D: Julie Remen Midtgarden (H)  Foto: Frank Ertesv\u00e5g \/ VG<\/p>\n<p class=\"_paragraph_ew2ao_4 _paragraph_xtcu6_10 layout-component text-serif-m layout-normal text-serif-m layout-padded\">Opplegget er at de 18 l\u00e6rerspesialistene skal knyttes opp mot fire til seks skoler hver \u2013 og bidra der.<\/p>\n<p class=\"_paragraph_ew2ao_4 _paragraph_xtcu6_10 layout-component text-serif-m layout-normal text-serif-m layout-padded\">\u2013 S\u00e5 dette er fortsatt et fors\u00f8k \u2013 som senere skal utvides?<\/p>\n<p class=\"_paragraph_ew2ao_4 _paragraph_xtcu6_10 layout-component text-serif-m layout-normal text-serif-m layout-padded\">\u2013 Ja, n\u00e5 m\u00e5 vi f\u00f8rst starte. Vi g\u00e5r i gang med 18 spesialister. Hvis det funker bra, s\u00e5 gj\u00f8r vi noe med dette videre. Og pengene som er bevilget \u2013 er ikke engangspenger, men varige midler som det er meningen, skal videref\u00f8res, sier finansbyr\u00e5d Hallstein Bjercke.<\/p>\n<p><img decoding=\"async\" alt=\"Bilde av Hallstein Bjercke (V)\" class=\"_image_ygndg_42\" height=\"53\" itemprop=\"image\" loading=\"lazy\"  src=\"https:\/\/www.europesays.com\/no\/wp-content\/uploads\/2025\/09\/45c3dafc-12b3-4d08-82eb-cb97270bce3a\"  width=\"40\"\/><strong class=\"_name_ygndg_51 title-serif-xs\">Hallstein Bjercke (V)<\/strong><\/p>\n<p class=\"_paragraph_ew2ao_4 text-sans-m _description_ygndg_56\">Finansbyr\u00e5d i Oslo kommune<\/p>\n<p class=\"_paragraph_ew2ao_4 _paragraph_xtcu6_10 layout-component text-serif-m layout-normal text-serif-m layout-padded\">Begge har hatt <a href=\"https:\/\/www.vg.no\/nyheter\/i\/0KwvL0\/regjeringen-superlaerere-blir-permanent-ordning\" data-track-element-type=\"Link\" data-track-id=\"link:0KwvL0\" class=\"_link_ew2ao_39\" rel=\"nofollow noopener\" target=\"_blank\">kunnskapsministre<\/a> fra egne partier som har innf\u00f8rt- og videref\u00f8rt ordningen p\u00e5 landsbasis. <\/p>\n<p class=\"_paragraph_ew2ao_4 _paragraph_xtcu6_10 layout-component text-serif-m layout-normal text-serif-m layout-padded\">De tidligere l\u00e6rerspesialistenen Lene Haga Skarnes i Osloskolen og Jane Helen Pr\u00f8ven Gregersen p\u00e5 Lillehammer \u2013 er fortsatt undrende til at ordningen ble lagt ned.<\/p>\n<p class=\"_paragraph_ew2ao_4 _paragraph_xtcu6_10 layout-component text-serif-m layout-normal text-serif-m layout-padded\">\u2013 Det er bra at oslobyr\u00e5det n\u00e5 gjeninnf\u00f8rer ordningen. Det gir l\u00e6rerne og skolene bedre mulighet til \u00e5 jobbe med utvikling til beste for elevene, sier Skarnes til VG.<\/p>\n<p><img alt=\"FORDYPNING: L\u00e6rerspesialister hadde egne utdanningsl\u00f8p, for eksempel ved Oslo Met \u2013 f\u00f8r ordningen ble nedlagt. ILLUSTRASJONSFOTO   Foto: Gorm Kallestad \/ NTB\" class=\"_image_qp4xg_65 layout-component layout-normal\" data-fullscreen- data-track-element-type=\"Article image fullscreen\" data-track-name=\"ImageFullscreen\" decoding=\"async\" loading=\"lazy\" height=\"3832\" itemprop=\"image\"  src=\"https:\/\/www.europesays.com\/no\/wp-content\/uploads\/2025\/09\/d819fd6d-9c26-4600-9039-08a4163a1311\"  style=\"object-position:0% 0%\" width=\"5748\"\/>FORDYPNING: L\u00e6rerspesialister hadde egne utdanningsl\u00f8p, for eksempel ved Oslo Met \u2013 f\u00f8r ordningen ble nedlagt. ILLUSTRASJONSFOTO   Foto: Gorm Kallestad \/ NTB<\/p>\n<p class=\"_paragraph_ew2ao_4 _paragraph_xtcu6_10 layout-component text-serif-m layout-normal text-serif-m layout-padded\">Gregersen, som n\u00e5 er kontaktl\u00e6rer, er enig.<\/p>\n<p class=\"_paragraph_ew2ao_4 _paragraph_xtcu6_10 layout-component text-serif-m layout-normal text-serif-m layout-padded\">\u2013 Slik ordningen var her p\u00e5 Lillehammer, s\u00e5 fungerte det veldig fint. Det var derfor dumt at den ble lagt ned. Lillehammer kommune var med p\u00e5 piloteringen, s\u00e5 vi hadde et nettverk av l\u00e6rerspesialister som m\u00f8ttes, sier Gregersen.<\/p>\n<p class=\"_paragraph_ew2ao_4 _paragraph_xtcu6_10 layout-component text-serif-m layout-normal text-serif-m layout-padded\">Hun mistet et \u00e5rlig l\u00f8nnstillegg som spesialist da ordningen ble avviklet. Hun brenner for begynneroppl\u00e6ring, og gikk inn for \u00e5 fordype seg i dette p\u00e5 Oslo Mets eget studietilbud for l\u00e6rerspesialistordningen.<\/p>\n<p>H\u00f8yre-initiativ<\/p>\n<p class=\"_paragraph_ew2ao_4 _paragraph_xtcu6_10 layout-component text-serif-m layout-normal text-serif-m layout-padded\">Erna Solberg og H\u00f8yre brukte deler av valgkampen til \u00e5 fortelle at alle skoler burde ha tilgang til en l\u00e6rerspesialist i begynneroppl\u00e6ringen.<\/p>\n<p class=\"_paragraph_ew2ao_4 _paragraph_xtcu6_10 layout-component text-serif-m layout-normal text-serif-m layout-padded\">Partiet har lenge vektlagt ogs\u00e5 at l\u00e6rere burde ha mulighet til karriereutvikling i klasserommet \u2013 som et mer l\u00e6rerfaglig alternativ til en tradisjonell karrierevei som mellomleder i skolen.<\/p>\n<p class=\"_paragraph_ew2ao_4 _paragraph_xtcu6_10 layout-component text-serif-m layout-normal text-serif-m layout-padded\">\u2013 Er ikke det viktigste \u00e5 f\u00e5 p\u00e5 plass nok l\u00e6rere, barnehagel\u00e6rere og spesialpedagoger ogs\u00e5 i osloskolen?<\/p>\n<p class=\"_paragraph_ew2ao_4 _paragraph_xtcu6_10 layout-component text-serif-m layout-normal text-serif-m layout-padded\">\u2013 Jo, men det jobber vi ogs\u00e5 med. Vi kan gj\u00f8re begge deler. \u00c5 rekruttere l\u00e6rere er kjempeviktig. Men ogs\u00e5 det \u00e5 ha ulike karriereveier for l\u00e6rerne, beskriver byr\u00e5dsduoen i r\u00e5dhuset.<\/p>\n<p><img alt=\"BYR\u00c5DER: Hallstein Bjercke (V) og Julie Remen Midtgarden (H) foran maktens t\u00e5rn i Oslo.  Foto: Frank Ertesv\u00e5g \/ VG\" class=\"_image_qp4xg_65 layout-component layout-normal\" data-fullscreen- data-track-element-type=\"Article image fullscreen\" data-track-name=\"ImageFullscreen\" decoding=\"async\" loading=\"lazy\" height=\"4708\" itemprop=\"image\"  src=\"https:\/\/www.europesays.com\/no\/wp-content\/uploads\/2025\/09\/493846e9-5b8b-4d74-ad28-cab6411b5194\"  style=\"object-position:0% 0%\" width=\"4284\"\/>BYR\u00c5DER: Hallstein Bjercke (V) og Julie Remen Midtgarden (H) foran maktens t\u00e5rn i Oslo.  Foto: Frank Ertesv\u00e5g \/ VG<\/p>\n<p class=\"_paragraph_ew2ao_4 _paragraph_xtcu6_10 layout-component text-serif-m layout-normal text-serif-m layout-padded\">De forteller at den st\u00f8rste utfordringen i Oslo ikke er \u00e5 rekruttere l\u00e6rere. Men \u00e5 beholde l\u00e6rere over tid.<\/p>\n<p class=\"_paragraph_ew2ao_4 _paragraph_xtcu6_10 layout-component text-serif-m layout-normal text-serif-m layout-padded\">I tiden fremover vil de s\u00f8ke samarbeid med l\u00e6rerorganisasjonene om ordningen og lyse ut stillingene. L\u00e6rerspesialistene f\u00e5r et l\u00f8nnstillegg som enn\u00e5 ikke er fastsatt.<\/p>\n<p class=\"_paragraph_ew2ao_4 _paragraph_xtcu6_10 layout-component text-serif-m layout-normal text-serif-m layout-padded\">Ved innf\u00f8ringen p\u00e5 landsplan for ti \u00e5r siden, var tillegget p\u00e5 n\u00e6rmere 50.000 kroner i \u00e5ret.<\/p>\n","protected":false},"excerpt":{"rendered":"Oslo-byr\u00e5det gjeninnf\u00f8rer ordningen med egne l\u00e6rer\u00adspesialister. Ap\/Sp-regjeringen stoppet ordningen for tre \u00e5r siden. SMILER: Utdanningsbyr\u00e5d Julie Remen Midtgarden&hellip;\n","protected":false},"author":2,"featured_media":42106,"comment_status":"","ping_status":"","sticky":false,"template":"","format":"standard","meta":{"footnotes":""},"categories":[10],"tags":[20,21,24,25,15,22,23,3063,13,30,28,29,14,2208,4500,16,805,26,27,1995],"class_list":{"0":"post-42105","1":"post","2":"type-post","3":"status-publish","4":"format-standard","5":"has-post-thumbnail","7":"category-norge","8":"tag-breaking-news","9":"tag-breakingnews","10":"tag-featured-news","11":"tag-featurednews","12":"tag-headlines","13":"tag-latest-news","14":"tag-latestnews","15":"tag-laerere","16":"tag-news","17":"tag-no","18":"tag-norge","19":"tag-norway","20":"tag-nyheter","21":"tag-oppvekst","22":"tag-oslo-kommune","23":"tag-overskrifter","24":"tag-skole-og-utdanning","25":"tag-top-stories","26":"tag-topstories","27":"tag-vghelseoglivet"},"share_on_mastodon":{"url":"","error":""},"_links":{"self":[{"href":"https:\/\/www.europesays.com\/no\/wp-json\/wp\/v2\/posts\/42105","targetHints":{"allow":["GET"]}}],"collection":[{"href":"https:\/\/www.europesays.com\/no\/wp-json\/wp\/v2\/posts"}],"about":[{"href":"https:\/\/www.europesays.com\/no\/wp-json\/wp\/v2\/types\/post"}],"author":[{"embeddable":true,"href":"https:\/\/www.europesays.com\/no\/wp-json\/wp\/v2\/users\/2"}],"replies":[{"embeddable":true,"href":"https:\/\/www.europesays.com\/no\/wp-json\/wp\/v2\/comments?post=42105"}],"version-history":[{"count":0,"href":"https:\/\/www.europesays.com\/no\/wp-json\/wp\/v2\/posts\/42105\/revisions"}],"wp:featuredmedia":[{"embeddable":true,"href":"https:\/\/www.europesays.com\/no\/wp-json\/wp\/v2\/media\/42106"}],"wp:attachment":[{"href":"https:\/\/www.europesays.com\/no\/wp-json\/wp\/v2\/media?parent=42105"}],"wp:term":[{"taxonomy":"category","embeddable":true,"href":"https:\/\/www.europesays.com\/no\/wp-json\/wp\/v2\/categories?post=42105"},{"taxonomy":"post_tag","embeddable":true,"href":"https:\/\/www.europesays.com\/no\/wp-json\/wp\/v2\/tags?post=42105"}],"curies":[{"name":"wp","href":"https:\/\/api.w.org\/{rel}","templated":true}]}}