{"id":42107,"date":"2025-09-22T13:47:08","date_gmt":"2025-09-22T13:47:08","guid":{"rendered":"https:\/\/www.europesays.com\/no\/42107\/"},"modified":"2025-09-22T13:47:08","modified_gmt":"2025-09-22T13:47:08","slug":"donald-trump-utnytter-drapet-pa-charlie-kirk","status":"publish","type":"post","link":"https:\/\/www.europesays.com\/no\/42107\/","title":{"rendered":"\u2013 Donald Trump utnytter drapet p\u00e5 Charlie Kirk"},"content":{"rendered":"<p class=\"extendedContent hyperion-css-67x533\" data-test-tag=\"lead-text\">Norsk USA-dekning er s\u00e5 rar at NRK sende direkte fr\u00e5 eit h\u00f8grenasjonalistisk valm\u00f8te.<\/p>\n<p><img decoding=\"async\" class=\"image-asset hyperion-css-u06ts1\" data-test-tag=\"image-asset\" src=\"https:\/\/www.europesays.com\/no\/wp-content\/uploads\/2025\/09\/f9b4947d-183b-42bf-b021-31dbe9494b4d\"  alt=\"Donald Trump og Erika Kirk var sentrale i minnestunda til drepne Charlie Kirk s\u00f8ndag.\"  loading=\"eager\" fetchpriority=\"high\" style=\"aspect-ratio:1900 \/ 1267\"\/>Donald Trump og Erika Kirk var sentrale i minnestunda til drepne Charlie Kirk s\u00f8ndag. Foto: Daniel Cole \/ Reuters \/ NTBPublisert: Publisert: <\/p>\n<p>For mindre enn 20 minutter siden<\/p>\n<p class=\"paywall hyperion-css-zwo8lj\">I ei fleire timar lang direktesending, fekk norske TV-sj\u00e5arar f\u00f8lgje minnestunda til Charlie Kirk p\u00e5 NRK. <\/p>\n<p class=\"paywall hyperion-css-zwo8lj\">Logoen til Kirks organisasjon Turning Point USA var klistra i hj\u00f8rnet. NRK skriv p\u00e5 sine nettsider at dei viste minnestunda fordi <a aria-label=\"Kirk spelte ei s\u00e5 stor rolle i amerikansk politikk\" class=\"kommentar hyperion-css-1raymq9\" href=\"https:\/\/www.nrk.no\/urix\/erika-kirk-tilgjev-gjerningspersonen-som-drap-charlie-kirk-1.17579501\" rel=\"noopener nofollow noreferrer\" data-test-tag=\"external-link\" target=\"_blank\">Kirk spelte ei s\u00e5 stor rolle i amerikansk politikk<\/a>. <\/p>\n<p class=\"paywall hyperion-css-zwo8lj\">Sendinga viser kor absurd norsk dekning av USA er. Det hastar tydelegvis s\u00e5 mykje \u00e5 f\u00e5 denne sentrale hendinga ut til folk, at det forsvarer \u00e5 publisere ufiltrert h\u00f8grenasjonalisme.<\/p>\n<p class=\"hyperion-css-1qm9e9t\">Les hele saken med abonnement<\/p>\n<p>Allerede abonnent? Logg inn<\/p>\n","protected":false},"excerpt":{"rendered":"Norsk USA-dekning er s\u00e5 rar at NRK sende direkte fr\u00e5 eit h\u00f8grenasjonalistisk valm\u00f8te. Donald Trump og Erika Kirk&hellip;\n","protected":false},"author":2,"featured_media":42108,"comment_status":"","ping_status":"","sticky":false,"template":"","format":"standard","meta":{"footnotes":""},"categories":[5],"tags":[20,21,24,25,15,19,22,23,17,18,13,30,28,29,14,16,26,27],"class_list":{"0":"post-42107","1":"post","2":"type-post","3":"status-publish","4":"format-standard","5":"has-post-thumbnail","7":"category-overskrifter","8":"tag-breaking-news","9":"tag-breakingnews","10":"tag-featured-news","11":"tag-featurednews","12":"tag-headlines","13":"tag-hovedoppslag","14":"tag-latest-news","15":"tag-latestnews","16":"tag-main-news","17":"tag-mainnews","18":"tag-news","19":"tag-no","20":"tag-norge","21":"tag-norway","22":"tag-nyheter","23":"tag-overskrifter","24":"tag-top-stories","25":"tag-topstories"},"share_on_mastodon":{"url":"","error":""},"_links":{"self":[{"href":"https:\/\/www.europesays.com\/no\/wp-json\/wp\/v2\/posts\/42107","targetHints":{"allow":["GET"]}}],"collection":[{"href":"https:\/\/www.europesays.com\/no\/wp-json\/wp\/v2\/posts"}],"about":[{"href":"https:\/\/www.europesays.com\/no\/wp-json\/wp\/v2\/types\/post"}],"author":[{"embeddable":true,"href":"https:\/\/www.europesays.com\/no\/wp-json\/wp\/v2\/users\/2"}],"replies":[{"embeddable":true,"href":"https:\/\/www.europesays.com\/no\/wp-json\/wp\/v2\/comments?post=42107"}],"version-history":[{"count":0,"href":"https:\/\/www.europesays.com\/no\/wp-json\/wp\/v2\/posts\/42107\/revisions"}],"wp:featuredmedia":[{"embeddable":true,"href":"https:\/\/www.europesays.com\/no\/wp-json\/wp\/v2\/media\/42108"}],"wp:attachment":[{"href":"https:\/\/www.europesays.com\/no\/wp-json\/wp\/v2\/media?parent=42107"}],"wp:term":[{"taxonomy":"category","embeddable":true,"href":"https:\/\/www.europesays.com\/no\/wp-json\/wp\/v2\/categories?post=42107"},{"taxonomy":"post_tag","embeddable":true,"href":"https:\/\/www.europesays.com\/no\/wp-json\/wp\/v2\/tags?post=42107"}],"curies":[{"name":"wp","href":"https:\/\/api.w.org\/{rel}","templated":true}]}}