{"id":42123,"date":"2025-09-22T14:10:14","date_gmt":"2025-09-22T14:10:14","guid":{"rendered":"https:\/\/www.europesays.com\/no\/42123\/"},"modified":"2025-09-22T14:10:14","modified_gmt":"2025-09-22T14:10:14","slug":"voksne-er-helt-besatt-fvn-no","status":"publish","type":"post","link":"https:\/\/www.europesays.com\/no\/42123\/","title":{"rendered":"Voksne er helt besatt &#8211; fvn.no"},"content":{"rendered":"<p>Jeg mener at frav\u00e6rsgrensen enten\u00a0burde bli\u00a0tatt helt vekk eller\u00a0at prosentdelen burde bli h\u00f8yere.\u00a0Man m\u00e5 f\u00f8rst\u00a0melde inn egenmelding som er opp til 10%,\u00a0deretter m\u00e5 man legeerkl\u00e6ring\u00a0som ogs\u00e5 g\u00e5r opp til 10%.\u00a0Jeg selv har allerede\u00a05,23% frav\u00e6r i gym og jeg har bare g\u00e5tt glipp av to timer.\u00a0Dette er urettferdig fordi n\u00e5 kan jeg ikke v\u00e6re borte noen flere gymtimer.<\/p>\n<p>  De nye frav\u00e6rsreglene Vis mer \u2193 <\/p>\n<p>Frav\u00e6rsgrensen er en regel i videreg\u00e5ende skole som bestemmer at elever som har mer enn\u00a010 %\u00a0udokumentert frav\u00e6r i et fag som hovedregel ikke f\u00e5r karakter i faget.\u00a0Endringer i reglene fra 1. august 2025 betyr at elever selv skal melde fra om sykdomsfrav\u00e6r opp til 10 %, og deretter kreves dokumentasjon fra helsepersonell.\u00a0Frav\u00e6ret gjelder per fag og ikke totalt for skolen, og gitte \u00e5rsaker til frav\u00e6r som sykdom, velferds\u00e5rsaker eller trossamfunnsdager kan unntas ved dokumentasjon.<\/p>\n<p>Kilde: Store Norske Leksikon<\/p>\n<p>P\u00e5 videreg\u00e5ende s\u00e5 har man nesten bare dobbeltimer som gj\u00f8r at det blir mye enklere \u00e5 f\u00e5 mye frav\u00e6r. Hvis man har to timer av et fag hver uke s\u00e5 f\u00e5r man automatisk mye mer frav\u00e6r enn hvis man har fire timer av et fag. Hvis man har kj\u00f8retimer s\u00e5 kan dette bli et stort problem. Man f\u00e5r mye frav\u00e6r\u00a0fra noen man m\u00e5 gjennomf\u00f8re. Dette\u00a0gjelder mest for dem som skal ta lappen p\u00e5 moped.<\/p>\n<p>De voksne sier at vi har frav\u00e6rsgrensen\u00a0for \u00e5 forberede oss for\u00a0jobben v\u00e5r i fremtiden. Dette mener jeg at ikke stemmer.\u00a0Man blir syk og da skal man holde seg hjemme. Hvis\u00a0man bare er litt snufsen s\u00e5 kan man g\u00e5 p\u00e5 b\u00e5de jobb\u00a0og\u00a0skole.\u00a0N\u00e5r\u00a0man f\u00e5r feber\u00a0s\u00e5 m\u00e5 man fortsatt\u00a0komme p\u00e5 skolen, men de voksne kan v\u00e6re hjemme.<\/p>\n<p>Dette er ikke rettferdig. Vi unge\u00a0blir l\u00e6rt at vi m\u00e5 m\u00f8te opp nesten uansett hvor syk man er, mens de voksne\u00a0pleier som regel \u00e5 bare v\u00e6re hjemme. De voksnne f\u00e5r av og til ikke betalt n\u00e5r de velger \u00e5 v\u00e6re hjemme, men de slipper\u00a0\u00e5 tenke p\u00e5\u00a0jobb,\u00a0mens vi f\u00e5r frav\u00e6r, lekser og\u00a0oppgaver\u00a0som\u00a0vi m\u00e5 fullf\u00f8re\u00a0og vi f\u00e5r ikke lov til \u00e5 klage.<\/p>\n<p>Det er\u00a0mange andre unge som mener det samme.\u00a0Det\u00a0skal v\u00e6re mulig \u00e5 v\u00e6re hjemme n\u00e5r man er syk.\u00a0Enten s\u00e5 m\u00e5 vi fjerne frav\u00e6rsgrensen \u00e5 bare ha det\u00a0systemet\u00a0vi brukte p\u00e5 ungdomsskolen\u00a0eller s\u00e5 m\u00e5 de \u00f8ke i prosentene. Men\u00a0frav\u00e6rsgrensen kommer aldri til \u00e5 forsvinne. De voksne er helt besatt av at vi m\u00e5 beholde den og jeg f\u00f8ler at de kommer bare med nye argumenter hver\u00a0dag.<\/p>\n<p>  Delta i v\u00e5r debattkonkurranse! Vis mer \u2193 <\/p>\n<p>Slik funker konkurransen:<\/p>\n<ol class=\"List\">\n<li>\n<p>Skriv et debattinnlegg.<\/p>\n<\/li>\n<li>\n<p>Send innlegget p\u00e5 mail til ung@fvn.no.<\/p>\n<\/li>\n<li>\n<p>Hver m\u00e5ned velger vi \u00e9n vinner.<\/p>\n<\/li>\n<\/ol>\n<p>Vi publiserer innleggene fortl\u00f8pende, og trekker hver m\u00e5ned ut den teksten som utmerker seg mest.<\/p>\n<p>Det er ingen krav om tema, men de debattinnleggene som leses mest handler ofte om lokale saker eller personlige historier. <strong>Du kan delta til og med du er 20 \u00e5r.<\/strong> Les mer om hvordan du skriver et godt debattinnlegg <a href=\"https:\/\/www.fvn.no\/mening\/debatt\/i\/pWOAgj\/slik-skriver-du-et-godt-meningsinnlegg\" rel=\"noopener nofollow\" target=\"_blank\">her.<\/a><\/p>\n<p><strong>Vinnerne hver m\u00e5ned f\u00e5r utdelt et gavekort p\u00e5 1000 kroner.<\/strong><\/p>\n","protected":false},"excerpt":{"rendered":"Jeg mener at frav\u00e6rsgrensen enten\u00a0burde bli\u00a0tatt helt vekk eller\u00a0at prosentdelen burde bli h\u00f8yere.\u00a0Man m\u00e5 f\u00f8rst\u00a0melde inn egenmelding som&hellip;\n","protected":false},"author":2,"featured_media":42124,"comment_status":"","ping_status":"","sticky":false,"template":"","format":"standard","meta":{"footnotes":""},"categories":[5],"tags":[20,21,6620,24,25,15,19,22,23,17,18,13,30,28,29,14,16,26,27],"class_list":{"0":"post-42123","1":"post","2":"type-post","3":"status-publish","4":"format-standard","5":"has-post-thumbnail","7":"category-overskrifter","8":"tag-breaking-news","9":"tag-breakingnews","10":"tag-debattinnlegg-ung","11":"tag-featured-news","12":"tag-featurednews","13":"tag-headlines","14":"tag-hovedoppslag","15":"tag-latest-news","16":"tag-latestnews","17":"tag-main-news","18":"tag-mainnews","19":"tag-news","20":"tag-no","21":"tag-norge","22":"tag-norway","23":"tag-nyheter","24":"tag-overskrifter","25":"tag-top-stories","26":"tag-topstories"},"share_on_mastodon":{"url":"","error":""},"_links":{"self":[{"href":"https:\/\/www.europesays.com\/no\/wp-json\/wp\/v2\/posts\/42123","targetHints":{"allow":["GET"]}}],"collection":[{"href":"https:\/\/www.europesays.com\/no\/wp-json\/wp\/v2\/posts"}],"about":[{"href":"https:\/\/www.europesays.com\/no\/wp-json\/wp\/v2\/types\/post"}],"author":[{"embeddable":true,"href":"https:\/\/www.europesays.com\/no\/wp-json\/wp\/v2\/users\/2"}],"replies":[{"embeddable":true,"href":"https:\/\/www.europesays.com\/no\/wp-json\/wp\/v2\/comments?post=42123"}],"version-history":[{"count":0,"href":"https:\/\/www.europesays.com\/no\/wp-json\/wp\/v2\/posts\/42123\/revisions"}],"wp:featuredmedia":[{"embeddable":true,"href":"https:\/\/www.europesays.com\/no\/wp-json\/wp\/v2\/media\/42124"}],"wp:attachment":[{"href":"https:\/\/www.europesays.com\/no\/wp-json\/wp\/v2\/media?parent=42123"}],"wp:term":[{"taxonomy":"category","embeddable":true,"href":"https:\/\/www.europesays.com\/no\/wp-json\/wp\/v2\/categories?post=42123"},{"taxonomy":"post_tag","embeddable":true,"href":"https:\/\/www.europesays.com\/no\/wp-json\/wp\/v2\/tags?post=42123"}],"curies":[{"name":"wp","href":"https:\/\/api.w.org\/{rel}","templated":true}]}}