{"id":42125,"date":"2025-09-22T14:13:06","date_gmt":"2025-09-22T14:13:06","guid":{"rendered":"https:\/\/www.europesays.com\/no\/42125\/"},"modified":"2025-09-22T14:13:06","modified_gmt":"2025-09-22T14:13:06","slug":"dette-er-lenge-ventet-gode-nyheter-for-disse-samsung-eierne","status":"publish","type":"post","link":"https:\/\/www.europesays.com\/no\/42125\/","title":{"rendered":"Dette er lenge ventet: Gode nyheter for disse Samsung-eierne"},"content":{"rendered":"<p>Samsung har startet utrullingen av One UI 8, den st\u00f8rste oppdateringen til selskapets Android 16-baserte system til n\u00e5. <\/p>\n<p>Den nye versjonen gir et mer moderne design, bedre ytelse og flere funksjoner drevet av kunstig intelligens, som skal gj\u00f8re opplevelsen b\u00e5de raskere og mer brukervennlig. <\/p>\n<p>I l\u00f8pet av de neste m\u00e5nedene vil s\u00e5 mange som 50 ulike modeller av b\u00e5de mobiler og nettbrett f\u00e5 oppdateringen.<\/p>\n<p>Det skriver mediet <a href=\"https:\/\/www.infobae.com\/tecno\/2025\/09\/17\/estos-son-los-dispositivos-samsung-galaxy-que-recibiran-one-ui-8\/?outputType=amp-type\" target=\"_blank\" rel=\"noopener nofollow\">infobae<\/a>.<\/p>\n<p>F\u00f8rst i rekken<\/p>\n<p>De f\u00f8rste enhetene som f\u00e5r One UI 8, er Galaxy S25-serien, som best\u00e5r av Galaxy S25 Ultra, S25+, S25 og S25 Edge. <\/p>\n<p>Deretter f\u00f8lger Galaxy S24-familien samt de nyeste brettbare modellene, inkludert Galaxy Z Fold6 og Z Flip6. <\/p>\n<p>Oppdateringen kommer ogs\u00e5 til tidligere toppmodeller som Galaxy S23- og S22-serien, i tillegg til Galaxy S21 FE.<\/p>\n<p>Ogs\u00e5 gode nyheter for A-serien<\/p>\n<p>Det er ikke bare de dyreste telefonene som oppdateres. Flere modeller i Galaxy A-serien st\u00e5r ogs\u00e5 p\u00e5 listen, blant annet A73, A55, A35 og helt ned til A15 og A06.<\/p>\n<p>Dermed f\u00e5r ogs\u00e5 eiere av de rimeligere modellene tilgang til de nye funksjonene.<\/p>\n<p>Nettbrett er inkludert<\/p>\n<p>Oppdateringen gjelder ogs\u00e5 Samsungs nettbrett. Fra den nyeste Galaxy Tab S10 Ultra til Tab S8-serien vil de mest popul\u00e6re modellene bli oppdatert. <\/p>\n<p>Det gir en mer helhetlig opplevelse p\u00e5 tvers av Samsungs \u00f8kosystem.<\/p>\n<p>Nye funksjoner og forbedringer<\/p>\n<p>One UI 8 introduserer blant annet Audio Eraser, som kan fjerne bakgrunnsst\u00f8y fra lydopptak, samt en ny multitasking-l\u00f8sning hvor skjermen kan deles 90:10. <\/p>\n<p>I tillegg kommer Now Bar, som gir varsler i sanntid, og en mer responsiv brukerflate som gj\u00f8r det enklere \u00e5 bytte mellom apper og funksjoner.<\/p>\n<p>Styrker Android-universet<\/p>\n<p>Samsung understreker at utrullingen denne gangen skjer b\u00e5de raskere og mer omfattende enn f\u00f8r. <\/p>\n<p>M\u00e5let er \u00e5 gi brukerne en mer moderne og s\u00f8ml\u00f8s opplevelse p\u00e5 tvers av enheter. <\/p>\n<p>Med One UI 8 styrker selskapet posisjonen sin i Android-universet, samtidig som Galaxy-eierne f\u00e5r de etterlengtede forbedringene de har ventet p\u00e5.<\/p>\n","protected":false},"excerpt":{"rendered":"Samsung har startet utrullingen av One UI 8, den st\u00f8rste oppdateringen til selskapets Android 16-baserte system til n\u00e5.&hellip;\n","protected":false},"author":2,"featured_media":42126,"comment_status":"","ping_status":"","sticky":false,"template":"","format":"standard","meta":{"footnotes":""},"categories":[57],"tags":[30,28,29,65,63,64,66,70,69,67,68],"class_list":{"0":"post-42125","1":"post","2":"type-post","3":"status-publish","4":"format-standard","5":"has-post-thumbnail","7":"category-vitenskap-og-teknologi","8":"tag-no","9":"tag-norge","10":"tag-norway","11":"tag-science","12":"tag-science-and-technology","13":"tag-scienceandtechnology","14":"tag-technology","15":"tag-teknologi","16":"tag-vitenskap","17":"tag-vitenskap-og-teknologi","18":"tag-vitenskapteknologi"},"share_on_mastodon":{"url":"","error":""},"_links":{"self":[{"href":"https:\/\/www.europesays.com\/no\/wp-json\/wp\/v2\/posts\/42125","targetHints":{"allow":["GET"]}}],"collection":[{"href":"https:\/\/www.europesays.com\/no\/wp-json\/wp\/v2\/posts"}],"about":[{"href":"https:\/\/www.europesays.com\/no\/wp-json\/wp\/v2\/types\/post"}],"author":[{"embeddable":true,"href":"https:\/\/www.europesays.com\/no\/wp-json\/wp\/v2\/users\/2"}],"replies":[{"embeddable":true,"href":"https:\/\/www.europesays.com\/no\/wp-json\/wp\/v2\/comments?post=42125"}],"version-history":[{"count":0,"href":"https:\/\/www.europesays.com\/no\/wp-json\/wp\/v2\/posts\/42125\/revisions"}],"wp:featuredmedia":[{"embeddable":true,"href":"https:\/\/www.europesays.com\/no\/wp-json\/wp\/v2\/media\/42126"}],"wp:attachment":[{"href":"https:\/\/www.europesays.com\/no\/wp-json\/wp\/v2\/media?parent=42125"}],"wp:term":[{"taxonomy":"category","embeddable":true,"href":"https:\/\/www.europesays.com\/no\/wp-json\/wp\/v2\/categories?post=42125"},{"taxonomy":"post_tag","embeddable":true,"href":"https:\/\/www.europesays.com\/no\/wp-json\/wp\/v2\/tags?post=42125"}],"curies":[{"name":"wp","href":"https:\/\/api.w.org\/{rel}","templated":true}]}}