{"id":42127,"date":"2025-09-22T14:15:07","date_gmt":"2025-09-22T14:15:07","guid":{"rendered":"https:\/\/www.europesays.com\/no\/42127\/"},"modified":"2025-09-22T14:15:07","modified_gmt":"2025-09-22T14:15:07","slug":"gro-harlem-brundtland-talte-pa-fns-80-arsjubileum-nrk-urix-utenriksnyheter-og-dokumentarer","status":"publish","type":"post","link":"https:\/\/www.europesays.com\/no\/42127\/","title":{"rendered":"Gro Harlem Brundtland talte p\u00e5 FNs 80-\u00e5rs\u00adjubileum \u2013 NRK Urix \u2013 Utenriksnyheter og -dokumentarer"},"content":{"rendered":"<p>\u2013 Eg har levd lenger enn dei fleste av dykk, og eg har sett skilnaden som FN utgjer, seier 86 \u00e5r gamle Brundtland fr\u00e5 talarstolen i FNs hovudkvarter i New York.<\/p>\n<p><strong>\u2013 Eg har sett opp- og nedturane, og har ingen tolmod med dei som pr\u00f8ver \u00e5 seie at FN no er utdatert.<\/strong><\/p>\n<p>Den tidlegare statsministeren talte p\u00e5 opninga av 80-\u00e5rsmarkeringa for FN.<\/p>\n<p><img decoding=\"async\"   src=\"data:image\/gif;base64,R0lGODlhAQABAIAAAAAAAP\/\/\/yH5BAEAAAAALAAAAAABAAEAAAIBRAA7\" loading=\"eager\" alt=\"Jonas Gahr St\u00f8re og Gro Harlem Brundtland g\u00e5r nedover gata i New York\" title=\"Foto: Pontus H\u00f6\u00f6k \/ NTB\"\/><\/p>\n<p class=\"\">Noverande og tidlegare statsminister i New York.<\/p>\n<p>Foto: Pontus H\u00f6\u00f6k \/ NTB<\/p>\n<p>Ho starta talen med \u00e5 fortelje om korleis ho vaks opp i eit Europa der grusomheitene fr\u00e5 andre verdskrigen var godt synlege.<\/p>\n<p><strong>\u2013 Det var med dette bakteppet at FN blei grunnlagd. Ikkje som eit symbol, men som eit l\u00f8fte, seier ho.<\/strong><\/p>\n<p>\u2013 Eit l\u00f8fte om \u00e5 utstyre menneskeheita med juridiske og diplomatiske verkt\u00f8y for \u00e5 hindre erobringar og dominans. Eit l\u00f8fte om eit bolverk mot totalitarianisme, rasisme og undertrykking.<\/p>\n<p>Gro Harlem Brundtland (1939)<\/p>\n<ul>\n<li>Lege og tidlegare politikar for Arbeidarpartiet.<\/li>\n<li>Brundtland blei Noregs f\u00f8rste kvinnelege statsminister, og sat i tre periodar: 1981, 1986-1989 og 1990-1996.<\/li>\n<li>Blei internasjonalt kjend som leiar av FN sin verdskommisjon for milj\u00f8 og utvikling (Brundtland-kommisjonen) som i 1987 la fram rapporten V\u00e5r felles framtid.<\/li>\n<li>Rapporten innf\u00f8rte omgrepet \u00abberekraftig utvikling\u00bb og knytte milj\u00f8, utvikling og menneskerettar saman.<\/li>\n<li>Fr\u00e5 1998 til 2003 har ho generaldirekt\u00f8r i Verdas helseorganisasjon (WHO).<\/li>\n<\/ul>\n<p>Eit langt liv<\/p>\n<p>Brundtland utdjupar fleire av dei historiske opp- og nedturane i FN.<\/p>\n<p>Under FNs kvinne\u00e5r i 1975 hadde ho akkurat kome inn i regjering i Noreg.<\/p>\n<p>\u2013 Mange av dei mannlege kollegaane mine visste knapt korleis dei skulle handtere meg. Men i 1979 kom FN-konvensjonen om \u00e5 eliminere alle former for kj\u00f8nnsdiskriminering, og i 1981 blei eg statsminister, seier ho.<\/p>\n<p>    \u2190<\/p>\n<ul data-scroll-container=\"\" role=\"list\" aria-label=\"Bildegalleri\">\n<li><img alt=\"Gro Harlem Brundtland sitter p\u00e5 et talepodium blant tre menn\"  width=\"3840\" height=\"2589\" loading=\"lazy\"\/>\n<p>Dav\u00e6rende statsminister Gro Harlem Brundtland ledet Brundtland-kommisjonen for milj\u00f8 og utvikling i FN. Her presenterer hun rapporten \u00abV\u00e5r felles fremtid\u00bb i 1987.<\/p>\n<p> Foto: Henrik Laurvik \/ NTB <\/li>\n<li><img alt=\"Gro Harlem Brundtland taler p\u00e5 talerstolen\"  width=\"3840\" height=\"3846\" loading=\"lazy\"\/>\n<p>Brundtland p\u00e5 talerstolen under FNs kvinnekonferanse i Beijing i 1995.<\/p>\n<p> Foto: REUTER \/ NTB <\/li>\n<li><img alt=\"Ghali kysser h\u00e5nden til Brundtland\"  width=\"3840\" height=\"2868\" loading=\"lazy\"\/>\n<p>Dav\u00e6rende generalsekret\u00e6r i FN, Boutros Boutros Ghali, kysser h\u00e5nden til Brundtland f\u00f8r et m\u00f8te i 1994.<\/p>\n<p> Foto: Tor Richardsen \/ NTB <\/li>\n<li><img alt=\"Brundtland og Annen holder armene p\u00e5 hverandres skuldre og smiler. Ved siden av st\u00e5r Jens Stoltenberg.\"  width=\"3840\" height=\"2932\" loading=\"lazy\"\/>\n<p>Brundtland og tidligere generalsekret\u00e6r i FN, Kofi Annan p\u00e5 Arbeiderpartiets landsm\u00f8te i Folkets Hus i Oslo i 2007.<\/p>\n<p> Foto: Jarl Fr. Erichsen \/ NTB <\/li>\n<li><img alt=\"En ung Jonas Gahr St\u00f8re hjelper Brundtland \u00e5 ta p\u00e5 k\u00e5pen\"  width=\"3840\" height=\"3067\" loading=\"lazy\"\/>\n<p>En ung Jonas Gahr St\u00f8re hjelper Brundtland \u00e5 ta p\u00e5 k\u00e5pen etter hun talte til WHO i Geneve i januar 1998. Brundtland ble utnevnt til generaldirekt\u00f8r i WHO fra 1998 til 2003.<\/p>\n<p> Foto: DONALD STAMPFLI \/ AP \/ NTB <\/li>\n<\/ul>\n<p>\u2192<\/p>\n<p>For 30 \u00e5r sidan snakka ho om behovet for \u00e5 f\u00e5 slutt p\u00e5 kj\u00f8nnsapartheid p\u00e5 den fjerde verdskonferansen om kvinner, i Beijing.<\/p>\n<p>\u2013 Eg trudde vi ville ha kome lenger no, eg kunne ikkje sett f\u00f8re meg kor intense tilbakeslaga skulle bli. Men trass all motgang har FN metodisk abreidd for \u00e5 styrke kvinners posisjon, og med nok besluttsomheit vil vi n\u00e5 dit til slutt, seier Brundtland.<\/p>\n<p>Opprettinga av FN<\/p>\n<ul>\n<li>FN vart oppretta den 24. oktober 1945, etter slutten p\u00e5 andre verdskrigen.<\/li>\n<li>Hovudm\u00e5let var \u00e5 skape fred og tryggleik i verda, hindre krig og fremje samarbeid mellom land.<\/li>\n<li>FN arbeider ogs\u00e5 for menneskerettar, humanit\u00e6r hjelp, utvikling og folkeretten.<\/li>\n<li>Organisasjonen vart grunnlagt av 51 medlemsland, og har i dag over 190 medlemsland. Hovudkvarteret ligg i New York.<\/li>\n<li>Blant FNs organ er Tryggingsr\u00e5det, Generalforsamlinga og Den internasjonale domstolen (ICJ).<\/li>\n<\/ul>\n<p>I 1987 la Brundtland-kommisjonen fram rapporten V\u00e5r felles framtid, som blei mest kjend for \u00e5 ha innf\u00f8rt omgrepet \u00abberekraftig utvikling\u00bb.<\/p>\n<p>\u2013 Men i dag har vi g\u00e5tt over planetens grenser, og vi n\u00e6rmar oss vippepunkt der det ikkje er nokon veg tilbake.<\/p>\n<p>\u2013 Fred er modig<\/p>\n<p>Generalsekret\u00e6r Antonio Guterres opna markeringa med ein tale om utfordringane FN st\u00e5r overfor i dag.<\/p>\n<p>\u2013 FNs prinsipp er under angrep som aldri f\u00f8r, sa han, og ramsa opp:<\/p>\n<ul>\n<li>Brot p\u00e5 folkeretten i Gaza, Ukraina, Sudan og fleire andre land<\/li>\n<li>Fattigdom og svolt<\/li>\n<li>Skogbrannar, flaum og rekordvarme<\/li>\n<\/ul>\n<p><img decoding=\"async\"   src=\"data:image\/gif;base64,R0lGODlhAQABAIAAAAAAAP\/\/\/yH5BAEAAAAALAAAAAABAAEAAAIBRAA7\" loading=\"eager\" alt=\"Antonio Guterres p\u00e5 storskjerm og p\u00e5 eit podium\" title=\"Foto: Mike Segar \/ Reuters \/ NTB\"\/><\/p>\n<p class=\"\">FNs generalsekret\u00e6r talte.<\/p>\n<p>Foto: Mike Segar \/ Reuters \/ NTB<\/p>\n<p>\u2013 Det er ei vedvarande myte at fred er naivt, at rettferd er sentimentalt, at den einaste ekte politikken er den som handlar om makt og sj\u00f8lvinteresser. Men grunnleggarane av FN var ikkje nokon idealistar, dei var ogs\u00e5 r\u00f8rte av verkelegheita og hadde sett krig, sa han.<\/p>\n<p><strong>\u2013 Men dei visste at til sjuande og sist, er fred det modigaste, det mest praktiske, det mest naudsynte.<\/strong><\/p>\n<p>Publisert<\/p>\n<p>22.09.2025, kl. 15.37<\/p>\n<p>Oppdatert<\/p>\n<p>22.09.2025, kl. 16.11<\/p>\n","protected":false},"excerpt":{"rendered":"\u2013 Eg har levd lenger enn dei fleste av dykk, og eg har sett skilnaden som FN utgjer,&hellip;\n","protected":false},"author":2,"featured_media":42128,"comment_status":"","ping_status":"","sticky":false,"template":"","format":"standard","meta":{"footnotes":""},"categories":[12],"tags":[20,21,24,25,15,22,23,13,30,28,29,14,16,26,27,42,43,44,45],"class_list":{"0":"post-42127","1":"post","2":"type-post","3":"status-publish","4":"format-standard","5":"has-post-thumbnail","7":"category-verden","8":"tag-breaking-news","9":"tag-breakingnews","10":"tag-featured-news","11":"tag-featurednews","12":"tag-headlines","13":"tag-latest-news","14":"tag-latestnews","15":"tag-news","16":"tag-no","17":"tag-norge","18":"tag-norway","19":"tag-nyheter","20":"tag-overskrifter","21":"tag-top-stories","22":"tag-topstories","23":"tag-verden","24":"tag-world","25":"tag-world-news","26":"tag-worldnews"},"share_on_mastodon":{"url":"","error":""},"_links":{"self":[{"href":"https:\/\/www.europesays.com\/no\/wp-json\/wp\/v2\/posts\/42127","targetHints":{"allow":["GET"]}}],"collection":[{"href":"https:\/\/www.europesays.com\/no\/wp-json\/wp\/v2\/posts"}],"about":[{"href":"https:\/\/www.europesays.com\/no\/wp-json\/wp\/v2\/types\/post"}],"author":[{"embeddable":true,"href":"https:\/\/www.europesays.com\/no\/wp-json\/wp\/v2\/users\/2"}],"replies":[{"embeddable":true,"href":"https:\/\/www.europesays.com\/no\/wp-json\/wp\/v2\/comments?post=42127"}],"version-history":[{"count":0,"href":"https:\/\/www.europesays.com\/no\/wp-json\/wp\/v2\/posts\/42127\/revisions"}],"wp:featuredmedia":[{"embeddable":true,"href":"https:\/\/www.europesays.com\/no\/wp-json\/wp\/v2\/media\/42128"}],"wp:attachment":[{"href":"https:\/\/www.europesays.com\/no\/wp-json\/wp\/v2\/media?parent=42127"}],"wp:term":[{"taxonomy":"category","embeddable":true,"href":"https:\/\/www.europesays.com\/no\/wp-json\/wp\/v2\/categories?post=42127"},{"taxonomy":"post_tag","embeddable":true,"href":"https:\/\/www.europesays.com\/no\/wp-json\/wp\/v2\/tags?post=42127"}],"curies":[{"name":"wp","href":"https:\/\/api.w.org\/{rel}","templated":true}]}}