{"id":42135,"date":"2025-09-22T14:22:10","date_gmt":"2025-09-22T14:22:10","guid":{"rendered":"https:\/\/www.europesays.com\/no\/42135\/"},"modified":"2025-09-22T14:22:10","modified_gmt":"2025-09-22T14:22:10","slug":"apenhjertig-det-er-ikke-lett","status":"publish","type":"post","link":"https:\/\/www.europesays.com\/no\/42135\/","title":{"rendered":"\u00c5penhjertig: &#8211; Det er ikke lett"},"content":{"rendered":"<p>  Forsvarsekspert mener Vladimir Putin har en klar plan bak krenkelsene av Nato-luftrom.<\/p>\n<p>\n    SPETAKKEL: Russlands president Vladimir Putins handlinsm\u00f8nster de siste ukene har skapt stort spetakkel i Nato og FN. Her avbildet i Motovilikha Plants i Perm, Russland 19. september 2025, fra en omvisning russiske v\u00e5pen og milit\u00e6rt utstyr. Foto: Gavriil Grigorov \/ Reuters \/ NTB\n  <\/p>\n<p>De siste ukene har russiske droner krenket Nato-lands luftrom uten forvarsel.<\/p>\n<p>Fredag forrige uke eskalerte det da Nato-medlemslandet\u00a0<a href=\"https:\/\/www.dagbladet.no\/nyheter\/testes-av-en-grunn\/83618941\" rel=\"nofollow noopener\" target=\"_blank\">Estlands luftrom ble krenket<\/a>\u00a0av tre russiske kampfly av typen\u00a0<a href=\"https:\/\/snl.no\/MiG-31\" rel=\"nofollow noopener\" target=\"_blank\">MiG-31<\/a>.\u00a0<\/p>\n<p>To dager etter den russiske krenkelsen av estisk luftrom, ble et nytt russisk milit\u00e6rfly identifisert over \u00d8stersj\u00f8en s\u00f8ndag, skriver\u00a0<a href=\"https:\/\/www.spiegel.de\/ausland\/ostsee-russisches-militaerflugzeug-loest-alarmstart-von-eurofightern-aus-a-178ec37b-61dc-48b4-805e-d3cb382dd2c4\" rel=\"nofollow noopener\" target=\"_blank\">Der Spiegel<\/a>.<\/p>\n<p class=\"font-weight-bold m-font-weight-bold\" data-lab-font_weight=\"font-weight-bold\"> Mandag skal de 32 landene som er medlemmer i Nato pr\u00f8ve \u00e5 komme til enighet om hvordan de skal svare.\u00a0<\/p>\n<p class=\"font-weight-bold m-font-weight-bold\" data-lab-font_weight=\"font-weight-bold\">Nato har kalt inn til m\u00f8tet for \u00e5 diskutere krenkelsen etter at Estland ba om dette i tr\u00e5d med artikkel 4 i Atlanterhavspakten. <\/p>\n<p>          <img loading=\"lazy\" decoding=\"async\" src=\"https:\/\/www.europesays.com\/no\/wp-content\/uploads\/2025\/09\/1758550929_153_83626165.webp\" width=\"980\" height=\"559\" title=\"RYKKET UT: To tyske Eurofighter-fly, og et svensk milit\u00e6rfly, samarbeidet om \u00e5 avskj\u00e6re det russiske IL-20M-milit\u00e6rflyet s\u00f8ndag. Foto: Det svenske luftforsvaret \/ Instagram\" alt=\"\" class=\"\" style=\"--aspect-ratio-image: 1.75; \"\/><\/p>\n<p>\n          RYKKET UT: To tyske Eurofighter-fly, og et svensk milit\u00e6rfly, samarbeidet om \u00e5 avskj\u00e6re det russiske IL-20M-milit\u00e6rflyet s\u00f8ndag. Foto: Det svenske luftforsvaret \/ Instagram\n      <\/p>\n<p>&#8211; M\u00e5 advare Russland  <\/p>\n<p class=\"font-weight-normal m-font-weight-normal\" data-lab-font_weight=\"font-weight-normal\"> Nupi-forsker Karsten Friis, med s\u00e6rskilt fokus p\u00e5\u00a0 sikkerhets- og forsvarspolitikk i Europa,\u00a0mener det skal mye til for at et russisk kampfly blir skutt ned om det krenker et annet lands luftrom.\u00a0<\/p>\n<p class=\"font-weight-normal m-font-weight-normal\" data-lab-font_weight=\"font-weight-normal\">Han er ogs\u00e5 klar p\u00e5 hva Natos plan burde v\u00e6re framover, og hva Nato-landene burde bli enige om p\u00e5 dagens m\u00f8te.\u00a0 \u00a0 \u00a0\u00a0<\/p>\n<p class=\"font-weight-normal m-font-weight-normal\" data-lab-font_weight=\"font-weight-normal\">&#8211; Nato har \u00abRules of engagement\u00bb (<a href=\"https:\/\/snl.no\/engasjementsregler\" target=\"_blank\" rel=\"nofollow noopener\">engasjementsregler<\/a>) med hensyn til \u00e5 avskj\u00e6re russiske fly. Om disse b\u00f8r oppdateres vet jeg ikke, men poenget i dag er at man lager en tydelig eskaleringsstige og advarer Russland tydelig n\u00e5r de g\u00e5r opp et trinn, sier Friis til Dagbladet.\u00a0<\/p>\n<p>          <img loading=\"lazy\" decoding=\"async\" src=\"https:\/\/www.europesays.com\/no\/wp-content\/uploads\/2025\/09\/1758550929_393_83625973.webp\" width=\"686\" height=\"556\" title=\"EKSPERT: Karsten Friis kommenterer hva som kan skje p\u00e5 mandagens Nato-m\u00f8te. Foto: NUPI\" alt=\"\" class=\"\" style=\"--aspect-ratio-image: 1.23; \"\/><\/p>\n<p>\n          EKSPERT: Karsten Friis kommenterer hva som kan skje p\u00e5 mandagens Nato-m\u00f8te. Foto: NUPI\n      <\/p>\n<p>Tyrkia skj\u00f8t ned fly  <\/p>\n<p>Tyrkia skj\u00f8t i 2015 ned et russisk fly over deres territorium. Russland ble advart over ti ganger, if\u00f8lge Tyrkia.\u00a0<a href=\"https:\/\/www.dagbladet.no\/nyheter\/russland---tyrkia-provde-ikke-a-kontakte-flyet-for-det-ble-skutt-ned\/60466517\" rel=\"nofollow noopener\" target=\"_blank\">Russland hevdet<\/a>\u00a0at de ikke fors\u00f8kte \u00e5 kontakte flyet i forkant. <\/p>\n<p><a href=\"https:\/\/www.dagbladet.no\/nyheter\/vladimir-putin---vi-er-dolket-i-ryggen\/60465569\" rel=\"nofollow noopener\" target=\"_blank\">Den gang<\/a>\u00a0forsvarte Tyrkias statsminister nedskytingen med at landet har rett til \u00e5 svare p\u00e5 krenkelser av eget luftrom.\u00a0<\/p>\n<p class=\"font-weight-bold m-font-weight-bold\" data-lab-font_weight=\"font-weight-bold\">Vladimir Putin advarte om kraftige konsekvenser og stanset \u00f8konomisk samarbeid og turisttrafikk mellom landene.\u00a0<\/p>\n<p>        TESTES: Tre russiske fly ble observert over Estlands luftrom i 12 minutter fredag som en del av en test mot vesten, mener ekspert.<\/p>\n<p>Friis mener det er opp til hvert enkelt land \u00e5 avgj\u00f8re om et russisk fly skal skytes ned om det krenker nasjonalt luftrom, men at det m\u00e5 gj\u00f8res i henhold til Natos engasjementregler.<\/p>\n<p>&#8211; Tyrkerne gjorde det. Man trenger ikke konsensus for dette, men avtalt engasjementsregler m\u00e5 f\u00f8lges dersom avskj\u00e6ringen er under Nato-kommando. Er den nasjonal er det opp til landet selv, slik situasjonen var med Tyrkia, sier Friis f\u00f8r han fortsetter:\u00a0<\/p>\n<p class=\"font-weight-bold m-font-weight-bold\" data-lab-font_weight=\"font-weight-bold\">&#8211; Nedskyting av fly vil neppe skje i Europa, med mindre Russland ignorerer alle advarsler og turer fram p\u00e5 en truende m\u00e5te.\u00a0<\/p>\n<p>          <img loading=\"lazy\" decoding=\"async\" src=\"https:\/\/www.europesays.com\/no\/wp-content\/uploads\/2025\/09\/1758550929_781_83628098.webp\" width=\"686\" height=\"460\" title=\"SKUTT NED: President Vladimir Putin og forsvarsminister Sergej Sjojgu med ferdskriveren til det russiske jagerflyet som ble skutt ned over Tyrkia i 2015. Foto: Mikhail Klimentyev \/ Sputnik \/ AFP\" alt=\"\" class=\"\" style=\"--aspect-ratio-image: 1.49; \"\/><\/p>\n<p>\n          SKUTT NED: President Vladimir Putin og forsvarsminister Sergej Sjojgu med ferdskriveren til det russiske jagerflyet som ble skutt ned over Tyrkia i 2015. Foto: Mikhail Klimentyev \/ Sputnik \/ AFP\n      <\/p>\n<p>Mener dette er Putins plan<\/p>\n<p>Friis sier Russlands handlingsm\u00f8nster de siste ukene prim\u00e6rt er et fors\u00f8k p\u00e5 \u00e5 p\u00e5virke vestlige lands st\u00f8tte til Ukraina.<\/p>\n<p>&#8211; De vil skremme oss fra \u00e5 st\u00f8tte Ukraina mer. Det beste svaret er derfor \u00e5 nettopp st\u00f8tte Ukraina mer. Det burde inkludere luftvernsoner i grenseomr\u00e5det med Nato som ogs\u00e5 omfatter deler av ukrainsk luftrom.<\/p>\n<p>Friis sier at noe av det som virkelig blir interessant fra mandagens Nato-m\u00f8te, er hva de kommer til \u00e5 gj\u00f8re i praksis for \u00e5 hindre at dette blir en ny \u00abnormalsituasjon\u00bb.\u00a0<\/p>\n<p class=\"font-weight-bold m-font-weight-bold\" data-lab-font_weight=\"font-weight-bold\">&#8211; De har allerede sagt de skal forsterke \u00f8stflanken, men hva betyr det i praksis og vil det sende kraftig nok signal til Putin? Det er usikkert.<\/p>\n<p> FNs sikkerhetsr\u00e5d vil ogs\u00e5 m\u00f8tes mandag for \u00e5 diskutere Russlands krenkelse av estisk luftrom, som fant sted fredag denne uka. Det skriver Estlands utenriksdepartement p\u00e5\u00a0<a href=\"https:\/\/x.com\/MFAestonia\/status\/1969710520141041940\" rel=\"nofollow\">X<\/a>. <\/p>\n<p>    <a itemprop=\"url\" href=\"https:\/\/www.dagbladet.no\/nyheter\/russisk-fly-over-ostersjoen\/83625016\" rel=\"nofollow noopener\" target=\"_blank\"><\/p>\n<p>      <img loading=\"lazy\" decoding=\"async\" src=\"https:\/\/www.europesays.com\/no\/wp-content\/uploads\/2025\/09\/1758550929_799_83625022.webp\" width=\"980\" height=\"441\" title=\"Russisk fly over \u00d8stersj\u00f8en\" alt=\"\" class=\"lazyload\" style=\"--aspect-ratio-image: 2.22; \"\/><\/p>\n<p>        Russisk fly over \u00d8stersj\u00f8en<\/p>\n<p>    <\/a><\/p>\n","protected":false},"excerpt":{"rendered":"Forsvarsekspert mener Vladimir Putin har en klar plan bak krenkelsene av Nato-luftrom. SPETAKKEL: Russlands president Vladimir Putins handlinsm\u00f8nster&hellip;\n","protected":false},"author":2,"featured_media":42136,"comment_status":"","ping_status":"","sticky":false,"template":"","format":"standard","meta":{"footnotes":""},"categories":[12],"tags":[20,21,24,25,15,22,23,13,30,28,29,14,16,5830,83,26,27,42,43,44,45],"class_list":{"0":"post-42135","1":"post","2":"type-post","3":"status-publish","4":"format-standard","5":"has-post-thumbnail","7":"category-verden","8":"tag-breaking-news","9":"tag-breakingnews","10":"tag-featured-news","11":"tag-featurednews","12":"tag-headlines","13":"tag-latest-news","14":"tag-latestnews","15":"tag-news","16":"tag-no","17":"tag-norge","18":"tag-norway","19":"tag-nyheter","20":"tag-overskrifter","21":"tag-sir-alex-ferguson","22":"tag-sport","23":"tag-top-stories","24":"tag-topstories","25":"tag-verden","26":"tag-world","27":"tag-world-news","28":"tag-worldnews"},"share_on_mastodon":{"url":"","error":""},"_links":{"self":[{"href":"https:\/\/www.europesays.com\/no\/wp-json\/wp\/v2\/posts\/42135","targetHints":{"allow":["GET"]}}],"collection":[{"href":"https:\/\/www.europesays.com\/no\/wp-json\/wp\/v2\/posts"}],"about":[{"href":"https:\/\/www.europesays.com\/no\/wp-json\/wp\/v2\/types\/post"}],"author":[{"embeddable":true,"href":"https:\/\/www.europesays.com\/no\/wp-json\/wp\/v2\/users\/2"}],"replies":[{"embeddable":true,"href":"https:\/\/www.europesays.com\/no\/wp-json\/wp\/v2\/comments?post=42135"}],"version-history":[{"count":0,"href":"https:\/\/www.europesays.com\/no\/wp-json\/wp\/v2\/posts\/42135\/revisions"}],"wp:featuredmedia":[{"embeddable":true,"href":"https:\/\/www.europesays.com\/no\/wp-json\/wp\/v2\/media\/42136"}],"wp:attachment":[{"href":"https:\/\/www.europesays.com\/no\/wp-json\/wp\/v2\/media?parent=42135"}],"wp:term":[{"taxonomy":"category","embeddable":true,"href":"https:\/\/www.europesays.com\/no\/wp-json\/wp\/v2\/categories?post=42135"},{"taxonomy":"post_tag","embeddable":true,"href":"https:\/\/www.europesays.com\/no\/wp-json\/wp\/v2\/tags?post=42135"}],"curies":[{"name":"wp","href":"https:\/\/api.w.org\/{rel}","templated":true}]}}