{"id":42139,"date":"2025-09-22T14:24:28","date_gmt":"2025-09-22T14:24:28","guid":{"rendered":"https:\/\/www.europesays.com\/no\/42139\/"},"modified":"2025-09-22T14:24:28","modified_gmt":"2025-09-22T14:24:28","slug":"stemningen-er-preget-av-sjokk","status":"publish","type":"post","link":"https:\/\/www.europesays.com\/no\/42139\/","title":{"rendered":"\u2013 Stemningen er preget av sjokk"},"content":{"rendered":"<p>\u2013 Stemningen er preget av sjokk. Det er fortvilende. Folk er redde for jobbene sine og for lokalsamfunnet, sier hovedtillitsvalgt i Norsk Sykepleierforbund ved kirurgisk klinikk i Helse F\u00f8rde, Silje Marit Hjelmeland, til <a href=\"https:\/\/www.dagensmedisin.no\/helse-forde-helse-vest-rhf-helsepolitikk-og-helseokonomi\/50-kan-miste-jobben-vi-haper-pa-det-beste-men-er-ogsa-realistiske\/705708\" rel=\"nofollow noopener\" target=\"_blank\">Dagens Medisin<\/a>, som skrev om saken f\u00f8rst.<\/p>\n<p>Hun jobber som fagutviklingssykepleier i L\u00e6rdal.<\/p>\n<p>Administrasjonen i Helse F\u00f8rde har lagt frem forslag om \u00e5 legge ned ortopedisk avdeling, skadepoliklinikken og barseltilbudet ved sykehuset i L\u00e6rdal.\u00a0<\/p>\n<p>Rundt 40 til 50 \u00e5rsverk kan bli rammet. Kuttlisten omfatter blant annet sykepleiere, jordm\u00f8dre, leger og st\u00f8ttefunksjoner.<\/p>\n<p>Underskudd p\u00e5 150 millioner<\/p>\n<p>Kuttforslagene kommer som f\u00f8lge av store underskudd. Helse F\u00f8rde ligger an til et resultat p\u00e5 minus 150 millioner i \u00e5r.<\/p>\n<p>Det foresl\u00e5s \u00e5 samle ortopedi og barseltilbud i F\u00f8rde, og \u00e5 vurdere nedleggelse av skadepoliklinikkene i b\u00e5de L\u00e6rdal og Nordfjord.<\/p>\n<p>God kvalitet &#8211; d\u00e5rlig \u00f8konomi<\/p>\n<p>Administrerende direkt\u00f8r i Helse F\u00f8rde, Arve Varden, peker p\u00e5 at kuttene vil kunne spare foretaket for opptil 60 millioner kroner i \u00e5ret. Han understreker at tiltakene ikke handler om manglende kvalitet i L\u00e6rdal, men om \u00f8konomisk n\u00f8dvendighet.<\/p>\n<p>P\u00e5 <a href=\"https:\/\/www.helse-forde.no\/nyheiter\/2025\/okonomien-tvingar-fram-endringar-i-helse-forde\/\" rel=\"nofollow noopener\" target=\"_blank\">nettsidene<\/a> til Helse F\u00f8rde legger han skylden p\u00e5 dyrtid og \u00f8kte rentekostnader, mens de \u00f8konomiske rammene ikke er \u00f8kt tilsvarende.<\/p>\n<p><strong>Styret skal behandle saken torsdag 25. september. <\/strong>F\u00f8rst da tas det stilling til om tiltakene skal utredes videre.<\/p>\n<p>De andre sykehusene i Helse F\u00f8rde er F\u00f8rde sentralsjukehus, Nordfjord sjukehus og Sunnfjord medisinske senter. Det er ogs\u00e5 tre distriktspsykiatriske sentere tilknyttet Helse F\u00f8rde.<\/p>\n","protected":false},"excerpt":{"rendered":"\u2013 Stemningen er preget av sjokk. Det er fortvilende. Folk er redde for jobbene sine og for lokalsamfunnet,&hellip;\n","protected":false},"author":2,"featured_media":42140,"comment_status":"","ping_status":"","sticky":false,"template":"","format":"standard","meta":{"footnotes":""},"categories":[5],"tags":[20,21,24,25,15,19,22,23,17,18,13,30,28,29,14,16,26,27],"class_list":{"0":"post-42139","1":"post","2":"type-post","3":"status-publish","4":"format-standard","5":"has-post-thumbnail","7":"category-overskrifter","8":"tag-breaking-news","9":"tag-breakingnews","10":"tag-featured-news","11":"tag-featurednews","12":"tag-headlines","13":"tag-hovedoppslag","14":"tag-latest-news","15":"tag-latestnews","16":"tag-main-news","17":"tag-mainnews","18":"tag-news","19":"tag-no","20":"tag-norge","21":"tag-norway","22":"tag-nyheter","23":"tag-overskrifter","24":"tag-top-stories","25":"tag-topstories"},"share_on_mastodon":{"url":"","error":""},"_links":{"self":[{"href":"https:\/\/www.europesays.com\/no\/wp-json\/wp\/v2\/posts\/42139","targetHints":{"allow":["GET"]}}],"collection":[{"href":"https:\/\/www.europesays.com\/no\/wp-json\/wp\/v2\/posts"}],"about":[{"href":"https:\/\/www.europesays.com\/no\/wp-json\/wp\/v2\/types\/post"}],"author":[{"embeddable":true,"href":"https:\/\/www.europesays.com\/no\/wp-json\/wp\/v2\/users\/2"}],"replies":[{"embeddable":true,"href":"https:\/\/www.europesays.com\/no\/wp-json\/wp\/v2\/comments?post=42139"}],"version-history":[{"count":0,"href":"https:\/\/www.europesays.com\/no\/wp-json\/wp\/v2\/posts\/42139\/revisions"}],"wp:featuredmedia":[{"embeddable":true,"href":"https:\/\/www.europesays.com\/no\/wp-json\/wp\/v2\/media\/42140"}],"wp:attachment":[{"href":"https:\/\/www.europesays.com\/no\/wp-json\/wp\/v2\/media?parent=42139"}],"wp:term":[{"taxonomy":"category","embeddable":true,"href":"https:\/\/www.europesays.com\/no\/wp-json\/wp\/v2\/categories?post=42139"},{"taxonomy":"post_tag","embeddable":true,"href":"https:\/\/www.europesays.com\/no\/wp-json\/wp\/v2\/tags?post=42139"}],"curies":[{"name":"wp","href":"https:\/\/api.w.org\/{rel}","templated":true}]}}