{"id":42141,"date":"2025-09-22T14:29:15","date_gmt":"2025-09-22T14:29:15","guid":{"rendered":"https:\/\/www.europesays.com\/no\/42141\/"},"modified":"2025-09-22T14:29:15","modified_gmt":"2025-09-22T14:29:15","slug":"kommentar-ove-mellingen-jeg-hater-mine-motstandere","status":"publish","type":"post","link":"https:\/\/www.europesays.com\/no\/42141\/","title":{"rendered":"Kommentar, Ove Mellingen | -Jeg hater mine motstandere"},"content":{"rendered":"<p>    Av <a class=\"article-byline-author\" aria-label=\"Kontakt Ove Mellingen\" href=\"https:\/\/www.ta.no\/vis\/journalist\/ove.mellingen@ta.no\" itemprop=\"email\" rel=\"author nofollow noopener\" target=\"_blank\"><\/p>\n<p>  Ove Mellingen<br \/>\n    <\/a><\/p>\n<p>Oppdatert: 22.09.25 12:14<\/p>\n<p>Publisert: 22.09.25 10:10<\/p>\n<p data-content=\"lead-text\" class=\"lead-text story&#10;        brick-c-SOGIC\">\n<p>        Kommentar: I g\u00e5r var det som ble betegnet som et vekkelsesm\u00f8te for Charlie Kirk i Arizona. Det vil si, det var en stor minneh\u00f8ytid der hans unge enke Erika Kirk sa fine ting om tilgivelse og forsoning. Presidenten derimot, hadde hat som tema: \u00abJeg hater min motstander, og jeg \u00f8nsker ikke det beste for dem\u00bb. Man kan bli forvirret av mindre.\n    <\/p>\n<p>    Plussmerking. Denne artikkelen kan bare leses av abonenter<\/p>\n<p>  For abonnenter<\/p>\n","protected":false},"excerpt":{"rendered":"Av Ove Mellingen Oppdatert: 22.09.25 12:14 Publisert: 22.09.25 10:10 Kommentar: I g\u00e5r var det som ble betegnet som&hellip;\n","protected":false},"author":2,"featured_media":42142,"comment_status":"","ping_status":"","sticky":false,"template":"","format":"standard","meta":{"footnotes":""},"categories":[12],"tags":[20,21,24,25,15,22,23,13,30,28,29,14,16,26,27,42,43,44,45],"class_list":{"0":"post-42141","1":"post","2":"type-post","3":"status-publish","4":"format-standard","5":"has-post-thumbnail","7":"category-verden","8":"tag-breaking-news","9":"tag-breakingnews","10":"tag-featured-news","11":"tag-featurednews","12":"tag-headlines","13":"tag-latest-news","14":"tag-latestnews","15":"tag-news","16":"tag-no","17":"tag-norge","18":"tag-norway","19":"tag-nyheter","20":"tag-overskrifter","21":"tag-top-stories","22":"tag-topstories","23":"tag-verden","24":"tag-world","25":"tag-world-news","26":"tag-worldnews"},"share_on_mastodon":{"url":"","error":""},"_links":{"self":[{"href":"https:\/\/www.europesays.com\/no\/wp-json\/wp\/v2\/posts\/42141","targetHints":{"allow":["GET"]}}],"collection":[{"href":"https:\/\/www.europesays.com\/no\/wp-json\/wp\/v2\/posts"}],"about":[{"href":"https:\/\/www.europesays.com\/no\/wp-json\/wp\/v2\/types\/post"}],"author":[{"embeddable":true,"href":"https:\/\/www.europesays.com\/no\/wp-json\/wp\/v2\/users\/2"}],"replies":[{"embeddable":true,"href":"https:\/\/www.europesays.com\/no\/wp-json\/wp\/v2\/comments?post=42141"}],"version-history":[{"count":0,"href":"https:\/\/www.europesays.com\/no\/wp-json\/wp\/v2\/posts\/42141\/revisions"}],"wp:featuredmedia":[{"embeddable":true,"href":"https:\/\/www.europesays.com\/no\/wp-json\/wp\/v2\/media\/42142"}],"wp:attachment":[{"href":"https:\/\/www.europesays.com\/no\/wp-json\/wp\/v2\/media?parent=42141"}],"wp:term":[{"taxonomy":"category","embeddable":true,"href":"https:\/\/www.europesays.com\/no\/wp-json\/wp\/v2\/categories?post=42141"},{"taxonomy":"post_tag","embeddable":true,"href":"https:\/\/www.europesays.com\/no\/wp-json\/wp\/v2\/tags?post=42141"}],"curies":[{"name":"wp","href":"https:\/\/api.w.org\/{rel}","templated":true}]}}