{"id":42143,"date":"2025-09-22T14:30:18","date_gmt":"2025-09-22T14:30:18","guid":{"rendered":"https:\/\/www.europesays.com\/no\/42143\/"},"modified":"2025-09-22T14:30:18","modified_gmt":"2025-09-22T14:30:18","slug":"16-aring-erkjenner-ikke-straffskyld-for-drapsforsok-nrk-sorlandet-lokale-nyheter-tv-og-radio-2","status":"publish","type":"post","link":"https:\/\/www.europesays.com\/no\/42143\/","title":{"rendered":"16-\u00e5ring erkjenner ikke straffskyld for drapsfors\u00f8k \u2013 NRK S\u00f8rlandet \u2013 Lokale nyheter, TV og radio"},"content":{"rendered":"<p>Den 16 \u00e5r gamle jenta som er tiltalt for drapsfors\u00f8k ved puben Skagen i <a href=\"https:\/\/www.nrk.no\/sorlandet\/sikta-for-drapsforsok_-_-har-beslaglagt-en-kniv-1.17531811\" ec-id=\"pp:1.17531811\" ec-name=\"mai\" rel=\"nofollow noopener\" target=\"_blank\">mai<\/a>, erkjenner ikke straffskyld.<\/p>\n<p>I tiltalebeslutningen st\u00e5r det at jenta som da var 15-\u00e5r fors\u00f8kte \u00e5 knivstikke forn\u00e6rmede.<\/p>\n<p>Bakgrunnen for handlingen var, if\u00f8lge aktor, at tiltalte trodde forn\u00e6rmede hadde hatt et forhold til hennes tidligere kj\u00e6reste<\/p>\n<p>16-\u00e5ringen er ogs\u00e5 tiltalt for trusler.<\/p>\n<p>Hun har sittet varetektsfengslet siden hendelsen.<\/p>\n<p>Det er satt av fem dager i Agder tingrett. Rettssaken startet mandag.<\/p>\n<p>Strafferrammen er over seks \u00e5r.<\/p>\n","protected":false},"excerpt":{"rendered":"Den 16 \u00e5r gamle jenta som er tiltalt for drapsfors\u00f8k ved puben Skagen i mai, erkjenner ikke straffskyld.&hellip;\n","protected":false},"author":2,"featured_media":42144,"comment_status":"","ping_status":"","sticky":false,"template":"","format":"standard","meta":{"footnotes":""},"categories":[10],"tags":[20,21,24,25,15,22,23,13,30,28,29,14,16,26,27],"class_list":{"0":"post-42143","1":"post","2":"type-post","3":"status-publish","4":"format-standard","5":"has-post-thumbnail","7":"category-norge","8":"tag-breaking-news","9":"tag-breakingnews","10":"tag-featured-news","11":"tag-featurednews","12":"tag-headlines","13":"tag-latest-news","14":"tag-latestnews","15":"tag-news","16":"tag-no","17":"tag-norge","18":"tag-norway","19":"tag-nyheter","20":"tag-overskrifter","21":"tag-top-stories","22":"tag-topstories"},"share_on_mastodon":{"url":"","error":""},"_links":{"self":[{"href":"https:\/\/www.europesays.com\/no\/wp-json\/wp\/v2\/posts\/42143","targetHints":{"allow":["GET"]}}],"collection":[{"href":"https:\/\/www.europesays.com\/no\/wp-json\/wp\/v2\/posts"}],"about":[{"href":"https:\/\/www.europesays.com\/no\/wp-json\/wp\/v2\/types\/post"}],"author":[{"embeddable":true,"href":"https:\/\/www.europesays.com\/no\/wp-json\/wp\/v2\/users\/2"}],"replies":[{"embeddable":true,"href":"https:\/\/www.europesays.com\/no\/wp-json\/wp\/v2\/comments?post=42143"}],"version-history":[{"count":0,"href":"https:\/\/www.europesays.com\/no\/wp-json\/wp\/v2\/posts\/42143\/revisions"}],"wp:featuredmedia":[{"embeddable":true,"href":"https:\/\/www.europesays.com\/no\/wp-json\/wp\/v2\/media\/42144"}],"wp:attachment":[{"href":"https:\/\/www.europesays.com\/no\/wp-json\/wp\/v2\/media?parent=42143"}],"wp:term":[{"taxonomy":"category","embeddable":true,"href":"https:\/\/www.europesays.com\/no\/wp-json\/wp\/v2\/categories?post=42143"},{"taxonomy":"post_tag","embeddable":true,"href":"https:\/\/www.europesays.com\/no\/wp-json\/wp\/v2\/tags?post=42143"}],"curies":[{"name":"wp","href":"https:\/\/api.w.org\/{rel}","templated":true}]}}