{"id":42163,"date":"2025-09-22T14:50:21","date_gmt":"2025-09-22T14:50:21","guid":{"rendered":"https:\/\/www.europesays.com\/no\/42163\/"},"modified":"2025-09-22T14:50:21","modified_gmt":"2025-09-22T14:50:21","slug":"et-farlig-skritt-mot-statlig-sensur","status":"publish","type":"post","link":"https:\/\/www.europesays.com\/no\/42163\/","title":{"rendered":"\u2013 Et farlig skritt mot statlig sensur"},"content":{"rendered":"<p class=\"kicker t15 font-weight-bold m-font-weight-bold color_mobile_no_bg_color quaternary color_mobile_quaternary font-Trim text-case-transform-upper mobile-hasTextPadding\" style=\"\">Nyheter<\/p>\n<p>    USAs forsvarsdepartement har innf\u00f8rt nye regler som krever at journalister signerer en erkl\u00e6ring om \u00e5 avst\u00e5 fra \u00e5 publisere informasjon som ikke er godkjent av departementet.<\/p>\n<p>\n        NYE REGLER: USAs forsvarsminister Pete Hegseth, her p\u00e5 minneseremoni for den h\u00f8yreradikale aktivisten Charlie Kirk 21. september, innf\u00f8rer nye restriksjoner p\u00e5 pressen.<br \/>\n        Foto: John Locher, AP, NTB\n    <\/p>\n<p>Journalister som ikke f\u00f8lger de\u00a0nye\u00a0reglene, risikerer \u00e5 miste akkrediteringen som gir tilgang til departementet, if\u00f8lge et 17 sider langt brev som er sendt ut til flere mediehus.<\/p>\n<p>\u2013 Informasjonen m\u00e5 godkjennes av en autorisert tjenestemann f\u00f8r den offentliggj\u00f8res, selv om informasjonen ikke er klassifisert, heter det i brevet.<\/p>\n<p>Pentagon\u00a0har allerede i \u00e5r kastet ut flere nyhetsorganisasjoner og innf\u00f8rt en rekke restriksjoner p\u00e5 pressen, blant annet et forbud mot at journalister uten en regjeringseskorte f\u00e5r adgang til store deler av forsvarsdepartementet.<\/p>\n<p>Kritikk<\/p>\n<p>\u2013 Det er ikke \u00abpressen\u00bb som styrer\u00a0Pentagon\u00a0\u2013 det er folket. Pressen har ikke lenger lov til \u00e5 bevege seg fritt i et sikret anlegg. Bruk ID-kort og f\u00f8lg reglene \u2013 eller g\u00e5 hjem, skriver forsvarsminister Pete Hegseth i et innlegg p\u00e5 X.<\/p>\n<p>En rekke presseorganisasjoner har g\u00e5tt hardt ut mot regelendringene, som beskrives som et angrep p\u00e5 den frie pressen.<\/p>\n<p>\u2013 Hvis nyheter om milit\u00e6ret f\u00f8rst m\u00e5 godkjennes av regjeringen, f\u00e5r ikke lenger publikum uavhengig rapportering. De f\u00e5r bare det myndighetene vil at de skal se, sier Mike Balsamo, som er president i National Press Club og i redakt\u00f8rteamet til Associated Press.<\/p>\n<p>Society of Journalists kritiserer ogs\u00e5 avgj\u00f8relsen.<\/p>\n<p>\u2013 Denne politikken lukter av forh\u00e5ndssensur \u2013 den groveste krenkelsen av pressefriheten i henhold til f\u00f8rste grunnlovstillegg \u2013 og er et farlig skritt mot statlig sensur, skriver organisasjonen i en uttalelse.<\/p>\n<p>\u2013 Fors\u00f8k p\u00e5 \u00e5 kneble pressen under dekke av \u00absikkerhet\u00bb er en del av et urovekkende m\u00f8nster fra myndighetenes side mot \u00e5penhet og demokratiske normer, heter det videre.<\/p>\n<p>\u2013 Skritt i autorit\u00e6r retning<\/p>\n<p>Reidun Kjelling, som er generalsekret\u00e6r i Norsk Redakt\u00f8rforening, mener Trump-administrasjonen fors\u00f8ker \u00e5 hindre mediene fra \u00e5 gj\u00f8re jobben sin.<\/p>\n<p>\u2013 Dette er helt \u00f8deleggende for medienes mulighet til \u00e5 dekke det amerikanske forsvaret. En viktig oppgave for mediene er \u00e5 v\u00e6re maktkritiske. Der ser vi myndigheter som gj\u00f8r alt for \u00e5 hindre mediene i \u00e5 gj\u00f8re jobben sin, sier hun til NTB.<\/p>\n<p>\u2013 Vi ser n\u00e5 et USA som tar skritt i autorit\u00e6r retning. Vi ser myndigheter som g\u00e5r etter mediene med gigants\u00f8ksm\u00e5l, som legger press p\u00e5 mediene slik at de skal kvitte seg med maktkritiske stemmer og som stiller krav knyttet til privilegier som adgang til Det hvite hus og\u00a0Pentagon, fortsetter hun.<\/p>\n","protected":false},"excerpt":{"rendered":"Nyheter USAs forsvarsdepartement har innf\u00f8rt nye regler som krever at journalister signerer en erkl\u00e6ring om \u00e5 avst\u00e5 fra&hellip;\n","protected":false},"author":2,"featured_media":42164,"comment_status":"","ping_status":"","sticky":false,"template":"","format":"standard","meta":{"footnotes":""},"categories":[12],"tags":[20,21,24,25,15,22,23,13,30,28,29,14,16,26,27,42,43,44,45],"class_list":{"0":"post-42163","1":"post","2":"type-post","3":"status-publish","4":"format-standard","5":"has-post-thumbnail","7":"category-verden","8":"tag-breaking-news","9":"tag-breakingnews","10":"tag-featured-news","11":"tag-featurednews","12":"tag-headlines","13":"tag-latest-news","14":"tag-latestnews","15":"tag-news","16":"tag-no","17":"tag-norge","18":"tag-norway","19":"tag-nyheter","20":"tag-overskrifter","21":"tag-top-stories","22":"tag-topstories","23":"tag-verden","24":"tag-world","25":"tag-world-news","26":"tag-worldnews"},"share_on_mastodon":{"url":"","error":""},"_links":{"self":[{"href":"https:\/\/www.europesays.com\/no\/wp-json\/wp\/v2\/posts\/42163","targetHints":{"allow":["GET"]}}],"collection":[{"href":"https:\/\/www.europesays.com\/no\/wp-json\/wp\/v2\/posts"}],"about":[{"href":"https:\/\/www.europesays.com\/no\/wp-json\/wp\/v2\/types\/post"}],"author":[{"embeddable":true,"href":"https:\/\/www.europesays.com\/no\/wp-json\/wp\/v2\/users\/2"}],"replies":[{"embeddable":true,"href":"https:\/\/www.europesays.com\/no\/wp-json\/wp\/v2\/comments?post=42163"}],"version-history":[{"count":0,"href":"https:\/\/www.europesays.com\/no\/wp-json\/wp\/v2\/posts\/42163\/revisions"}],"wp:featuredmedia":[{"embeddable":true,"href":"https:\/\/www.europesays.com\/no\/wp-json\/wp\/v2\/media\/42164"}],"wp:attachment":[{"href":"https:\/\/www.europesays.com\/no\/wp-json\/wp\/v2\/media?parent=42163"}],"wp:term":[{"taxonomy":"category","embeddable":true,"href":"https:\/\/www.europesays.com\/no\/wp-json\/wp\/v2\/categories?post=42163"},{"taxonomy":"post_tag","embeddable":true,"href":"https:\/\/www.europesays.com\/no\/wp-json\/wp\/v2\/tags?post=42163"}],"curies":[{"name":"wp","href":"https:\/\/api.w.org\/{rel}","templated":true}]}}