{"id":42168,"date":"2025-09-22T14:58:12","date_gmt":"2025-09-22T14:58:12","guid":{"rendered":"https:\/\/www.europesays.com\/no\/42168\/"},"modified":"2025-09-22T14:58:12","modified_gmt":"2025-09-22T14:58:12","slug":"stemte-feil-under-bispevalget-beklager","status":"publish","type":"post","link":"https:\/\/www.europesays.com\/no\/42168\/","title":{"rendered":"Stemte feil under bispevalget: \u2013 Beklager"},"content":{"rendered":"<p>\n        BEKLAGELSE: Jo Hedberg er leder av B\u00f8nnelista.<br \/>\n        Herman Frantzen\n    <\/p>\n<p>    B\u00f8nnelista hadde to stemmeberettigede til Kirker\u00e5dets valg av biskop i Nord-H\u00e5logaland. \u2013 Vi stemte feil og det beklager vi, sier leder for B\u00f8nnelista, Jo Hedberg.<\/p>\n<p>Det har v\u00e6rt oppgj\u00f8rets time for flere av Kirker\u00e5dets representanter etter valget av ny biskop i Nord-H\u00e5logaland i forrige uke.\u00a0<\/p>\n<p>Stig L\u00e6gdene ble valgt som ny biskop i Nord-H\u00e5logaland med 16 av 17 stemmer.\u00a0<\/p>\n<p>Med s\u00e5 mange stemmer til L\u00e6gdene, var det liten tvil om hvem Kirker\u00e5det mente var best kvalifisert.\u00a0<\/p>\n","protected":false},"excerpt":{"rendered":"BEKLAGELSE: Jo Hedberg er leder av B\u00f8nnelista. Herman Frantzen B\u00f8nnelista hadde to stemmeberettigede til Kirker\u00e5dets valg av biskop&hellip;\n","protected":false},"author":2,"featured_media":42169,"comment_status":"","ping_status":"","sticky":false,"template":"","format":"standard","meta":{"footnotes":""},"categories":[10],"tags":[20,21,24,25,15,22,23,13,30,28,29,14,16,26,27],"class_list":{"0":"post-42168","1":"post","2":"type-post","3":"status-publish","4":"format-standard","5":"has-post-thumbnail","7":"category-norge","8":"tag-breaking-news","9":"tag-breakingnews","10":"tag-featured-news","11":"tag-featurednews","12":"tag-headlines","13":"tag-latest-news","14":"tag-latestnews","15":"tag-news","16":"tag-no","17":"tag-norge","18":"tag-norway","19":"tag-nyheter","20":"tag-overskrifter","21":"tag-top-stories","22":"tag-topstories"},"share_on_mastodon":{"url":"","error":""},"_links":{"self":[{"href":"https:\/\/www.europesays.com\/no\/wp-json\/wp\/v2\/posts\/42168","targetHints":{"allow":["GET"]}}],"collection":[{"href":"https:\/\/www.europesays.com\/no\/wp-json\/wp\/v2\/posts"}],"about":[{"href":"https:\/\/www.europesays.com\/no\/wp-json\/wp\/v2\/types\/post"}],"author":[{"embeddable":true,"href":"https:\/\/www.europesays.com\/no\/wp-json\/wp\/v2\/users\/2"}],"replies":[{"embeddable":true,"href":"https:\/\/www.europesays.com\/no\/wp-json\/wp\/v2\/comments?post=42168"}],"version-history":[{"count":0,"href":"https:\/\/www.europesays.com\/no\/wp-json\/wp\/v2\/posts\/42168\/revisions"}],"wp:featuredmedia":[{"embeddable":true,"href":"https:\/\/www.europesays.com\/no\/wp-json\/wp\/v2\/media\/42169"}],"wp:attachment":[{"href":"https:\/\/www.europesays.com\/no\/wp-json\/wp\/v2\/media?parent=42168"}],"wp:term":[{"taxonomy":"category","embeddable":true,"href":"https:\/\/www.europesays.com\/no\/wp-json\/wp\/v2\/categories?post=42168"},{"taxonomy":"post_tag","embeddable":true,"href":"https:\/\/www.europesays.com\/no\/wp-json\/wp\/v2\/tags?post=42168"}],"curies":[{"name":"wp","href":"https:\/\/api.w.org\/{rel}","templated":true}]}}