{"id":42170,"date":"2025-09-22T15:01:11","date_gmt":"2025-09-22T15:01:11","guid":{"rendered":"https:\/\/www.europesays.com\/no\/42170\/"},"modified":"2025-09-22T15:01:11","modified_gmt":"2025-09-22T15:01:11","slug":"ruben-om-legningen-det-ble-en-benektelse","status":"publish","type":"post","link":"https:\/\/www.europesays.com\/no\/42170\/","title":{"rendered":"Ruben om legningen: &#8211; Det ble en benektelse"},"content":{"rendered":"\n<ul class=\"_list_ew2ao_3 _list_64s2r_85 _unordered_ew2ao_99 text-sans-m\">\n<li class=\"_item_ew2ao_30\">Artisten Ruben skrev l\u00e5ten \u00abDu lyg\u00bb p\u00e5 norsk etter et brudd, noe som ble en start p\u00e5 \u00e5 lage flere l\u00e5ter p\u00e5 norsk, <\/li>\n<li class=\"_item_ew2ao_30\">Hans l\u00e5ter tar ofte for seg personlige temaer som angst, brudd og tap.<\/li>\n<li class=\"_item_ew2ao_30\">Rubens gjennombrudd kom med \u00abWalls\u00bb, og han har ogs\u00e5 vunnet Spellemannpris for \u00abLay By Me\u00bb.<\/li>\n<\/ul>\n<p>Vis mer <\/p>\n<p class=\"_paragraph_ew2ao_4 _paragraph_xtcu6_10 layout-component text-serif-m layout-normal text-serif-m layout-padded\">Ruben Markussen (30) \u2013 bare Ruben som kunstnernavn \u2013 fant seg selv liggende i fosterstilling dagen etter et kj\u00e6rlighetsbrudd da ordene kom til ham.<\/p>\n<p class=\"_paragraph_ew2ao_4 _paragraph_xtcu6_10 layout-component text-serif-m layout-normal text-serif-m layout-padded\">P\u00e5 norsk.<\/p>\n<p class=\"_paragraph_ew2ao_4 _paragraph_xtcu6_10 layout-component text-serif-m layout-normal text-serif-m layout-padded\">N\u00e5 er det p\u00e5 h\u00f8y tid \u00e5 dele b\u00e5de ny l\u00e5t og spr\u00e5kendring med andre.<\/p>\n<p class=\"_paragraph_ew2ao_4 _paragraph_xtcu6_10 layout-component text-serif-m layout-normal text-serif-m layout-padded\">\u2013 Jeg skrev den dagen etter et brudd, forteller Ruben om svennepr\u00f8ven p\u00e5 morsm\u00e5let, til og med p\u00e5 Bjark\u00f8y-dialekt, \u00abDu lyv\u00bb.<\/p>\n<p class=\"_paragraph_ew2ao_4 _paragraph_xtcu6_10 layout-component text-serif-m layout-normal text-serif-m layout-padded\">Behovet for \u00e5 skrive ned hjertesorgen og sortere tankene umiddelbart veide tungt, erkjenner han da VG m\u00f8ter ham hjemme i kollektivet p\u00e5 Majorstua i Oslo.<\/p>\n<p><img alt=\"Foto: Helen Wesnes \/ VG\" class=\"_image_qp4xg_65 layout-component layout-normal\" data-fullscreen- data-track-element-type=\"Article image fullscreen\" data-track-name=\"ImageFullscreen\" decoding=\"async\" loading=\"lazy\" height=\"3441\" itemprop=\"image\"  src=\"https:\/\/www.europesays.com\/no\/wp-content\/uploads\/2025\/09\/aa85948d-d30d-4bf0-b2b9-ce0c88e0c6e1\"  style=\"object-position:0% 0%\" width=\"4588\"\/>Foto: Helen Wesnes \/ VG<\/p>\n<p class=\"_paragraph_ew2ao_4 _paragraph_xtcu6_10 layout-component text-serif-m layout-normal text-serif-m layout-padded\">\u2013 Og jeg kjente at jeg ikke ville sitte der og da og oversette dette, for det var s\u00e5 mye jeg satt inne med som jeg ville f\u00e5 ut.<\/p>\n<p class=\"_paragraph_ew2ao_4 _paragraph_xtcu6_10 layout-component text-serif-m layout-normal text-serif-m layout-padded\"><strong class=\"_strong_ew2ao_25\">\u2013 Du fant ikke ordene p\u00e5 engelsk?<\/strong><\/p>\n<p class=\"_paragraph_ew2ao_4 _paragraph_xtcu6_10 layout-component text-serif-m layout-normal text-serif-m layout-padded\">\u2013 Det kunne jeg sikkert ha gjort, om jeg hadde brukt tid p\u00e5 det. Men det var dagen etter bruddet, og jeg var s\u00e5pass i kjelleren at jeg brukte de midlene jeg hadde.<\/p>\n<p class=\"_paragraph_ew2ao_4 _paragraph_xtcu6_10 layout-component text-serif-m layout-normal layout-padded\"><a href=\"https:\/\/www.vg.no\/rampelys\/i\/34bbJq\/trekker-seg-fra-kompani-lauritzen-en-slags-kortslutning\" data-track-element-type=\"Link\" data-track-id=\"link:34bbJq\" class=\"_link_ew2ao_39\" rel=\"nofollow noopener\" target=\"_blank\">Trekker seg fra \u00abKompani Lauritzen\u00bb: \u2013 En slags kortslutning<\/a><\/p>\n<p class=\"_paragraph_ew2ao_4 _paragraph_xtcu6_10 layout-component text-serif-m layout-normal text-serif-m layout-padded\">N\u00e5 lover Ruben flere l\u00e5ter p\u00e5 norsk, noe fansen \u00e5penbart setter pris p\u00e5. <\/p>\n<p class=\"_paragraph_ew2ao_4 _paragraph_xtcu6_10 layout-component text-serif-m layout-normal text-serif-m layout-padded\">De har oversv\u00f8mt hans sosiale medier-kanaler etter at han fremf\u00f8rte \u00abDu lyv\u00bb live for f\u00f8rste gang.<\/p>\n<p><img alt=\"Foto: Helen Wesnes \/ VG\" class=\"_image_qp4xg_65 layout-component layout-normal\" data-fullscreen- data-track-element-type=\"Article image fullscreen\" data-track-name=\"ImageFullscreen\" decoding=\"async\" loading=\"lazy\" height=\"3252\" itemprop=\"image\"  src=\"https:\/\/www.europesays.com\/no\/wp-content\/uploads\/2025\/09\/d424fa99-0daf-44c7-b0f1-e627a289c5b6\"  style=\"object-position:0% 0%\" width=\"4336\"\/>Foto: Helen Wesnes \/ VG<\/p>\n<p class=\"_paragraph_ew2ao_4 _paragraph_xtcu6_10 layout-component text-serif-m layout-normal text-serif-m layout-padded\">\u2013 Jo da, den blir med n\u00e5r jeg drar ut p\u00e5 turn\u00e9 igjen i oktober. Kanskje flere ogs\u00e5. Det har v\u00e6rt veldig mange meldinger med sp\u00f8rsm\u00e5l om n\u00e5r den kommer ut, sier han, og gir et eksempel p\u00e5 at det kanskje var for tidlig \u00e5 lufte sin \u00abnorske\u00bb side.<\/p>\n<p class=\"_paragraph_ew2ao_4 _paragraph_xtcu6_10 layout-component text-serif-m layout-normal text-serif-m layout-padded\">\u2013 Det f\u00f8ltes veldig rart \u00e5 synge \u00abDu lyv\u00bb live. Jeg deler denne med dere, liksom, men samtidig er den ikke ute og s\u00e5 er den veldig personlig. P\u00e5 noen av konsertene klarte jeg ikke \u00e5 synge den ordentlig.<\/p>\n<ul class=\"_gallery_1qa3s_23\" tabindex=\"0\">\n<li class=\"_item_1qa3s_37\" data-index=\"0\"><img decoding=\"async\" class=\"_image_foru8_23 _articleGallery_foru8_39\" data-fullscreen- width=\"1024\" height=\"1024\" itemprop=\"image\" loading=\"lazy\"  src=\"https:\/\/www.europesays.com\/no\/wp-content\/uploads\/2025\/09\/280acf95-2589-4453-9241-6a63a826e25c\"  style=\"object-position:45.751953125% 47.16796875%;aspect-ratio:var(--gallery-aspect-ratio, 16 \/ 9)\"\/>Ruben bor i en gammel byg\u00e5rd p\u00e5 Majorstua i Oslo med fine detaljer.<\/li>\n<li class=\"_item_1qa3s_37\" data-index=\"1\"><img decoding=\"async\" class=\"_image_foru8_23 _articleGallery_foru8_39\" data-fullscreen- width=\"1024\" height=\"683\" itemprop=\"image\" loading=\"lazy\"  src=\"https:\/\/www.europesays.com\/no\/wp-content\/uploads\/2025\/09\/ca2d2d3a-eadb-4374-94eb-dd1b16bcff95\"  style=\"object-position:47.412109375% 55.92972181551976%;aspect-ratio:var(--gallery-aspect-ratio, 16 \/ 9)\"\/>P\u00e5 sitt eget rom i kollektivet finsliper Ruben l\u00e5tene sine.<\/li>\n<li class=\"_item_1qa3s_37\" data-index=\"2\"><img decoding=\"async\" class=\"_image_foru8_23 _articleGallery_foru8_39\" data-fullscreen- width=\"1024\" height=\"683\" itemprop=\"image\" loading=\"lazy\"  src=\"https:\/\/www.europesays.com\/no\/wp-content\/uploads\/2025\/09\/06df19c9-c517-48ae-bbc1-188b17c40b2f\"  style=\"object-position:55.322265625% 46.925329428989755%;aspect-ratio:var(--gallery-aspect-ratio, 16 \/ 9)\"\/><\/li>\n<\/ul>\n<p>Ruben bor i en gammel byg\u00e5rd p\u00e5 Majorstua i Oslo med fine detaljer.<\/p>\n<p class=\"_paragraph_ew2ao_4 _paragraph_xtcu6_10 layout-component text-serif-m layout-normal text-serif-m layout-padded\">Ruben understreker flere ganger at han ikke \u2013 ikke egentlig \u2013 er utpreget glad i \u00e5 utlevere sin private side, det er gjennom musikken han kan \u00e5pne seg mer, bedyrer han.<\/p>\n<p class=\"_paragraph_ew2ao_4 _paragraph_xtcu6_10 layout-component text-serif-m layout-normal text-serif-m layout-padded\">Og det til gagns.<\/p>\n<p class=\"_paragraph_ew2ao_4 _paragraph_xtcu6_10 layout-component text-serif-m layout-normal text-serif-m layout-padded\">Gjennombruddsl\u00e5ta \u00abWalls\u00bb, for eksempel. Den handler om hvordan menn bygger vegger rundt sine egne f\u00f8lelser og har utgangspunkt i Rubens egne opplevelser med sosial angst i ten\u00e5rene.<\/p>\n<p class=\"_paragraph_ew2ao_4 _paragraph_xtcu6_10 layout-component text-serif-m layout-normal text-serif-m layout-padded\">\u2013 Ja, hele den f\u00f8rste EP-en handler mye om at jeg ikke helt forsto hva jeg gikk gjennom. Det var angst og depresjon, hele den pakka der. Jeg brukte tid p\u00e5 \u00e5 skrive for \u00e5 forst\u00e5 alle disse f\u00f8lelsene, fordi jeg visste ikke spesifikt om det var depresjon eller sosial angst. Litt som med \u00abDu lyv\u00bb. Jeg skriver ofte for \u00e5 forst\u00e5 verden med musikk. Eller livet mitt eller f\u00f8lelsene mine.<\/p>\n<p class=\"_paragraph_ew2ao_4 _paragraph_xtcu6_10 layout-component text-serif-m layout-normal text-serif-m layout-padded\"><strong class=\"_strong_ew2ao_25\">\u2013 Det er ren terapi?<\/strong><\/p>\n<p class=\"_paragraph_ew2ao_4 _paragraph_xtcu6_10 layout-component text-serif-m layout-normal text-serif-m layout-padded\">\u2013 Ja, det er jo det.<\/p>\n<p class=\"_paragraph_ew2ao_4 _paragraph_xtcu6_10 layout-component text-serif-m layout-normal text-serif-m layout-padded\">Med \u00abWalls\u00bb ble Ruben plutselig allemannseie. Han ble nominert b\u00e5de til Spellemann og P3 Gull. I dag har han over 630.000 m\u00e5nedlige lyttere p\u00e5 <a href=\"https:\/\/www.vg.no\/tag\/spotify?utm_source=vg-article&amp;utm_medium=auto-tagger&amp;utm_campaign=dRyQVJ\" class=\"_link_ew2ao_39\" rel=\"nofollow noopener\" target=\"_blank\">Spotify<\/a>.<\/p>\n<p class=\"_paragraph_ew2ao_4 _paragraph_xtcu6_10 layout-component text-serif-m layout-normal text-serif-m layout-padded\">Hans neste l\u00e5t, \u00abLay By Me\u00bb, fikk Spellemannpris. Den n\u00e6rmer seg 161 millioner avspillinger p\u00e5 Spotify.<\/p>\n<p class=\"_paragraph_ew2ao_4 _paragraph_xtcu6_10 layout-component text-serif-m layout-normal text-serif-m layout-padded\">Og har en enda sterkere historie.<\/p>\n<p class=\"_paragraph_ew2ao_4 _paragraph_xtcu6_10 layout-component text-serif-m layout-normal text-serif-m layout-padded\">\u2013 Den startet med at jeg ville skrive til folk som st\u00f8ttet meg og var der for meg da jeg fikk det til, sier Ruben om det neste kapittelet etter \u00abWalls\u00bb-suksessen.<\/p>\n<p class=\"_paragraph_ew2ao_4 _paragraph_xtcu6_10 layout-component text-serif-m layout-normal text-serif-m layout-padded\">S\u00e5 ble faren kreftsyk.<\/p>\n<p class=\"_paragraph_ew2ao_4 _paragraph_xtcu6_10 layout-component text-serif-m layout-normal layout-padded\"><a href=\"https:\/\/www.vg.no\/rampelys\/i\/2GoQ0R\/ruben-og-pappaen-fant-tilbake-til-hverandre-da-kreften-rammet\" data-track-element-type=\"Link\" data-track-id=\"link:2GoQ0R\" class=\"_link_ew2ao_39\" rel=\"nofollow noopener\" target=\"_blank\">Ruben og pappaen fant tilbake til hverandre da kreften rammet<\/a><\/p>\n<p class=\"_paragraph_ew2ao_4 _paragraph_xtcu6_10 layout-component text-serif-m layout-normal text-serif-m layout-padded\">\u2013 Da ble det mer en l\u00e5t til ham, at jeg kan v\u00e6re her for deg, p\u00e5 en m\u00e5te. For han l\u00e5 der og var syk, og vi hadde aldri v\u00e6rt ordentlig tette da jeg var barn, men da jeg ble voksen og han ble s\u00e5 syk, fikk jeg muligheten til \u00e5 komme tilbake til det.<\/p>\n<p class=\"_paragraph_ew2ao_4 _paragraph_xtcu6_10 layout-component text-serif-m layout-normal text-serif-m layout-padded\">\u00abYou can lay by me, I still care. When you need, lay by me\u00bb, synger Ruben i l\u00e5ten.<\/p>\n<p class=\"_paragraph_ew2ao_4 _paragraph_xtcu6_10 layout-component text-serif-m layout-normal text-serif-m layout-padded\">\u2013 Jeg ville si at n\u00e5 kunne jeg v\u00e6re der for ham. Jeg hadde ikke v\u00e6rt der hele tiden \u2013 det var min s\u00f8ster, 100 prosent, som bor i nord \u2013 men vi kom n\u00e6rmere hverandre. Og jeg tror at han ogs\u00e5 tillot seg selv \u00e5 \u00e5pne seg mer opp. <\/p>\n<p class=\"_paragraph_ew2ao_4 _paragraph_xtcu6_10 layout-component text-serif-m layout-normal text-serif-m layout-padded\"><strong class=\"_strong_ew2ao_25\">\u2013 Han rakk \u00e5 h\u00f8re den?<\/strong><\/p>\n<p class=\"_paragraph_ew2ao_4 _paragraph_xtcu6_10 layout-component text-serif-m layout-normal text-serif-m layout-padded\">Ruben nikker sakte.<\/p>\n<p class=\"_paragraph_ew2ao_4 _paragraph_xtcu6_10 layout-component text-serif-m layout-normal text-serif-m layout-padded\">\u2013 Ja, han rakk \u00e5 h\u00f8re l\u00e5ta. Han kunne ikke svare s\u00e5 mye da jeg viste ham l\u00e5ta, men han ga meg tommel opp.<\/p>\n<p class=\"_paragraph_ew2ao_4 _paragraph_xtcu6_10 layout-component text-serif-m layout-normal text-serif-m layout-padded\">Senere p\u00e5 \u00e5ret, i september 2018, d\u00f8de Trond Markussen.<\/p>\n<p><img alt=\"Foto: Helen Wesnes \/ VG\" class=\"_image_qp4xg_65 layout-component layout-normal\" data-fullscreen- data-track-element-type=\"Article image fullscreen\" data-track-name=\"ImageFullscreen\" decoding=\"async\" loading=\"lazy\" height=\"8640\" itemprop=\"image\"  src=\"https:\/\/www.europesays.com\/no\/wp-content\/uploads\/2025\/09\/393a441b-8818-489e-8c1d-0641db91fa5c\"  style=\"object-position:0% 0%\" width=\"5760\"\/>Foto: Helen Wesnes \/ VG<\/p>\n<p class=\"_paragraph_ew2ao_4 _paragraph_xtcu6_10 layout-component text-serif-m layout-normal text-serif-m layout-padded\">Ett av Rubens st\u00f8rste \u00f8nsker for l\u00e5tene sine er at de gir gjenklang hos lytterne, at de kan bety noe.<\/p>\n<p class=\"_paragraph_ew2ao_4 _paragraph_xtcu6_10 layout-component text-serif-m layout-normal text-serif-m layout-padded\">\u2013 Det er fint at folk kjenner seg igjen i de m\u00f8rke l\u00e5tene, selv om det er trist at folk har det s\u00e5nn. Men at de kan v\u00e6re til hjelp, det er fint, sier han.<\/p>\n<p class=\"_paragraph_ew2ao_4 _paragraph_xtcu6_10 layout-component text-serif-m layout-normal text-serif-m layout-padded\">Men tro n\u00e5 ikke at Ruben er en konstant kj\u00e6rlighetss\u00f8rgende grubler med evig hang til melankoli. Selv understreker han flere ganger at lekenheten vil v\u00e6re tydeligere til stede p\u00e5 den kommende h\u00f8stturneen enn tidligere.<\/p>\n<p class=\"_paragraph_ew2ao_4 _paragraph_xtcu6_10 layout-component text-serif-m layout-normal text-serif-m layout-padded\">Ogs\u00e5 i l\u00e5tene kan man gjenkjenne denne lekenheten, for hva med \u00abGirlfriend\u00bb?<\/p>\n<p class=\"_paragraph_ew2ao_4 _paragraph_xtcu6_10 layout-component text-serif-m layout-normal text-serif-m layout-padded\">\u2013 Det er en kul l\u00e5t! kommer det kontant fra Ruben.<\/p>\n<p class=\"_paragraph_ew2ao_4 _paragraph_xtcu6_10 layout-component text-serif-m layout-normal layout-padded\"><strong class=\"_strong_ew2ao_25\">Les ogs\u00e5:<\/strong> <a href=\"https:\/\/www.vg.no\/i\/Ady7Rz\" data-track-element-type=\"Link\" data-track-id=\"link:Ady7Rz\" class=\"_link_ew2ao_39\" rel=\"nofollow noopener\" target=\"_blank\">Spellemannprisen: Ruben vant \u00e5rets l\u00e5t: \u2013 Tror pappa hadde v\u00e6rt stolt<\/a><\/p>\n<p class=\"_paragraph_ew2ao_4 _paragraph_xtcu6_10 layout-component text-serif-m layout-normal text-serif-m layout-padded\">\u2013 Den kom veldig fort ogs\u00e5. Jeg var p\u00e5 en fest og der var det en fyr som bare var fantastisk og hadde alt jeg vil ha i en kj\u00e6reste. S\u00e5 er han selvf\u00f8lgelig heterofil &#8230; S\u00e5 g\u00e5r man p\u00e5 den smellen igjen \u2013 man f\u00e5r et crush p\u00e5 noen man ikke kan f\u00e5!<\/p>\n<p class=\"_paragraph_ew2ao_4 _paragraph_xtcu6_10 layout-component text-serif-m layout-normal text-serif-m layout-padded\">\u00abAll the things that your girl won&#8217;t do, I&#8217;d cross that line if you asked me to\u00bb, lokker Ruben med i sangen.<\/p>\n<p class=\"_paragraph_ew2ao_4 _paragraph_xtcu6_10 layout-component text-serif-m layout-normal text-serif-m layout-padded\">\u2013 S\u00e5 dro jeg hjem og begynte \u00e5 skrive. Litt mer neste dag og dagen etter. S\u00e5 til produsentene mine i K\u00f8benhavn som syntes det var kjempemorsomt. Ok, tenkte jeg, da gj\u00f8r vi det!<\/p>\n<p><img alt=\"Foto: Helen Wesnes \/ VG\" class=\"_image_qp4xg_65 layout-component layout-normal\" data-fullscreen- data-track-element-type=\"Article image fullscreen\" data-track-name=\"ImageFullscreen\" decoding=\"async\" loading=\"lazy\" height=\"683\" itemprop=\"image\"  src=\"https:\/\/www.europesays.com\/no\/wp-content\/uploads\/2025\/09\/0b9dfc64-15e9-474f-8464-f6fec9a1870a\"  style=\"object-position:45.361328125% 34.55344070278185%\" width=\"1024\"\/>Foto: Helen Wesnes \/ VG<\/p>\n<p class=\"_paragraph_ew2ao_4 _paragraph_xtcu6_10 layout-component text-serif-m layout-normal text-serif-m layout-padded\">Ruben var usikker p\u00e5 om han skulle gi den ut, men fant ut at alt trenger da farsken ikke v\u00e6re s\u00e5 seri\u00f8st. Hans offisielle CV fikk dermed ogs\u00e5 en l\u00e5t som heter \u00abjentekj\u00e6reste\u00bb, selv om tekstskribenten allerede som ti\u00e5ring oppdaget at det neppe kom til \u00e5 bli jentekj\u00e6rester p\u00e5 ham.<\/p>\n<p class=\"_paragraph_ew2ao_4 _paragraph_xtcu6_10 layout-component text-serif-m layout-normal text-serif-m layout-padded\">Det m\u00e5tte ha plaget den unge Ruben en smule den gangen, ettersom han bestemte seg for at som elleve\u00e5ring skulle han bli heterofil.<\/p>\n<p class=\"_paragraph_ew2ao_4 _paragraph_xtcu6_10 layout-component text-serif-m layout-normal text-serif-m layout-padded\">\u2013 Jeg hadde en plan om det, ja, humrer Ruben.<\/p>\n<p class=\"_paragraph_ew2ao_4 _paragraph_xtcu6_10 layout-component text-serif-m layout-normal text-serif-m layout-padded\"><strong class=\"_strong_ew2ao_25\">\u2013 Men det gikk ikke helt etter planen?<\/strong><\/p>\n<p class=\"_paragraph_ew2ao_4 _paragraph_xtcu6_10 layout-component text-serif-m layout-normal text-serif-m layout-padded\">\u2013 Nei, det gjorde ikke det. Det er visst ikke helt slik det funker!<\/p>\n<p><img alt=\"Foto: Helen Wesnes \/ VG\" class=\"_image_qp4xg_65 layout-component layout-normal\" data-fullscreen- data-track-element-type=\"Article image fullscreen\" data-track-name=\"ImageFullscreen\" decoding=\"async\" loading=\"lazy\" height=\"4997\" itemprop=\"image\"  src=\"https:\/\/www.europesays.com\/no\/wp-content\/uploads\/2025\/09\/8385031c-14a8-4f6a-b130-317f350585d1\"  style=\"object-position:0% 0%\" width=\"6662\"\/>Foto: Helen Wesnes \/ VG<\/p>\n<p class=\"_paragraph_ew2ao_4 _paragraph_xtcu6_10 layout-component text-serif-m layout-normal text-serif-m layout-padded\">I ettertid er Ruben nesten sjokkert over at dette er tanker som en ti\u00e5ring kan ha.<\/p>\n<p class=\"_paragraph_ew2ao_4 _paragraph_xtcu6_10 layout-component text-serif-m layout-normal text-serif-m layout-padded\">\u2013 Det er litt sjukt \u00e5 tenke slik som ti\u00e5ring, at s\u00e5nn skal jeg ikke v\u00e6re om ett \u00e5r. Man er barn, liksom. N\u00e5r jeg ser barn i den alderen, tenker jeg heller at det er mer barnsligere ting de g\u00e5r gjennom, noe med skolen eller annet. Jeg vet ikke helt hvor vanlig det er.<\/p>\n<p class=\"_paragraph_ew2ao_4 _paragraph_xtcu6_10 layout-component text-serif-m layout-normal layout-padded\"><a href=\"https:\/\/www.vg.no\/rampelys\/i\/VR3VPJ\/streamingsuksessen-ruben-23-fikk-sosial-angst-som-13-aaring-det-er-lov-aa-ha-det-kjipt\" data-track-element-type=\"Link\" data-track-id=\"link:VR3VPJ\" class=\"_link_ew2ao_39\" rel=\"nofollow noopener\" target=\"_blank\">Streamingsuksessen Ruben (23) fikk sosial angst som 13-\u00e5ring: \u2013 Det er lov \u00e5 ha det kjipt<\/a><\/p>\n<p class=\"_paragraph_ew2ao_4 _paragraph_xtcu6_10 layout-component text-serif-m layout-normal text-serif-m layout-padded\">Ruben ser ikke bort fra at den sosiale angsten han utviklet gjennom ten\u00e5rene henger sammen med oppdagelsen av at han var skeiv.<\/p>\n<p class=\"_paragraph_ew2ao_4 _paragraph_xtcu6_10 layout-component text-serif-m layout-normal text-serif-m layout-padded\">\u2013 Jeg tror det kan henge litt sammen, for det ble en benektelse. N\u00e5r jeg som ti\u00e5ring sa at jeg ville v\u00e6re heterofil da jeg ble elleve, s\u00e5 ble jo det en benektelse fra jeg var 11 \u00e5r.<\/p>\n<p class=\"_paragraph_ew2ao_4 _paragraph_xtcu6_10 layout-component text-serif-m layout-normal text-serif-m layout-padded\">Han tenker seg om.<\/p>\n<p><img alt=\"Ruben melder overgang fra engelsk til norsk med \u00abDu lyv\u00bb.  Foto: Helen Wesnes \/ VG\" class=\"_image_qp4xg_65 layout-component layout-normal\" data-fullscreen- data-track-element-type=\"Article image fullscreen\" data-track-name=\"ImageFullscreen\" decoding=\"async\" loading=\"lazy\" height=\"5613\" itemprop=\"image\"  src=\"https:\/\/www.europesays.com\/no\/wp-content\/uploads\/2025\/09\/0542dd80-b0cd-469d-811f-14bf29767184\"  style=\"object-position:0% 0%\" width=\"8419\"\/>Ruben melder overgang fra engelsk til norsk med \u00abDu lyv\u00bb.  Foto: Helen Wesnes \/ VG<\/p>\n<p class=\"_paragraph_ew2ao_4 _paragraph_xtcu6_10 layout-component text-serif-m layout-normal text-serif-m layout-padded\">\u2013 Jeg likte nok ikke helt den jeg var. Og jeg gikk jo selv rundt og brukte skjellsord mot blant andre homofile. N\u00e5r man er homofil, eller skeiv, s\u00e5 sier man disse tingene for \u00e5 holde det litt p\u00e5 avstand. S\u00e5 ja, jeg tror det kan henge litt sammen, for det oppsto en liten usikkerhet der, mener Ruben.<\/p>\n<p class=\"_paragraph_ew2ao_4 _paragraph_xtcu6_10 layout-component text-serif-m layout-normal text-serif-m layout-padded\">Som 14-\u00e5ring fortalte han om legningen til sin s\u00f8ster, deretter til moren samme dag. Han v\u00e5get ikke helt \u00e5 fortelle faren og ba moren gj\u00f8re det.<\/p>\n<p class=\"_paragraph_ew2ao_4 _paragraph_xtcu6_10 layout-component text-serif-m layout-normal text-serif-m layout-padded\">Noen \u00e5r senere fortalte han det til noen venninner.<\/p>\n<p class=\"_paragraph_ew2ao_4 _paragraph_xtcu6_10 layout-component text-serif-m layout-normal text-serif-m layout-padded\">\u2013 Det ble ikke den store samtalen. De hadde jo skj\u00f8nt det for lengst.<\/p>\n<p class=\"_paragraph_ew2ao_4 _paragraph_xtcu6_10 layout-component text-serif-m layout-normal text-serif-m layout-padded\">I dag er Ruben single. Han trives med det ogs\u00e5.<\/p>\n<p class=\"_paragraph_ew2ao_4 _paragraph_xtcu6_10 layout-component text-serif-m layout-normal text-serif-m layout-padded\">\u2013 Jeg dater jo i hytt og pine &#8230; Eller det var kanskje litt sterkt sagt. Men jeg kjenner p\u00e5 at det ogs\u00e5 er fint \u00e5 kunne v\u00e6re alene og prioritere jobben, bare tenke p\u00e5 musikken og bruke tida p\u00e5 det.<\/p>\n<p class=\"_paragraph_ew2ao_4 _paragraph_xtcu6_10 layout-component text-serif-m layout-normal text-serif-m layout-padded\"><strong class=\"_strong_ew2ao_25\">\u2013 Men hva er det med nordnorske popstjerner som b\u00e5de er skeive og skriver hudl\u00f8se rett i hjertet-tekster \u2013 du, Kristian Kristensen og Sondre Justad \u2013 er det nordlyset?<\/strong><\/p>\n<p class=\"_paragraph_ew2ao_4 _paragraph_xtcu6_10 layout-component text-serif-m layout-normal text-serif-m layout-padded\">\u2013 Ja, kanskje det. Vi har vel v\u00e6rt gjennom noen vintre. Det er en herlig b\u00f8lge!<\/p>\n","protected":false},"excerpt":{"rendered":"Artisten Ruben skrev l\u00e5ten \u00abDu lyg\u00bb p\u00e5 norsk etter et brudd, noe som ble en start p\u00e5 \u00e5&hellip;\n","protected":false},"author":2,"featured_media":42171,"comment_status":"","ping_status":"","sticky":false,"template":"","format":"standard","meta":{"footnotes":""},"categories":[58],"tags":[6625,615,71,221,30,28,29,6624,2240,251,72],"class_list":{"0":"post-42170","1":"post","2":"type-post","3":"status-publish","4":"format-standard","5":"has-post-thumbnail","7":"category-underholdning","8":"tag-angst","9":"tag-depresjon","10":"tag-entertainment","11":"tag-musikk","12":"tag-no","13":"tag-norge","14":"tag-norway","15":"tag-ruben","16":"tag-skeive","17":"tag-spotify","18":"tag-underholdning"},"share_on_mastodon":{"url":"","error":""},"_links":{"self":[{"href":"https:\/\/www.europesays.com\/no\/wp-json\/wp\/v2\/posts\/42170","targetHints":{"allow":["GET"]}}],"collection":[{"href":"https:\/\/www.europesays.com\/no\/wp-json\/wp\/v2\/posts"}],"about":[{"href":"https:\/\/www.europesays.com\/no\/wp-json\/wp\/v2\/types\/post"}],"author":[{"embeddable":true,"href":"https:\/\/www.europesays.com\/no\/wp-json\/wp\/v2\/users\/2"}],"replies":[{"embeddable":true,"href":"https:\/\/www.europesays.com\/no\/wp-json\/wp\/v2\/comments?post=42170"}],"version-history":[{"count":0,"href":"https:\/\/www.europesays.com\/no\/wp-json\/wp\/v2\/posts\/42170\/revisions"}],"wp:featuredmedia":[{"embeddable":true,"href":"https:\/\/www.europesays.com\/no\/wp-json\/wp\/v2\/media\/42171"}],"wp:attachment":[{"href":"https:\/\/www.europesays.com\/no\/wp-json\/wp\/v2\/media?parent=42170"}],"wp:term":[{"taxonomy":"category","embeddable":true,"href":"https:\/\/www.europesays.com\/no\/wp-json\/wp\/v2\/categories?post=42170"},{"taxonomy":"post_tag","embeddable":true,"href":"https:\/\/www.europesays.com\/no\/wp-json\/wp\/v2\/tags?post=42170"}],"curies":[{"name":"wp","href":"https:\/\/api.w.org\/{rel}","templated":true}]}}