{"id":42179,"date":"2025-09-22T15:18:09","date_gmt":"2025-09-22T15:18:09","guid":{"rendered":"https:\/\/www.europesays.com\/no\/42179\/"},"modified":"2025-09-22T15:18:09","modified_gmt":"2025-09-22T15:18:09","slug":"debora-estrella-43-omkom-i-flystyrt-tv-profilens-bortgang-ryster-mexico","status":"publish","type":"post","link":"https:\/\/www.europesays.com\/no\/42179\/","title":{"rendered":"D\u00e9bora Estrella (43) omkom i flystyrt: TV-profilens bortgang ryster Mexico"},"content":{"rendered":"<p class=\"kicker \" style=\"\">Debora Estrella:\u00a0<\/p>\n<p>  Mexico er i sjokk etter at TV-profilen d\u00f8de i en ulykke l\u00f8rdag.<\/p>\n<p>\n    MEXICO: TV-profilen D\u00e9bora Estrella d\u00f8de i en flyulykke i l\u00f8rdag kveld. Den kjente programlederen ble bare 43 \u00e5r gammel. Foto: Instagram \/ @deboraestrella\n  <\/p>\n<p>Den meksikanske TV-personligheten D\u00e9bora Estrella (43) er d\u00f8d etter en flystyrt i byen Garc\u00eda i delstaten Nuevo Le\u00f3n.\u00a0<\/p>\n<p class=\"font-weight-bold m-font-weight-bold\" data-lab-font_weight=\"font-weight-bold\">D\u00e9bora var p\u00e5 en flytur sammen med piloten Bryan Ballesteros da ulykken inntraff l\u00f8rdag kveld. Begge mistet livet.<\/p>\n<p>    <a itemprop=\"url\" href=\"https:\/\/www.seher.no\/kjendis\/grammy-vinner-57-dode-i-flyulykke\/83615455\" rel=\"nofollow noopener\" target=\"_blank\"><\/p>\n<p>      <img loading=\"lazy\" decoding=\"async\" src=\"https:\/\/www.europesays.com\/no\/wp-content\/uploads\/2025\/09\/1758554288_0_83615082.webp\" width=\"980\" height=\"441\" title=\"Omkom i flyulykke\" alt=\"\" class=\"lazyload\" style=\"--aspect-ratio-image: 2.22; \"\/><\/p>\n<p>        Omkom i flyulykke<\/p>\n<p>    <\/a><\/p>\n<p> Nyheten om d\u00f8dsfallet bekreftes av flere meksikanske medier, deriblant\u00a0<a href=\"https:\/\/www.infobae.com\/mexico\/2025\/09\/21\/revelan-motivo-del-vuelo-de-debora-estrella-conductora-de-television-fallecida-en-un-accidente-aereo-en-nl\/\" rel=\"nofollow noopener\" target=\"_blank\">Infobae M\u00e9xico<\/a> og <a href=\"https:\/\/www.univision.com\/famosos\/muere-debora-estrella-accidente-ultima-foto-avioneta\" rel=\"nofollow noopener\" target=\"_blank\">Univision<\/a>.\u00a0<\/p>\n<p>Like f\u00f8r avgang delte TV-profilen flere historier p\u00e5 Instagram, der hun viste frem et \u00abTop Gun\u00bb-antrekk og la ut bilde av et lite propellfly med teksten: \u00abKan dere gjette hva?\u00bb<\/p>\n<p>          <img loading=\"lazy\" decoding=\"async\" src=\"https:\/\/www.europesays.com\/no\/wp-content\/uploads\/2025\/09\/83627995.webp\" width=\"686\" height=\"700\" title=\"KJENT FJES: D\u00e9bora Estrella var en kjent TV-profil i Monterrey, der hun ledet morgenutgaven av nyhetsprogrammet \u00abTelediario Matutino\u00bb p\u00e5 Multimedios Televisi\u00f3n. Foto: Instagram \/ @deboraestrella\" alt=\"\" class=\"\" style=\"--aspect-ratio-image: 0.98; \"\/><\/p>\n<p>\n          KJENT FJES: D\u00e9bora Estrella var en kjent TV-profil i Monterrey, der hun ledet morgenutgaven av nyhetsprogrammet \u00abTelediario Matutino\u00bb p\u00e5 Multimedios Televisi\u00f3n. Foto: Instagram \/ @deboraestrella\n      <\/p>\n<p>If\u00f8lge meksikanske medier hadde D\u00e9bora begynt \u00e5 ta flytimer og dr\u00f8mte om \u00e5 l\u00e6re \u00e5 fly selv. Kort tid senere gikk det galt.\u00a0<\/p>\n<p>Vitner forteller at flyet fl\u00f8y lavt og virket \u00e5 miste kontrollen da det fors\u00f8kte \u00e5 snu. Det styrtet i et industriomr\u00e5de utenfor Monterrey, og b\u00e5de redningsmannskaper og politi rykket raskt ut til stedet.<\/p>\n<p>        DUKKET OPP: Til tross for kongehusets reservasjon fra \u00e5 bli filmet av Netflix, viste dokumentaren kronprins Haakon Magnus i samtale med Durek Verrett inne p\u00e5 den lukkede festen i den f\u00f8rste versjonen. Klippet er n\u00e5 fjernet &#8211; men du kan se det her! Video: Netflix \/ R\u00f8d L\u00f8per<\/p>\n<p>Nyheten om d\u00f8dsfallet har f\u00e5tt stor oppmerksomhet i Mexico og internasjonalt. P\u00e5 sosiale medier flommer det over av kondolanser, og TV-profilens siste innlegg kommenteres n\u00e5 av tusenvis av f\u00f8lgere.<\/p>\n<p>    <a itemprop=\"url\" href=\"https:\/\/www.seher.no\/kjendis\/brudd-for-stjerneparet\/83599228\" rel=\"nofollow noopener\" target=\"_blank\"><\/p>\n<p>      <img loading=\"lazy\" decoding=\"async\" src=\"https:\/\/www.europesays.com\/no\/wp-content\/uploads\/2025\/09\/83626967.webp\" width=\"980\" height=\"441\" title=\"Brudd for stjerneparet\" alt=\"\" class=\"lazyload\" style=\"--aspect-ratio-image: 2.22; \"\/><\/p>\n<p>        Brudd for stjerneparet<\/p>\n<p>    <\/a><\/p>\n<p> D\u00e9bora var en kjent programleder p\u00e5 kanalen Multimedios Televisi\u00f3n, der hun siden 2018 ledet morgensendingen \u00abTelediario Matutino\u00bb.\u00a0<\/p>\n<p>Hun hadde over 329 000 f\u00f8lgere p\u00e5 Instagram, der hun delte alt fra TV-opptredener til hverdagsglimt.<\/p>\n<p>To dager f\u00f8r ulykken la D\u00e9bora ut et bilde foran en stor skjerm med teksten \u00abGod dag\u00bb.\u00a0<\/p>\n<p>Innlegget ble tagget med klesmerket GLAD SHOWROOM, som senere bekreftet TV-profilens bortgang i et f\u00f8lelsesladet innlegg.<\/p>\n<p class=\"font-weight-bold m-font-weight-bold\" data-lab-font_weight=\"font-weight-bold\">\u00abTakk, kj\u00e6re venn. Vi elsker deg, og vi vil alltid huske smilet ditt, de gode klemmene, det varme lyset ditt og alle de fine gestene\u00bb, skrev de.<\/p>\n<p>Piloten Bryan Ballesteros hadde bakgrunn fra flyselskapet Viva Aerob\u00fas og jobbet som instrukt\u00f8r.<\/p>\n<p>Myndighetene har startet etterforskning for \u00e5 finne \u00e5rsaken til ulykken.<\/p>\n","protected":false},"excerpt":{"rendered":"Debora Estrella:\u00a0 Mexico er i sjokk etter at TV-profilen d\u00f8de i en ulykke l\u00f8rdag. MEXICO: TV-profilen D\u00e9bora Estrella&hellip;\n","protected":false},"author":2,"featured_media":42180,"comment_status":"","ping_status":"","sticky":false,"template":"","format":"standard","meta":{"footnotes":""},"categories":[12],"tags":[20,21,24,25,15,479,2543,4916,22,23,13,30,28,29,14,16,26,27,42,43,44,45],"class_list":{"0":"post-42179","1":"post","2":"type-post","3":"status-publish","4":"format-standard","5":"has-post-thumbnail","7":"category-verden","8":"tag-breaking-news","9":"tag-breakingnews","10":"tag-featured-news","11":"tag-featurednews","12":"tag-headlines","13":"tag-kjendis","14":"tag-kjendisdesken","15":"tag-kjendisdodsfall","16":"tag-latest-news","17":"tag-latestnews","18":"tag-news","19":"tag-no","20":"tag-norge","21":"tag-norway","22":"tag-nyheter","23":"tag-overskrifter","24":"tag-top-stories","25":"tag-topstories","26":"tag-verden","27":"tag-world","28":"tag-world-news","29":"tag-worldnews"},"share_on_mastodon":{"url":"","error":""},"_links":{"self":[{"href":"https:\/\/www.europesays.com\/no\/wp-json\/wp\/v2\/posts\/42179","targetHints":{"allow":["GET"]}}],"collection":[{"href":"https:\/\/www.europesays.com\/no\/wp-json\/wp\/v2\/posts"}],"about":[{"href":"https:\/\/www.europesays.com\/no\/wp-json\/wp\/v2\/types\/post"}],"author":[{"embeddable":true,"href":"https:\/\/www.europesays.com\/no\/wp-json\/wp\/v2\/users\/2"}],"replies":[{"embeddable":true,"href":"https:\/\/www.europesays.com\/no\/wp-json\/wp\/v2\/comments?post=42179"}],"version-history":[{"count":0,"href":"https:\/\/www.europesays.com\/no\/wp-json\/wp\/v2\/posts\/42179\/revisions"}],"wp:featuredmedia":[{"embeddable":true,"href":"https:\/\/www.europesays.com\/no\/wp-json\/wp\/v2\/media\/42180"}],"wp:attachment":[{"href":"https:\/\/www.europesays.com\/no\/wp-json\/wp\/v2\/media?parent=42179"}],"wp:term":[{"taxonomy":"category","embeddable":true,"href":"https:\/\/www.europesays.com\/no\/wp-json\/wp\/v2\/categories?post=42179"},{"taxonomy":"post_tag","embeddable":true,"href":"https:\/\/www.europesays.com\/no\/wp-json\/wp\/v2\/tags?post=42179"}],"curies":[{"name":"wp","href":"https:\/\/api.w.org\/{rel}","templated":true}]}}