{"id":42181,"date":"2025-09-22T15:19:10","date_gmt":"2025-09-22T15:19:10","guid":{"rendered":"https:\/\/www.europesays.com\/no\/42181\/"},"modified":"2025-09-22T15:19:10","modified_gmt":"2025-09-22T15:19:10","slug":"ber-alle-bedrifter-tenke-ut-en-plan-b-for-kriser-og-krig","status":"publish","type":"post","link":"https:\/\/www.europesays.com\/no\/42181\/","title":{"rendered":"Ber alle bedrifter tenke ut en plan B for kriser og krig"},"content":{"rendered":"<p>  Vi m\u00e5 v\u00e6re bedre forberedt p\u00e5 krise, mener justisministeren. Alle \u2013 b\u00e5de store og sm\u00e5 bedrifter og alle offentlige virksomheter \u2013 blir bedt om \u00e5 lage en plan B.<\/p>\n<p>\n    Virksomhetene b\u00f8r n\u00e5 lage en plan for hvordan de skal h\u00e5ndtere en krise eller krig. Justisminister Astri Aas-Hansen (Ap) og DSB ber bedriftene om \u00e5 skaffe oversikt over hva som skal til for \u00e5 sikre driften, og hva som skjer n\u00e5r personell forsvinner. Foto: Ole Berg-Rusten \/ NTB\n  <\/p>\n<p>\u2013 En bedre forberedt befolkning styrker hele Norges beredskap. N\u00e5 oppfordrer vi ogs\u00e5 virksomhetene til \u00e5 forberede seg. Det er viktig for den enkelte bedrift, men ogs\u00e5 for kunder, brukere og hele samfunnet som er avhengig av at virksomhetene fungerer, sier justisminister Astri Aas-Hansen (Ap).<\/p>\n<p>Torsdag presenterte justisministeren og Direktoratet for samfunnssikkerhet og beredskap (DSB) egenberedskapsr\u00e5dene for alle norske virksomheter. De anbefaler alle \u00e5 ha en plan for hva de gj\u00f8r ved ulike kriser.<\/p>\n<p>Str\u00f8m og knekkebr\u00f8d\t<\/p>\n<p>Husholdningene v\u00e5re fikk i fjor en brosjyre med r\u00e5d om egenberedskap. Befolkningen ble bedt om \u00e5 forberede seg slik at de har dekket de mest grunnleggende behovene i en krise.<\/p>\n<p>Det gjelder \u00e5 tenke gjennom hvordan man holder varmen, f\u00e5r lys og lager mat om str\u00f8mmen forsvinner, om man har nok vann og holdbare matvarer, sikrer seg informasjon, har n\u00f8dvendige legemidler og det man trenger for hygiene.<\/p>\n<p>          <img loading=\"lazy\" decoding=\"async\" src=\"https:\/\/www.europesays.com\/no\/wp-content\/uploads\/2025\/09\/83628065.webp\" width=\"686\" height=\"446\" title=\"Fra Diakonhjemmet i Oslo i mai 2020: Under pandemien fikk vi alle merke hva som skjer n\u00e5r virksomheter og aktiviteter blir stengt ned. DSB skriver at virksomheter med kritisk samfunnsfunksjon m\u00e5 planlegge for \u00e5 opprettholde sine leveranser n\u00e6r sagt uansett hvilke p\u00e5kjenninger de utsettes for. Foto: Heiko Junge \/ NTB\" alt=\"\" class=\"\" style=\"--aspect-ratio-image: 1.54; \"\/><\/p>\n<p>\n          Fra Diakonhjemmet i Oslo i mai 2020: Under pandemien fikk vi alle merke hva som skjer n\u00e5r virksomheter og aktiviteter blir stengt ned. DSB skriver at virksomheter med kritisk samfunnsfunksjon m\u00e5 planlegge for \u00e5 opprettholde sine leveranser n\u00e6r sagt uansett hvilke p\u00e5kjenninger de utsettes for. Foto: Heiko Junge \/ NTB\n      <\/p>\n<p>Direkt\u00f8r Elisabeth Aars\u00e6ther i DSB sier at r\u00e5dene har hatt stor effekt, og i dag kjenner de fleste voksne til r\u00e5dene.<\/p>\n<p>\u2013 For \u00e5 ha et samfunn som fungerer godt i alle slags situasjoner, er det avgj\u00f8rende at ogs\u00e5 virksomheter er forberedt p\u00e5 \u00e5 h\u00e5ndtere kriser. En bedrift som har en plan B, gj\u00f8r Norge mer robust og er med p\u00e5 \u00e5 styrke samfunnssikkerheten, sier DSB-direkt\u00f8ren.<\/p>\n<p>    <a itemprop=\"url\" href=\"https:\/\/sol.no\/nyheter\/advarer-norske-stromkunder\/83628008\" rel=\"nofollow noopener\" target=\"_blank\"><\/p>\n<p>      <img loading=\"lazy\" decoding=\"async\" src=\"https:\/\/www.europesays.com\/no\/wp-content\/uploads\/2025\/09\/1758554349_263_83628017.webp\" width=\"980\" height=\"441\" title=\"Advarer norske str\u00f8mkunder\" alt=\"\" class=\"lazyload\" style=\"--aspect-ratio-image: 2.22; \"\/><\/p>\n<p>        Advarer norske str\u00f8mkunder<\/p>\n<p>sol.no<\/p>\n<p>    <\/a><\/p>\n<p>Slik lager du en plan B\t<\/p>\n<p>Det er\u00a0<a href=\"https:\/\/www.dsb.no\/ros-og-beredskap\/beredskap-og-krisehandtering\/rad-om-egenberedskap-for-virksomheter\/\" target=\"_blank\" rel=\"nofollow noopener\">spikret fem r\u00e5d\u00a0<\/a>til hvordan alle virksomhetene skal g\u00e5 fram: 1. Kartlegg kritiske omr\u00e5der, 2. Vurder konsekvensene av forstyrrelser eller stans, 3. Skaff oversikt over avhengigheter, 4. Gjennomf\u00f8r tiltak for \u00e5 sikre drift og 5. Ha en plan for gjenoppretting og normalisering.<\/p>\n<p>Direktoratet ber ledere tenke gjennom hvilke aktiviteter som er de mest kritiske og hvilke aktiviteter bedriften er avhengig av.<\/p>\n<p>I tillegg m\u00e5 man tenke over konsekvensene hvis det blir et avbrudd i virksomheten. Det kan v\u00e6re om omd\u00f8mmet lider, eller det kan v\u00e6re alvorlig konsekvens for enkeltpersoner eller andre virksomheter.<\/p>\n<p>P\u00e5 samme m\u00e5te m\u00e5 man f\u00e5 oversikt over de viktigste ressursene som man er helt avhengig av.<\/p>\n<p>    <a itemprop=\"url\" href=\"https:\/\/sol.no\/video\/bisarr-melding-pa-direkten\/wxTtSKhG\" rel=\"nofollow noopener\" target=\"_blank\"><\/p>\n<p>      <img loading=\"lazy\" decoding=\"async\" src=\"https:\/\/www.europesays.com\/no\/wp-content\/uploads\/2025\/09\/83627968.webp\" width=\"147\" height=\"98\" title=\"Bisarr melding p\u00e5 direkten\" alt=\"\" class=\"lazyload\" style=\"--aspect-ratio-image: 1.50; \"\/><\/p>\n<p>        Bisarr melding p\u00e5 direkten<\/p>\n<p>sol.no<\/p>\n<p>    <\/a><\/p>\n<p>Lederansvar\t<\/p>\n<p>Deretter m\u00e5 man tenkte p\u00e5 hva man vil gj\u00f8re for \u00e5 sikre at virksomheter kan fortsette, uansett \u00e5rsak.<\/p>\n<p>Til slutt er det godt \u00e5 ha en plan for hva man gj\u00f8r for \u00e5 komme tilbake til normal drift etter hendelsen.<\/p>\n<p>\u2013 Jeg h\u00e5per alle med lederansvar leser r\u00e5dene og vurderer hva som kan gj\u00f8res for \u00e5 styrke beredskapen p\u00e5 sin arbeidsplass. Dette handler ikke bare om \u00e5 beskytte egen virksomhet, men om \u00e5 bidra til et mer robust Norge, sier Aars\u00e6ther i DSB.<\/p>\n","protected":false},"excerpt":{"rendered":"Vi m\u00e5 v\u00e6re bedre forberedt p\u00e5 krise, mener justisministeren. Alle \u2013 b\u00e5de store og sm\u00e5 bedrifter og alle&hellip;\n","protected":false},"author":2,"featured_media":42182,"comment_status":"","ping_status":"","sticky":false,"template":"","format":"standard","meta":{"footnotes":""},"categories":[10],"tags":[3851,20,21,24,25,15,22,23,62,13,30,28,29,14,16,26,27],"class_list":{"0":"post-42181","1":"post","2":"type-post","3":"status-publish","4":"format-standard","5":"has-post-thumbnail","7":"category-norge","8":"tag-beredskap","9":"tag-breaking-news","10":"tag-breakingnews","11":"tag-featured-news","12":"tag-featurednews","13":"tag-headlines","14":"tag-latest-news","15":"tag-latestnews","16":"tag-naeringsliv","17":"tag-news","18":"tag-no","19":"tag-norge","20":"tag-norway","21":"tag-nyheter","22":"tag-overskrifter","23":"tag-top-stories","24":"tag-topstories"},"share_on_mastodon":{"url":"","error":""},"_links":{"self":[{"href":"https:\/\/www.europesays.com\/no\/wp-json\/wp\/v2\/posts\/42181","targetHints":{"allow":["GET"]}}],"collection":[{"href":"https:\/\/www.europesays.com\/no\/wp-json\/wp\/v2\/posts"}],"about":[{"href":"https:\/\/www.europesays.com\/no\/wp-json\/wp\/v2\/types\/post"}],"author":[{"embeddable":true,"href":"https:\/\/www.europesays.com\/no\/wp-json\/wp\/v2\/users\/2"}],"replies":[{"embeddable":true,"href":"https:\/\/www.europesays.com\/no\/wp-json\/wp\/v2\/comments?post=42181"}],"version-history":[{"count":0,"href":"https:\/\/www.europesays.com\/no\/wp-json\/wp\/v2\/posts\/42181\/revisions"}],"wp:featuredmedia":[{"embeddable":true,"href":"https:\/\/www.europesays.com\/no\/wp-json\/wp\/v2\/media\/42182"}],"wp:attachment":[{"href":"https:\/\/www.europesays.com\/no\/wp-json\/wp\/v2\/media?parent=42181"}],"wp:term":[{"taxonomy":"category","embeddable":true,"href":"https:\/\/www.europesays.com\/no\/wp-json\/wp\/v2\/categories?post=42181"},{"taxonomy":"post_tag","embeddable":true,"href":"https:\/\/www.europesays.com\/no\/wp-json\/wp\/v2\/tags?post=42181"}],"curies":[{"name":"wp","href":"https:\/\/api.w.org\/{rel}","templated":true}]}}