{"id":42193,"date":"2025-09-22T15:33:08","date_gmt":"2025-09-22T15:33:08","guid":{"rendered":"https:\/\/www.europesays.com\/no\/42193\/"},"modified":"2025-09-22T15:33:08","modified_gmt":"2025-09-22T15:33:08","slug":"brannbolge-i-trondheim-etterforsker-14-uoppklarte-branner-nrk-trondelag-lokale-nyheter-tv-og-radio","status":"publish","type":"post","link":"https:\/\/www.europesays.com\/no\/42193\/","title":{"rendered":"Brannb\u00f8lge i Trondheim \u2013 etterforsker 14 uoppklarte branner \u2013 NRK Tr\u00f8ndelag \u2013 Lokale nyheter, TV og radio"},"content":{"rendered":"<p>Antall mistenkelige branner i Trondheim er 14, if\u00f8lge politiet.<\/p>\n<p>Dette er et h\u00f8yere antall enn det som tidligere har v\u00e6rt kjent, og knyttes til tidsrommet 29. mai &#8211; 17. september.<\/p>\n<p>De fleste brannene har v\u00e6rt p\u00e5 skoler og barnehager, og alle etterforskes av politiet.<\/p>\n<p><strong>Fredag ble en mann i 40-\u00e5rene p\u00e5grepet og siktet for to av brannene. <\/strong><\/p>\n<p>Mannen er siktet for grovt skadeverk ved brannstiftelse for brannene p\u00e5 Kyvatnet Naturbarnehage den 17. august og 17. september.<\/p>\n<p>Ikke avh\u00f8rt<\/p>\n<p>Den siktede er fremdeles ikke avh\u00f8rt, opplyser politiet mandag. <\/p>\n<p><strong>\u2013 Det har ikke v\u00e6rt forsvarlig \u00e5 foreta avh\u00f8r p\u00e5 n\u00e5v\u00e6rende tidspunkt. Men det vil bli s\u00f8kt gjennomf\u00f8rt avh\u00f8r i l\u00f8pet av n\u00e6rmeste tid, sier p\u00e5taleansvarlig i saken, Lars Johansen Lundlie.<\/strong><\/p>\n<p>Han forteller at mannen er kjent for politiet fra tidligere. <\/p>\n<p>\u2013 Mannen er ikke en kjenning, men han er kjent for politiet. Politiet har v\u00e6rt i kontakt med ham tidligere.<\/p>\n<p>Lundlie vil ikke si hvorfor politiet har v\u00e6rt i kontakt med siktede tidligere.<\/p>\n<p>\u2013 Er han tidligere straffed\u00f8mt?<\/p>\n<p>\u2013 Det kan jeg ikke uttale meg om, dessverre.<\/p>\n<p>Etterforsker 14 branner<\/p>\n<p><strong>\u2013 Utover disse to brannene etterforsker politiet 12 andre uoppklarte branner i Trondheim siden i sommer, sier Lundlie.<\/strong><\/p>\n<p>Politiet og brannvesenet har tidligere uttalt at de mistenker at flere av brannene er p\u00e5satt og at de ikke utelukker at flere av dem har en sammenheng.<\/p>\n<p><strong>\u2013 Mannen som ble p\u00e5grepet fredag er ikke mistenkt for andre branner. Etterforskninga vil s\u00f8ke \u00e5 klarlegge om han har en tilknytning til flere.<\/strong><\/p>\n<p>Den siste brannen p\u00e5 Kyvatnet Naturbarnehage var den fjortende brannen politiet etterforsker siden mai.<\/p>\n<p>L\u00f8slatt<\/p>\n<p><strong>Mannen som ble siktet fredag ble l\u00f8slatt samme dag.<\/strong><\/p>\n<p>\u2013 Bakgrunnen for dette er helserelaterte vurderinger, som politiet ikke kan g\u00e5 n\u00e6rmere inn p\u00e5, skrev de i en pressemelding.<\/p>\n<p>Politiet mener gjentagelsesfaren erfaringsmessig burde dempes ved at siktede m\u00e5 melde seg for politiet seks dager i uken i de kommende uker.<\/p>\n<p><strong>\u2013 Vi forst\u00e5r at det kan v\u00e6re uforst\u00e5elig for folk at vedkommende ikke er varetektsfengslet, men det er gjort en grundig vurdering med tanke p\u00e5 dette og l\u00f8sningen med meldeplikt som riktig tvangsmiddel i dette tilfellet, sier Lundlie.<\/strong><\/p>\n<p>Det understrekes at denne vurderingen kan endres dersom siktede bryter vilk\u00e5rene for meldeplikt. <\/p>\n<p>Den siktede har f\u00e5tt Kolbj\u00f8rn Lium oppnevnt til forsvarer. Det har ikke lyktes NRK \u00e5 komme i kontakt med Lium mandag.<\/p>\n<p>Fortsetter etterforskningen<\/p>\n<p>Politiet opplyser at de fortsetter etterforskningen etter brannene.<\/p>\n<p>\u2013 Vi skal gj\u00f8re en rekke ting. Blant annet innhenting av ulike opplysninger, gjennomgang av digitale enheter og avh\u00f8r av siktede, sa vakthavende jurist Kristine S. \u00d8sterg\u00e5rd ved Tr\u00f8ndelag politidistrikt fredag.<\/p>\n<p>Publisert<\/p>\n<p>22.09.2025, kl. 16.53<\/p>\n","protected":false},"excerpt":{"rendered":"Antall mistenkelige branner i Trondheim er 14, if\u00f8lge politiet. Dette er et h\u00f8yere antall enn det som tidligere&hellip;\n","protected":false},"author":2,"featured_media":38981,"comment_status":"","ping_status":"","sticky":false,"template":"","format":"standard","meta":{"footnotes":""},"categories":[10],"tags":[20,21,24,25,15,22,23,13,30,28,29,14,16,26,27],"class_list":{"0":"post-42193","1":"post","2":"type-post","3":"status-publish","4":"format-standard","5":"has-post-thumbnail","7":"category-norge","8":"tag-breaking-news","9":"tag-breakingnews","10":"tag-featured-news","11":"tag-featurednews","12":"tag-headlines","13":"tag-latest-news","14":"tag-latestnews","15":"tag-news","16":"tag-no","17":"tag-norge","18":"tag-norway","19":"tag-nyheter","20":"tag-overskrifter","21":"tag-top-stories","22":"tag-topstories"},"share_on_mastodon":{"url":"","error":""},"_links":{"self":[{"href":"https:\/\/www.europesays.com\/no\/wp-json\/wp\/v2\/posts\/42193","targetHints":{"allow":["GET"]}}],"collection":[{"href":"https:\/\/www.europesays.com\/no\/wp-json\/wp\/v2\/posts"}],"about":[{"href":"https:\/\/www.europesays.com\/no\/wp-json\/wp\/v2\/types\/post"}],"author":[{"embeddable":true,"href":"https:\/\/www.europesays.com\/no\/wp-json\/wp\/v2\/users\/2"}],"replies":[{"embeddable":true,"href":"https:\/\/www.europesays.com\/no\/wp-json\/wp\/v2\/comments?post=42193"}],"version-history":[{"count":0,"href":"https:\/\/www.europesays.com\/no\/wp-json\/wp\/v2\/posts\/42193\/revisions"}],"wp:featuredmedia":[{"embeddable":true,"href":"https:\/\/www.europesays.com\/no\/wp-json\/wp\/v2\/media\/38981"}],"wp:attachment":[{"href":"https:\/\/www.europesays.com\/no\/wp-json\/wp\/v2\/media?parent=42193"}],"wp:term":[{"taxonomy":"category","embeddable":true,"href":"https:\/\/www.europesays.com\/no\/wp-json\/wp\/v2\/categories?post=42193"},{"taxonomy":"post_tag","embeddable":true,"href":"https:\/\/www.europesays.com\/no\/wp-json\/wp\/v2\/tags?post=42193"}],"curies":[{"name":"wp","href":"https:\/\/api.w.org\/{rel}","templated":true}]}}