{"id":42194,"date":"2025-09-22T15:34:09","date_gmt":"2025-09-22T15:34:09","guid":{"rendered":"https:\/\/www.europesays.com\/no\/42194\/"},"modified":"2025-09-22T15:34:09","modified_gmt":"2025-09-22T15:34:09","slug":"vi-vil-skyte-ned-flyvende-objekter","status":"publish","type":"post","link":"https:\/\/www.europesays.com\/no\/42194\/","title":{"rendered":"\u2013 Vi vil skyte ned flyvende objekter"},"content":{"rendered":"<p class=\"extendedContent hyperion-css-eyn926\" data-test-tag=\"lead-text\">Flere europeiske ledere kom med tydeligere beskjeder til Russland og president Vladimir Putin under mandagens hastem\u00f8te i FNs sikkerhetsr\u00e5d.<\/p>\n<p><img decoding=\"async\" class=\"image-asset hyperion-css-u06ts1\" data-test-tag=\"image-asset\" src=\"https:\/\/www.europesays.com\/no\/wp-content\/uploads\/2025\/09\/b6389ad5-e428-468f-a29d-f1e4780a41b6\"  alt=\"Polens statsminister Donald Tusk foran et F \u2013 16-jagerfly under en pressekonferanse forrige uke. \"  loading=\"eager\" fetchpriority=\"high\" style=\"aspect-ratio:2048 \/ 1365\"\/>Polens statsminister Donald Tusk foran et F \u2013 16-jagerfly under en pressekonferanse forrige uke. Foto: Tomasz Stanczak \/ Reuters<\/p>\n<p class=\"paywall hyperion-css-1j42uic\">\u2013 Vi kommer til \u00e5 skyte ned flyvende objekter n\u00e5r de krenker v\u00e5rt territorium og flyr over Polen, sa landets statsminister Donald Tusk p\u00e5 en <a aria-label=\"pressekonferanse mandag\" class=\"breaking-short hyperion-css-1raymq9\" href=\"https:\/\/www.theguardian.com\/world\/live\/2025\/sep\/22\/latest-europe-news-russia-estonia-un-united-nations-security-live-latest-updates#top-of-blog\" target=\"_blank\" rel=\"noopener nofollow noreferrer\" data-test-tag=\"external-link\">pressekonferanse mandag<\/a>. <\/p>\n<p class=\"paywall hyperion-css-1j42uic\">Mandag ettermiddag m\u00f8tes FNs sikkerhetsr\u00e5d. Der er konflikten i Ukraina og den sikkerhetspolitiske situasjonen i Europa det sentrale temaet. <\/p>\n<p class=\"paywall hyperion-css-1j42uic\">I starten av september <a data-test-tag=\"internal-link\" href=\"https:\/\/www.aftenposten.no\/verden\/i\/o3X9aK\/russiske-droner-rammet-polen-nato-aktiverer-artikkel-4\" class=\"hyperion-css-1raymq9\" rel=\"nofollow noopener\" target=\"\" aria-label=\"ble flere russiske droner skutt ned\" theme=\"breaking-short\">ble flere russiske droner skutt ned<\/a> langt innenfor Polens grense. Russland nektet for \u00e5 ha angrepet Polen. Sistnevnte ba om iverksettelse av Natos artikkel 4Natos artikkel 4Artikkel 4 i Atlanterhavspakten i Nato sl\u00e5r fast at \u00abpartene vil r\u00e5dsl\u00e5 med hverandre n\u00e5r som helst en av dem mener at noen parts territoriale ukrenkelighet, politiske uavhengighet eller sikkerhet er truet.\u00bb etter hendelsen.<\/p>\n<p class=\"paywall hyperion-css-1j42uic\">Under mandagens m\u00f8te i FNs sikkerhetsr\u00e5d sa Polens statsminister at \u00abman m\u00e5 tenke seg n\u00f8ye om, f\u00f8r man fatter beslutninger som utl\u00f8ser en mer akutt fase med konflikt\u00bb. <\/p>\n<p class=\"paywall hyperion-css-1j42uic\">\u2013 Vi m\u00e5 ogs\u00e5 v\u00e6re absolutt sikre p\u00e5 at alle allierte vil h\u00e5ndtere dette p\u00e5 eksakt samme m\u00e5te som oss, sa Tusk.<\/p>\n<p>\u2013 Destabiliserende eskalering<\/p>\n<p class=\"paywall hyperion-css-1j42uic\">Forrige uke ba Estland om nye Nato-r\u00e5dslagninger <a data-test-tag=\"internal-link\" href=\"https:\/\/www.aftenposten.no\/verden\/i\/wgwEOd\/tre-russiske-jagerfly-krenket-luftrommet-i-estland\" class=\"hyperion-css-1raymq9\" rel=\"nofollow noopener\" target=\"\" aria-label=\"etter at tre russiske jagerfly krenket landets luftrom\" theme=\"breaking-short\">etter at tre russiske jagerfly krenket landets luftrom<\/a> i flere minutter. Jonas Gahr St\u00f8re kalte <a data-test-tag=\"internal-link\" href=\"https:\/\/www.aftenposten.no\/verden\/i\/Jbkxyb\/statsministeren-om-de-russiske-krenkelsene-av-nato-lands-luftrom\" class=\"hyperion-css-1raymq9\" rel=\"nofollow noopener\" target=\"\" aria-label=\"hendelsen \" theme=\"breaking-short\">hendelsen <\/a>\u00abalvorlig\u00bb.<\/p>\n<p class=\"paywall hyperion-css-1j42uic\">If\u00f8lge Estlands utenriksminister Margus Tsahkna var dette fjerde gang Russland krenket Estlands luftrom i \u00e5r. Under m\u00f8tet i sikkerhetsr\u00e5det mandag leste han opp en uttalelse p\u00e5 vegne av 50 land. <\/p>\n<p class=\"paywall hyperion-css-1j42uic\">Han mener den siste tidens hendelser viser et m\u00f8nster. <\/p>\n<p class=\"paywall hyperion-css-1j42uic\">\u2013 Russlands uforsvarlige handlinger representerer ikke bare brudd p\u00e5 internasjonal lov, men ogs\u00e5 en destabiliserende eskalering som f\u00f8rer hele regionen n\u00e6rmere konflikt enn p\u00e5 noe annet tidspunkt de siste \u00e5rene, sa han. <\/p>\n<p class=\"paywall hyperion-css-1j42uic\">Han ba om at Russland stanser aggresjonen mot Ukraina og all provokasjon mot andre naboland.<\/p>\n<p>Britenes utenriksminister advarer: Kan f\u00f8re til krig mellom Nato og Russland<\/p>\n<p class=\"paywall hyperion-css-1j42uic\">Ogs\u00e5 Storbritannias utenriksminister Yvette Cooper tok ordet p\u00e5 m\u00f8tet i sikkerhetsr\u00e5det. Hun gjorde det tydelig at hendelsene i verste fall kan f\u00f8re til \u00abfeilberegninger\u00bb.<\/p>\n<p><img decoding=\"async\" class=\"image-asset hyperion-css-u06ts1\" data-test-tag=\"image-asset\" src=\"https:\/\/www.europesays.com\/no\/wp-content\/uploads\/2025\/09\/c42619bc-a29c-4b2f-b6fc-8cdadf3ecbd5\"  alt=\"Storbritannias utenriksminister Yvette Cooper.\"  loading=\"eager\" fetchpriority=\"high\" style=\"aspect-ratio:2048 \/ 1366\"\/>Storbritannias utenriksminister Yvette Cooper. Foto: Yuki Iwamura \/ AP \/ NTB<\/p>\n<p class=\"paywall hyperion-css-1j42uic\">\u2013 Til president Putin vil jeg si: Dine uforsvarlige handlinger risikerer en direkte v\u00e6pnet konfrontasjon mellom Nato og Russland. V\u00e5r allianse er defensiv, men ikke innbill deg noe annet enn at vi st\u00e5r klare til \u00e5 gj\u00f8re det som er n\u00f8dvendig for \u00e5 beskytte Natos luftrom og territorium, sa hun og la til: <\/p>\n<p class=\"paywall hyperion-css-1j42uic\">\u2013 Hvis vi m\u00e5 konfrontere fly som opererer i Natos luftrom, vil vi gj\u00f8re det.<\/p>\n<p class=\"paywall hyperion-css-1j42uic\">USAs nye FN-ambassad\u00f8r, Mike Waltz, sa at USA forventer at Russland finner m\u00e5ter \u00e5 roe ned situasjonen. <\/p>\n<p class=\"paywall hyperion-css-1j42uic\">\u2013 USA og v\u00e5re allierte vil forsvare hver eneste meter Nato-territorium. Russland m\u00e5 umiddelbart stoppe slik farlig adferd.<\/p>\n<p>Refset Europa<\/p>\n<p class=\"paywall hyperion-css-1j42uic\">Russland har <a data-test-tag=\"internal-link\" href=\"https:\/\/www.aftenposten.no\/verden\/i\/kw2wvL\/nato-moetes-om-estland-krenkelse-tirsdag\" class=\"hyperion-css-1raymq9\" rel=\"nofollow noopener\" target=\"\" aria-label=\"anklaget Estland for \u00e5 lyve om den siste hendelsen\" theme=\"breaking-short\">anklaget Estland for \u00e5 lyve om den siste hendelsen<\/a>. De har p\u00e5st\u00e5tt at det ikke finnes bevis.<\/p>\n<p class=\"paywall hyperion-css-1j42uic\">Den russiske diplomaten Dmitrij Poljanskij tok til kraftig motm\u00e6le p\u00e5 m\u00f8tet i FNs sikkerhetsr\u00e5d. Han anklaget Europas ledere for \u00e5 sitte inne med et \u00abprimitivt hat\u00bb mot Russland.<\/p>\n<p class=\"paywall hyperion-css-1j42uic\">\u2013 Europa i dag er som et forvirret paranoid individ, uten evne til \u00e5 h\u00e5ndtere kritikk eller til \u00e5 huske historiens l\u00e6rdommer, sa Poljanskij.<\/p>\n<p><img decoding=\"async\" class=\"image-asset hyperion-css-n6kkq1\" data-test-tag=\"image-asset\" src=\"https:\/\/www.europesays.com\/no\/wp-content\/uploads\/2025\/09\/3c650fe5-ed74-4435-a28a-2186aec949ca\"  alt=\"\"  fetchpriority=\"auto\" style=\"aspect-ratio:2048 \/ 1367\"\/><\/p>\n<p class=\"hyperion-css-1j42uic\">Russlands Dmitrij Poljanskij under m\u00f8tet i sikkerhetsr\u00e5det.<\/p>\n<p class=\"paywall hyperion-css-1j42uic\">Han gjentok budskapet om at hendelsene i Polen og Estland var del av en kampanje med m\u00e5l om \u00ab\u00e5 gi Russland skylden for alt\u00bb. <\/p>\n<p class=\"paywall hyperion-css-1j42uic\">\u2013 Vi vil ikke delta i dette absurditetens teater, og dere trenger ikke oss der. N\u00e5r dere bestemmer dere for at dere \u00f8nsker \u00e5 delta i en seri\u00f8s diskusjon om Europas sikkerhet, om skjebnen til v\u00e5rt felles kontinent, om hvordan vi kan gj\u00f8re dette kontinentet velst\u00e5ende og trygt for alle, da vil vi v\u00e6re klare. Dere vet hvor dere finner oss.<\/p>\n<p class=\"paywall hyperion-css-1j42uic\">Kinas representant sa at det haster med \u00e5 finne en politisk l\u00f8sning p\u00e5 konflikten i Ukraina. <\/p>\n","protected":false},"excerpt":{"rendered":"Flere europeiske ledere kom med tydeligere beskjeder til Russland og president Vladimir Putin under mandagens hastem\u00f8te i FNs&hellip;\n","protected":false},"author":2,"featured_media":42195,"comment_status":"","ping_status":"","sticky":false,"template":"","format":"standard","meta":{"footnotes":""},"categories":[5],"tags":[20,21,24,25,15,19,22,23,17,18,13,30,28,29,14,16,26,27],"class_list":{"0":"post-42194","1":"post","2":"type-post","3":"status-publish","4":"format-standard","5":"has-post-thumbnail","7":"category-overskrifter","8":"tag-breaking-news","9":"tag-breakingnews","10":"tag-featured-news","11":"tag-featurednews","12":"tag-headlines","13":"tag-hovedoppslag","14":"tag-latest-news","15":"tag-latestnews","16":"tag-main-news","17":"tag-mainnews","18":"tag-news","19":"tag-no","20":"tag-norge","21":"tag-norway","22":"tag-nyheter","23":"tag-overskrifter","24":"tag-top-stories","25":"tag-topstories"},"share_on_mastodon":{"url":"","error":""},"_links":{"self":[{"href":"https:\/\/www.europesays.com\/no\/wp-json\/wp\/v2\/posts\/42194","targetHints":{"allow":["GET"]}}],"collection":[{"href":"https:\/\/www.europesays.com\/no\/wp-json\/wp\/v2\/posts"}],"about":[{"href":"https:\/\/www.europesays.com\/no\/wp-json\/wp\/v2\/types\/post"}],"author":[{"embeddable":true,"href":"https:\/\/www.europesays.com\/no\/wp-json\/wp\/v2\/users\/2"}],"replies":[{"embeddable":true,"href":"https:\/\/www.europesays.com\/no\/wp-json\/wp\/v2\/comments?post=42194"}],"version-history":[{"count":0,"href":"https:\/\/www.europesays.com\/no\/wp-json\/wp\/v2\/posts\/42194\/revisions"}],"wp:featuredmedia":[{"embeddable":true,"href":"https:\/\/www.europesays.com\/no\/wp-json\/wp\/v2\/media\/42195"}],"wp:attachment":[{"href":"https:\/\/www.europesays.com\/no\/wp-json\/wp\/v2\/media?parent=42194"}],"wp:term":[{"taxonomy":"category","embeddable":true,"href":"https:\/\/www.europesays.com\/no\/wp-json\/wp\/v2\/categories?post=42194"},{"taxonomy":"post_tag","embeddable":true,"href":"https:\/\/www.europesays.com\/no\/wp-json\/wp\/v2\/tags?post=42194"}],"curies":[{"name":"wp","href":"https:\/\/api.w.org\/{rel}","templated":true}]}}