{"id":42198,"date":"2025-09-22T15:39:09","date_gmt":"2025-09-22T15:39:09","guid":{"rendered":"https:\/\/www.europesays.com\/no\/42198\/"},"modified":"2025-09-22T15:39:09","modified_gmt":"2025-09-22T15:39:09","slug":"kan-fa-21-mrd-i-skattegave-det-er-en-spokelsesskatt","status":"publish","type":"post","link":"https:\/\/www.europesays.com\/no\/42198\/","title":{"rendered":"Kan f\u00e5 21 mrd. i skattegave: \u2013 Det er en sp\u00f8kelsesskatt"},"content":{"rendered":"<p>Sveits vil f\u00f8rstkommende s\u00f8ndag avholde folkeavstemning om en eiendomsskatt som kan gi de f\u00e5 selveierne i landet en skattegave p\u00e5 1,7 milliarder sveitsiske franc, melder <a href=\"https:\/\/www.bloomberg.com\/news\/articles\/2025-09-22\/switzerland-holds-vote-on-abolishing-2-1-billion-property-tax\" target=\"_blank\" rel=\"nofollow noopener\">Bloomberg<\/a>. Det tilsvarer dr\u00f8yt 21 milliarder kroner.<\/p>\n<p>F\u00f8r avstemningen peker m\u00e5lingene mot et d\u00f8dt l\u00f8p mellom velgerne\u00a0\u2013 de fordeler seg cirka 50\/50 mellom \u00e5 stemme ja eller nei til en endring av en skatt som kan senke boligeiernes skattebyrde med opp mot 22 prosent.<\/p>\n<p><b>Sveits er det landet i Europa med lavest selveierandel, if\u00f8lge nyhetsbyr\u00e5et. Kun fire av ti sveitsere eier sin egen bolig.<\/b><\/p>\n<p>Den kompliserte m\u00e5ten \u00e5 beregne den aktuelle skatten p\u00e5 gir en oppfatning om urettferdighet som gir gjenklang hos flere enn bare boligeierne, skriver Bloomberg. Skatten, som stammer fra 1930-tallet, beregnes p\u00e5 en teoretisk leie boligeierne kan tjene p\u00e5 eiendommen i markedet\u00a0\u2013 alts\u00e5 en antatt verdi ved \u00e5 bo i egen bolig.<\/p>\n<p class=\"subhead\" data-element-type=\"subhead\" data-element-label=\"Mellomtittel\">\u2013 Rettferdighet er viktig<\/p>\n<p>\u2013 Oppfatninger om rettferdighet er en viktig drivkraft i sveitsiske folkeavstemninger, spesielt n\u00e5r det gjelder skatt, sier Michael Hermann, statsviter ved universitetet i Z\u00fcrich, til nyhetsbyr\u00e5et.<\/p>\n<p>Han forklarer at den beregnede leieverdien er blitt sett p\u00e5 som urettferdig i flere ti\u00e5r.<\/p>\n<p><b>\u2013 Det er en sp\u00f8kelsesskatt. Du betaler skatt p\u00e5 en inntekt som ikke eksisterer, sier Marcel Dobler i det n\u00e6ringsvennlige politiske partiet FDP.<\/b><\/p>\n<p>Sveits&#8217; myndigheter har estimert at bortfallet av skatten vil koste rundt 1,7 milliarder franc pr. \u00e5r.<\/p>\n<p>Sveitserne vil ogs\u00e5 stemme over avskaffing av skattefradrag knyttet til boligl\u00e5nsrenter og oppussing samt om landets kantoner kan innf\u00f8re egne avgifter p\u00e5 sekund\u00e6rboliger.<\/p>\n","protected":false},"excerpt":{"rendered":"Sveits vil f\u00f8rstkommende s\u00f8ndag avholde folkeavstemning om en eiendomsskatt som kan gi de f\u00e5 selveierne i landet en&hellip;\n","protected":false},"author":2,"featured_media":42199,"comment_status":"","ping_status":"","sticky":false,"template":"","format":"standard","meta":{"footnotes":""},"categories":[12],"tags":[20,21,2334,24,25,6629,15,22,23,13,30,28,29,14,16,209,26,27,42,43,44,45],"class_list":{"0":"post-42198","1":"post","2":"type-post","3":"status-publish","4":"format-standard","5":"has-post-thumbnail","7":"category-verden","8":"tag-breaking-news","9":"tag-breakingnews","10":"tag-eiendomsskatt","11":"tag-featured-news","12":"tag-featurednews","13":"tag-folkeavstemning","14":"tag-headlines","15":"tag-latest-news","16":"tag-latestnews","17":"tag-news","18":"tag-no","19":"tag-norge","20":"tag-norway","21":"tag-nyheter","22":"tag-overskrifter","23":"tag-sveits","24":"tag-top-stories","25":"tag-topstories","26":"tag-verden","27":"tag-world","28":"tag-world-news","29":"tag-worldnews"},"share_on_mastodon":{"url":"","error":""},"_links":{"self":[{"href":"https:\/\/www.europesays.com\/no\/wp-json\/wp\/v2\/posts\/42198","targetHints":{"allow":["GET"]}}],"collection":[{"href":"https:\/\/www.europesays.com\/no\/wp-json\/wp\/v2\/posts"}],"about":[{"href":"https:\/\/www.europesays.com\/no\/wp-json\/wp\/v2\/types\/post"}],"author":[{"embeddable":true,"href":"https:\/\/www.europesays.com\/no\/wp-json\/wp\/v2\/users\/2"}],"replies":[{"embeddable":true,"href":"https:\/\/www.europesays.com\/no\/wp-json\/wp\/v2\/comments?post=42198"}],"version-history":[{"count":0,"href":"https:\/\/www.europesays.com\/no\/wp-json\/wp\/v2\/posts\/42198\/revisions"}],"wp:featuredmedia":[{"embeddable":true,"href":"https:\/\/www.europesays.com\/no\/wp-json\/wp\/v2\/media\/42199"}],"wp:attachment":[{"href":"https:\/\/www.europesays.com\/no\/wp-json\/wp\/v2\/media?parent=42198"}],"wp:term":[{"taxonomy":"category","embeddable":true,"href":"https:\/\/www.europesays.com\/no\/wp-json\/wp\/v2\/categories?post=42198"},{"taxonomy":"post_tag","embeddable":true,"href":"https:\/\/www.europesays.com\/no\/wp-json\/wp\/v2\/tags?post=42198"}],"curies":[{"name":"wp","href":"https:\/\/api.w.org\/{rel}","templated":true}]}}