{"id":42216,"date":"2025-09-22T16:00:13","date_gmt":"2025-09-22T16:00:13","guid":{"rendered":"https:\/\/www.europesays.com\/no\/42216\/"},"modified":"2025-09-22T16:00:13","modified_gmt":"2025-09-22T16:00:13","slug":"svensk-butikk-tilbakekaller-kjottdeig-etter-salmonellafunn","status":"publish","type":"post","link":"https:\/\/www.europesays.com\/no\/42216\/","title":{"rendered":"Svensk butikk tilbakekaller kj\u00f8ttdeig etter salmonellafunn"},"content":{"rendered":"\n<p class=\"_lead_ew2ao_2 _lead_xtcu6_50 layout-component text-serif-m layout-normal text-serif-l layout-component layout-wide layout-padded _wide_17hqh_1 layout-padded\">Kj\u00f8ttdeigen har blitt solgt rett ved grensen.<\/p>\n<p><img alt=\" Foto: Eurocash\" class=\"_image_qp4xg_65 layout-component layout-wide\" data-fullscreen- data-track-element-type=\"Article image fullscreen\" data-track-name=\"ImageFullscreen\" fetchpriority=\"high\" decoding=\"sync\" loading=\"eager\" height=\"533\" itemprop=\"image\"  src=\"https:\/\/www.europesays.com\/no\/wp-content\/uploads\/2025\/09\/aa017709-01d6-4905-9dd5-4e10012eb615\"  style=\"object-position:0% 0%\" width=\"800\"\/> Foto: Eurocash<\/p>\n<ul aria-hidden=\"true\" class=\"_images_1y6fe_106\">\n<li><a class=\"_link_1y6fe_111\" href=\"https:\/\/www.vg.no\/forfatter\/oscar-stroem-korsnes\" style=\"z-index:1\" title=\"Oscar Str\u00f8m Korsnes\" rel=\"nofollow noopener\" target=\"_blank\"><img alt=\"Bilde av Oscar Str\u00f8m Korsnes\" class=\"_image_1y6fe_88\" fetchpriority=\"low\" loading=\"lazy\" decoding=\"async\" itemprop=\"image\"  src=\"https:\/\/www.europesays.com\/no\/wp-content\/uploads\/2025\/09\/1758556812_968_42bf26cf-ad4c-4de0-a71e-34ecdab4bb12\"  width=\"480\"\/><\/a><\/li>\n<\/ul>\n<p> Oppdatert mandag 22. september kl. 17:52     <\/p>\n<p class=\"_paragraph_ew2ao_4 _paragraph_xtcu6_10 layout-component text-serif-m layout-normal text-serif-m layout-padded\">Eurocash i T\u00f6cksfors tilbakekaller butikkmalt oksekj\u00f8ttdeig, blandet kj\u00f8ttdeig og svinekj\u00f8ttdeig etter at salmonella ble p\u00e5vist under en rutinekontroll av kj\u00f8ttr\u00e5varen fra leverand\u00f8ren.<\/p>\n<p class=\"_paragraph_ew2ao_4 _paragraph_xtcu6_10 layout-component text-serif-m layout-normal text-serif-m layout-padded\">Tilbakekallingen gjelder kj\u00f8ttr\u00e5vare som ble brukt til oksekj\u00f8ttdeig og som ved en rutinekontroll viste forekomst av salmonella. Av forsiktighet tilbakekalles ogs\u00e5 blandet kj\u00f8ttdeig og svinekj\u00f8ttdeig som ble malt i samme butikker i perioden,\u00a0skriver Eurocash i en pressemelding.<\/p>\n<p class=\"_paragraph_ew2ao_4 _paragraph_xtcu6_10 layout-component text-serif-m layout-normal text-serif-m layout-padded\">De tilbakekalte produktene har blitt solgt p\u00e5 Eurocash i T\u00f6cksfors Shoppingcenter og Eurocash i T\u00f6cksfors Handelspark, men er n\u00e5 stoppet for salg.<\/p>\n<p class=\"_paragraph_ew2ao_4 _paragraph_xtcu6_10 layout-component text-serif-m layout-normal text-serif-m layout-padded\">Tilbakekallingen omfatter oksekj\u00f8ttdeig, blandet kj\u00f8ttdeig og svinekj\u00f8ttdeig med pakkedato 16. til 19. september p\u00e5 T\u00f6cksfors Shoppingcenter, og samme produkter med pakkedato 12. til 21. september p\u00e5 T\u00f6cksfors Handelspark. I tillegg gjelder det halal oksekj\u00f8ttdeig med pakkedato 14. september fra Handelspark.<\/p>\n<p class=\"_paragraph_ew2ao_4 _paragraph_xtcu6_10 layout-component text-serif-m layout-normal text-serif-m layout-padded\">If\u00f8lge pressemeldingen har det ikke blitt rapportert om sykdomstilfeller s\u00e5 langt.<\/p>\n<p class=\"_paragraph_ew2ao_4 _paragraph_xtcu6_10 layout-component text-serif-m layout-normal text-serif-m layout-padded\">\u2013 Eurocash beklager det som skjedde og oppfordrer alle forbrukere som kj\u00f8pte de aktuelle varene til \u00e5 returnere dem til butikken der de ble kj\u00f8pt for \u00e5 f\u00e5 en erstatning, skriver butikken i pressemeldingen.<\/p>\n<p>    <img decoding=\"async\" alt=\"Tips oss illustrasjon\" width=\"62px\" height=\"auto\" src=\"https:\/\/www.europesays.com\/no\/wp-content\/uploads\/2025\/08\/1754784428_95_W9avJzE.png\"\/>    <\/p>\n<p class=\"title-serif-s\">Har du tips til oss?<\/p>\n<p class=\"text-sans-m\">Send oss informasjon, bilder eller video<\/p>\n<p>  <a href=\"https:\/\/www.vg.no\/tips-oss\" rel=\"nofollow noopener\" target=\"_blank\"> Tips oss <\/a>      <\/p>\n","protected":false},"excerpt":{"rendered":"Kj\u00f8ttdeigen har blitt solgt rett ved grensen. Foto: Eurocash Oppdatert mandag 22. september kl. 17:52 Eurocash i T\u00f6cksfors&hellip;\n","protected":false},"author":2,"featured_media":42217,"comment_status":"","ping_status":"","sticky":false,"template":"","format":"standard","meta":{"footnotes":""},"categories":[12],"tags":[31,20,21,24,25,15,22,23,13,30,28,29,14,16,6632,26,27,42,43,44,45],"class_list":{"0":"post-42216","1":"post","2":"type-post","3":"status-publish","4":"format-standard","5":"has-post-thumbnail","7":"category-verden","8":"tag-breaking","9":"tag-breaking-news","10":"tag-breakingnews","11":"tag-featured-news","12":"tag-featurednews","13":"tag-headlines","14":"tag-latest-news","15":"tag-latestnews","16":"tag-news","17":"tag-no","18":"tag-norge","19":"tag-norway","20":"tag-nyheter","21":"tag-overskrifter","22":"tag-salmonella","23":"tag-top-stories","24":"tag-topstories","25":"tag-verden","26":"tag-world","27":"tag-world-news","28":"tag-worldnews"},"share_on_mastodon":{"url":"","error":""},"_links":{"self":[{"href":"https:\/\/www.europesays.com\/no\/wp-json\/wp\/v2\/posts\/42216","targetHints":{"allow":["GET"]}}],"collection":[{"href":"https:\/\/www.europesays.com\/no\/wp-json\/wp\/v2\/posts"}],"about":[{"href":"https:\/\/www.europesays.com\/no\/wp-json\/wp\/v2\/types\/post"}],"author":[{"embeddable":true,"href":"https:\/\/www.europesays.com\/no\/wp-json\/wp\/v2\/users\/2"}],"replies":[{"embeddable":true,"href":"https:\/\/www.europesays.com\/no\/wp-json\/wp\/v2\/comments?post=42216"}],"version-history":[{"count":0,"href":"https:\/\/www.europesays.com\/no\/wp-json\/wp\/v2\/posts\/42216\/revisions"}],"wp:featuredmedia":[{"embeddable":true,"href":"https:\/\/www.europesays.com\/no\/wp-json\/wp\/v2\/media\/42217"}],"wp:attachment":[{"href":"https:\/\/www.europesays.com\/no\/wp-json\/wp\/v2\/media?parent=42216"}],"wp:term":[{"taxonomy":"category","embeddable":true,"href":"https:\/\/www.europesays.com\/no\/wp-json\/wp\/v2\/categories?post=42216"},{"taxonomy":"post_tag","embeddable":true,"href":"https:\/\/www.europesays.com\/no\/wp-json\/wp\/v2\/tags?post=42216"}],"curies":[{"name":"wp","href":"https:\/\/api.w.org\/{rel}","templated":true}]}}