{"id":42228,"date":"2025-09-22T16:15:18","date_gmt":"2025-09-22T16:15:18","guid":{"rendered":"https:\/\/www.europesays.com\/no\/42228\/"},"modified":"2025-09-22T16:15:18","modified_gmt":"2025-09-22T16:15:18","slug":"kjaere-kristiansand-takk-for-ny-fremtidig-kai","status":"publish","type":"post","link":"https:\/\/www.europesays.com\/no\/42228\/","title":{"rendered":"Kj\u00e6re Kristiansand, takk for ny fremtidig kai!"},"content":{"rendered":"<p>Det er ikke hver dag Lindesnes f\u00e5r en raus gave fra nabobyen. Derfor sier vi takk for den fremtidige veldedighetsgesten: Dere skal dekke nesten hele regningen for v\u00e5r nye kai i Str\u00f8msvika.<\/p>\n<p>J\u00e5bekk S\u00f8r er nemlig bare et bakareal. Uten en ny og moderne kaifront i Str\u00f8msvika er prosjektet omtrent like nyttig som en parkeringsplass uten innkj\u00f8rsel. Prislappen p\u00e5 kaia er ansl\u00e5tt til 400 millioner kroner. Kristiansand Havn IKS eies 80\/20, s\u00e5 Kristiansand m\u00e5 ut med 320 millioner.<\/p>\n<p>Derfor kan r\u00e5dmann, ordf\u00f8rer, varaordf\u00f8rer og utvalgsleder i Lindesnes trygt anbefale prosjektet. De vet at regningen ikke havner hos oss, men hos dere. Forutsigbarhet, kaller de det. Andre ville kalt det \u00e5 trekke gullkortet til naboen.<\/p>\n<p><a href=\"https:\/\/www.fvn.no\/mening\/debattinnlegg\/i\/4BM2oq\/naar-vi-glemmer-folk-fakta-og-fremtid\" rel=\"nofollow noopener\" target=\"_blank\"> <img decoding=\"async\" src=\"data:image\/gif;base64,R0lGODlhEAAJAIAAAP\/\/\/wAAACH5BAEAAAAALAAAAAAQAAkAAAIKhI+py+0Po5yUFQA7\" alt=\"\"\/>   N\u00e5r vi glemmer folk, fakta og fremtid!  <\/a> <\/p>\n<p>\u00c5pen <\/p>\n<p>N\u00e5r havnedirekt\u00f8ren selv skriver at bakarealet er \u00abviktig for regionen\u00bb, betyr det i praksis at Kristiansand m\u00e5 p\u00e5 banen \u2013 med l\u00e5n eller en solid kapitaltilf\u00f8rsel. Resultatet er enkelt. Kristiansand betaler, Lindesnes f\u00e5r \u00e6ren.<\/p>\n<p>S\u00e5 igjen, tusen takk, Kristiansand!<\/p>\n<p><a href=\"https:\/\/www.fvn.no\/mening\/debattinnlegg\/i\/wga0E5\/sodevika-striden-som-har-kostet-dyrt-i-politisk-tillit-i-lindesnes\" rel=\"nofollow noopener\" target=\"_blank\"> <img decoding=\"async\" src=\"data:image\/gif;base64,R0lGODlhEAAJAIAAAP\/\/\/wAAACH5BAEAAAAALAAAAAAQAAkAAAIKhI+py+0Po5yUFQA7\" alt=\"\"\/>   Sodevika \u2013 striden som har kostet dyrt i politisk tillit i Lindesnes!  <\/a> <\/p>\n<p>\u00c5pen <\/p>\n<p>Kystverkets innsigelser gj\u00f8r at dere i Kristiansand allerede trenger anslagsvis to milliarder til Kongsg\u00e5rd-Vige, men \u00e5 subsidiere Lindesnes er vel mye hyggeligere? Eller hva sier dere? Skal Kristiansand virkelig sende kai-millionene vestover \u2013 eller b\u00f8r Lindesnes heller bidra med 400 millioner til Kristiansands egen havn?<\/p>\n<p>Havnesamarbeid er fint p\u00e5 papiret, men n\u00e5r de \u00f8konomiske realitetene kommer p\u00e5 bordet blir det t\u00f8ffere tak. Dere i Kristiansand er ikke dumme \u2013 og har flertall i havnestyret.<\/p>\n<p>Jubelen i Lindesnes vil stilne, men heldigvis blir ikke J\u00e5bekk S\u00f8r en parkeringsplass uten innkj\u00f8rsel.<\/p>\n<p>Statsforvalteren har sagt at J\u00e5bekk S\u00f8r er uegnet.<\/p>\n<p>Takk og lov!<\/p>\n","protected":false},"excerpt":{"rendered":"Det er ikke hver dag Lindesnes f\u00e5r en raus gave fra nabobyen. Derfor sier vi takk for den&hellip;\n","protected":false},"author":2,"featured_media":42229,"comment_status":"","ping_status":"","sticky":false,"template":"","format":"standard","meta":{"footnotes":""},"categories":[10],"tags":[20,21,24,25,1698,15,22,23,1385,13,30,28,29,14,16,2029,6636,26,27],"class_list":{"0":"post-42228","1":"post","2":"type-post","3":"status-publish","4":"format-standard","5":"has-post-thumbnail","7":"category-norge","8":"tag-breaking-news","9":"tag-breakingnews","10":"tag-featured-news","11":"tag-featurednews","12":"tag-havn","13":"tag-headlines","14":"tag-latest-news","15":"tag-latestnews","16":"tag-lindesnes","17":"tag-news","18":"tag-no","19":"tag-norge","20":"tag-norway","21":"tag-nyheter","22":"tag-overskrifter","23":"tag-prosjekter","24":"tag-stromsvika","25":"tag-top-stories","26":"tag-topstories"},"share_on_mastodon":{"url":"","error":""},"_links":{"self":[{"href":"https:\/\/www.europesays.com\/no\/wp-json\/wp\/v2\/posts\/42228","targetHints":{"allow":["GET"]}}],"collection":[{"href":"https:\/\/www.europesays.com\/no\/wp-json\/wp\/v2\/posts"}],"about":[{"href":"https:\/\/www.europesays.com\/no\/wp-json\/wp\/v2\/types\/post"}],"author":[{"embeddable":true,"href":"https:\/\/www.europesays.com\/no\/wp-json\/wp\/v2\/users\/2"}],"replies":[{"embeddable":true,"href":"https:\/\/www.europesays.com\/no\/wp-json\/wp\/v2\/comments?post=42228"}],"version-history":[{"count":0,"href":"https:\/\/www.europesays.com\/no\/wp-json\/wp\/v2\/posts\/42228\/revisions"}],"wp:featuredmedia":[{"embeddable":true,"href":"https:\/\/www.europesays.com\/no\/wp-json\/wp\/v2\/media\/42229"}],"wp:attachment":[{"href":"https:\/\/www.europesays.com\/no\/wp-json\/wp\/v2\/media?parent=42228"}],"wp:term":[{"taxonomy":"category","embeddable":true,"href":"https:\/\/www.europesays.com\/no\/wp-json\/wp\/v2\/categories?post=42228"},{"taxonomy":"post_tag","embeddable":true,"href":"https:\/\/www.europesays.com\/no\/wp-json\/wp\/v2\/tags?post=42228"}],"curies":[{"name":"wp","href":"https:\/\/api.w.org\/{rel}","templated":true}]}}