{"id":42232,"date":"2025-09-22T16:22:13","date_gmt":"2025-09-22T16:22:13","guid":{"rendered":"https:\/\/www.europesays.com\/no\/42232\/"},"modified":"2025-09-22T16:22:13","modified_gmt":"2025-09-22T16:22:13","slug":"strom-energi-analytikere-med-dyster-strombeskjed-til-nordmenn-glamdalen","status":"publish","type":"post","link":"https:\/\/www.europesays.com\/no\/42232\/","title":{"rendered":"Str\u00f8m, Energi | Analytikere med dyster str\u00f8mbeskjed til nordmenn &#8211; Gl\u00e5mdalen"},"content":{"rendered":"<ol>\n<li><a href=\"https:\/\/news.google.com\/rss\/articles\/CBMikgFBVV95cUxOV0FkU2FlbTZVVDc4UXNYWmtDQlZrMEJvZVFWVUZ4NjBrMUotekdlNkgxOEltWGNvQVd6NzZJRndjV2s5ZHhZVDR2Y3d2Rm5CbUNud09NMC1zanFCUURVTzBlbUJrdFZlZFh4VHlrajhtUzM3aDNzUnpLUkNfZlM5am1LRWNUUUFoYm9JSHJQTzF5QQ?oc=5\" target=\"_blank\" rel=\"nofollow noopener\">Str\u00f8m, Energi | Analytikere med dyster str\u00f8mbeskjed til nordmenn<\/a>&nbsp;&nbsp;Gl\u00e5mdalen<\/li>\n<li><a href=\"https:\/\/news.google.com\/rss\/articles\/CBMisgFBVV95cUxPZUdyb0liYzA3RURxMmpxZGVuN3lyYWtkbWRKZUx4R1ZUZkhDclZDNlpDbEFTNEpsWlhGUlJkYXFfTUZOck44RjBDb3hYWFJFQldGSng2V2pIQjNDVWZiOU5VZllQS3ZzZmgyVHpCQTJYUS05MDRRc25fSWtpdExqNkc3Y0FYQW9oVnh3dWo4M2phVzJIOGE1NTBrSGZKeVh6dVZLLVVHYWFFR0NMclBuTkxB?oc=5\" target=\"_blank\" rel=\"nofollow noopener\">Norden kan bli datasentervinner: Varsler h\u00f8yere str\u00f8mpriser<\/a>&nbsp;&nbsp;Finansavisen<\/li>\n<li><a href=\"https:\/\/news.google.com\/rss\/articles\/CBMinwFBVV95cUxNeHVuUng0RFpqVXRRSjkxOHRzUDQ1OWUwLTN5dVBFSHcwS2NreVBLbDRVa2pzRDg0N3ZsQnlaSUF3VEZoQVJZUFliNHJ2VTNxcmdZUWxjMmU2LXcyc1cwNWpRSzQ4Y0JYQjkzRmlxT2ZITS1ZX21La2luYk9DdHBhcEJnMWk1MnlDYXg4aDJDMlpVRFJqOENIVGlNZWVLRVU?oc=5\" target=\"_blank\" rel=\"nofollow noopener\">Venter tidobling i str\u00f8mforbruk til datasentre<\/a>&nbsp;&nbsp;Digi.no<\/li>\n<li><a href=\"https:\/\/news.google.com\/rss\/articles\/CBMihAFBVV95cUxNdjZkNks1ZWJyTU5qaHFXZWtzLUpvazNqUVJvbllJdXROajR3Q3lYdHpUdmN1UERJTFppQ2NCMDRBbDZiWkdlZjA4R0hTTFRzbUViTFRRcjlUa3BwUElLaFJfdWc0RHQ5OG9rSHRqNDVpdGd4bXZRcnEzQVNoNUdwVmJpcHM?oc=5\" target=\"_blank\" rel=\"nofollow noopener\">Kraft, Pareto | Klar beskjed: \u2013 Kraftprisene i nord m\u00e5 opp<\/a>&nbsp;&nbsp;Fremover<\/li>\n<li><a href=\"https:\/\/news.google.com\/rss\/articles\/CBMiqgFBVV95cUxNZ0pFclJSb0p0UllCTUJ1dzRVcGE1cXlhb21KN3cxZTUxaVFoQjB6YkRyeks2cTc4X2daWGtTNHVrenRWaUtJTFROd0dKVERPZWdCNGdkM3FrcGxubHR3MlJ1dkZNemQ2QlRLMEZMeF8xaHFFQ19HaEY5cGw5MFFfNzlMV2VJc3lUaWhtVDZxSndjVHZxb3haVFNHX1F5cXgtMVBvY0JOUDFFdw?oc=5\" target=\"_blank\" rel=\"nofollow noopener\">Datasentre, v\u00e5r st\u00f8rste trussel mot velferdssamfunnet<\/a>&nbsp;&nbsp;Stavanger Aftenblad<\/li>\n<\/ol>\n","protected":false},"excerpt":{"rendered":"Str\u00f8m, Energi | Analytikere med dyster str\u00f8mbeskjed til nordmenn&nbsp;&nbsp;Gl\u00e5mdalen Norden kan bli datasentervinner: Varsler h\u00f8yere str\u00f8mpriser&nbsp;&nbsp;Finansavisen Venter tidobling&hellip;\n","protected":false},"author":2,"featured_media":42048,"comment_status":"","ping_status":"","sticky":false,"template":"","format":"standard","meta":{"footnotes":""},"categories":[10],"tags":[36,20,21,382,24,25,823,15,22,23,13,30,28,29,14,16,1510,243,1490,26,27],"class_list":{"0":"post-42232","1":"post","2":"type-post","3":"status-publish","4":"format-standard","5":"has-post-thumbnail","7":"category-norge","8":"tag-art","9":"tag-breaking-news","10":"tag-breakingnews","11":"tag-energi","12":"tag-featured-news","13":"tag-featurednews","14":"tag-forbruker","15":"tag-headlines","16":"tag-latest-news","17":"tag-latestnews","18":"tag-news","19":"tag-no","20":"tag-norge","21":"tag-norway","22":"tag-nyheter","23":"tag-overskrifter","24":"tag-story","25":"tag-strom","26":"tag-strompris","27":"tag-top-stories","28":"tag-topstories"},"share_on_mastodon":{"url":"","error":""},"_links":{"self":[{"href":"https:\/\/www.europesays.com\/no\/wp-json\/wp\/v2\/posts\/42232","targetHints":{"allow":["GET"]}}],"collection":[{"href":"https:\/\/www.europesays.com\/no\/wp-json\/wp\/v2\/posts"}],"about":[{"href":"https:\/\/www.europesays.com\/no\/wp-json\/wp\/v2\/types\/post"}],"author":[{"embeddable":true,"href":"https:\/\/www.europesays.com\/no\/wp-json\/wp\/v2\/users\/2"}],"replies":[{"embeddable":true,"href":"https:\/\/www.europesays.com\/no\/wp-json\/wp\/v2\/comments?post=42232"}],"version-history":[{"count":0,"href":"https:\/\/www.europesays.com\/no\/wp-json\/wp\/v2\/posts\/42232\/revisions"}],"wp:featuredmedia":[{"embeddable":true,"href":"https:\/\/www.europesays.com\/no\/wp-json\/wp\/v2\/media\/42048"}],"wp:attachment":[{"href":"https:\/\/www.europesays.com\/no\/wp-json\/wp\/v2\/media?parent=42232"}],"wp:term":[{"taxonomy":"category","embeddable":true,"href":"https:\/\/www.europesays.com\/no\/wp-json\/wp\/v2\/categories?post=42232"},{"taxonomy":"post_tag","embeddable":true,"href":"https:\/\/www.europesays.com\/no\/wp-json\/wp\/v2\/tags?post=42232"}],"curies":[{"name":"wp","href":"https:\/\/api.w.org\/{rel}","templated":true}]}}