{"id":42238,"date":"2025-09-22T16:30:18","date_gmt":"2025-09-22T16:30:18","guid":{"rendered":"https:\/\/www.europesays.com\/no\/42238\/"},"modified":"2025-09-22T16:30:18","modified_gmt":"2025-09-22T16:30:18","slug":"tog-trafikk-og-kollektiv-pakjorsel-medforte-full-stans-i-togtrafikken","status":"publish","type":"post","link":"https:\/\/www.europesays.com\/no\/42238\/","title":{"rendered":"Tog, Trafikk og kollektiv | P\u00e5kj\u00f8rsel medf\u00f8rte full stans i togtrafikken"},"content":{"rendered":"\n<p>Tirsdag formiddag ble det stengt for togtrafikk mellom Stokke og Sandefjord. Togene i Larvik sto ogs\u00e5.<\/p>\n<p><b>\u2013 Det er p\u00e5 grunn av en hendelse ved sporet, melder Bane NOR.<\/b><\/p>\n<p>\u2013 Forel\u00f8pig vet vi ikke hvor lang tid det vil ta, opplyser de.<\/p>\n<p><b>If\u00f8lge politiet skal det v\u00e6re snakk om en p\u00e5kj\u00f8rsel.<\/b><\/p>\n<p>\u2013 N\u00f8detatene rykker ut til jernbaneovergangen ved Hasle, hvor en person er p\u00e5kj\u00f8rt av et godstog. All togtrafikk i omr\u00e5det er forel\u00f8pig stengt, forteller politiets operasjonsleder Marius Daffinrud Fosvold.<\/p>\n<p>Signalfeil<\/p>\n<p>Det er ogs\u00e5 meldt om problemer for togtrafikken andre steder p\u00e5 Vestfoldbanen.<\/p>\n<p>Mandag formiddag oppsto det en signalfeil mellom Oslo S og Gardermoen.<\/p>\n<p><b>Det rammer blant annet toget som g\u00e5r fra og til T\u00f8nsberg. <\/b><\/p>\n<p>Vy opplyser p\u00e5 sine <a href=\"https:\/\/www.vy.no\/trafikk-og-ruter\/trafikkinfo-for-tog-og-buss\" rel=\"noopener nofollow\" target=\"_blank\">nettsider<\/a> at signalfeilen har oppst\u00e5tt mellom Oslo S og Lillestr\u00f8m.<\/p>\n<p>Litt f\u00f8r klokka 12.00 melder Vy at trafikken er i gang igjen, men at det er forsinkelser.<\/p>\n<p>\u2013 Togene kj\u00f8rer med normal fart igjen. Togene kj\u00f8rer, men det kan ta litt tid f\u00f8r de er i rute. Du m\u00e5 derfor regne med forsinkelser, opplyser de p\u00e5 sine nettsider.<\/p>\n<p>Ogs\u00e5 Flytoget er ber\u00f8rt av signalfeilen.<\/p>\n<p><a class=\"simple-relation related-teaser article--c-eRUmMG article--c-eRUmMG-jKCPdD-design-default article--c-eRUmMG-iBPVJb-cv\" href=\"https:\/\/www.op.no\/raser-etter-togkaos-menneskene-er-i-stand-til-a-sende-folk-til-manen-a-frakte-folk-fra-tonsberg-til-oslo-det-er-verre\/s\/5-76-2669682\" rel=\"nofollow noopener\" target=\"_blank\">Raser etter togkaos: \u2013 Menneskene er i stand til \u00e5 sende folk til m\u00e5nen \u2013 \u00e5 frakte folk fra T\u00f8nsberg til Oslo; det er verre<\/a><\/p>\n","protected":false},"excerpt":{"rendered":"Tirsdag formiddag ble det stengt for togtrafikk mellom Stokke og Sandefjord. Togene i Larvik sto ogs\u00e5. \u2013 Det&hellip;\n","protected":false},"author":2,"featured_media":17804,"comment_status":"","ping_status":"","sticky":false,"template":"","format":"standard","meta":{"footnotes":""},"categories":[5],"tags":[36,20,21,24,25,15,19,113,22,23,17,18,13,30,28,29,14,16,1510,1923,26,27,284,2396],"class_list":{"0":"post-42238","1":"post","2":"type-post","3":"status-publish","4":"format-standard","5":"has-post-thumbnail","7":"category-overskrifter","8":"tag-art","9":"tag-breaking-news","10":"tag-breakingnews","11":"tag-featured-news","12":"tag-featurednews","13":"tag-headlines","14":"tag-hovedoppslag","15":"tag-larvik","16":"tag-latest-news","17":"tag-latestnews","18":"tag-main-news","19":"tag-mainnews","20":"tag-news","21":"tag-no","22":"tag-norge","23":"tag-norway","24":"tag-nyheter","25":"tag-overskrifter","26":"tag-story","27":"tag-tog","28":"tag-top-stories","29":"tag-topstories","30":"tag-trafikk-og-kollektiv","31":"tag-vy"},"share_on_mastodon":{"url":"","error":""},"_links":{"self":[{"href":"https:\/\/www.europesays.com\/no\/wp-json\/wp\/v2\/posts\/42238","targetHints":{"allow":["GET"]}}],"collection":[{"href":"https:\/\/www.europesays.com\/no\/wp-json\/wp\/v2\/posts"}],"about":[{"href":"https:\/\/www.europesays.com\/no\/wp-json\/wp\/v2\/types\/post"}],"author":[{"embeddable":true,"href":"https:\/\/www.europesays.com\/no\/wp-json\/wp\/v2\/users\/2"}],"replies":[{"embeddable":true,"href":"https:\/\/www.europesays.com\/no\/wp-json\/wp\/v2\/comments?post=42238"}],"version-history":[{"count":0,"href":"https:\/\/www.europesays.com\/no\/wp-json\/wp\/v2\/posts\/42238\/revisions"}],"wp:featuredmedia":[{"embeddable":true,"href":"https:\/\/www.europesays.com\/no\/wp-json\/wp\/v2\/media\/17804"}],"wp:attachment":[{"href":"https:\/\/www.europesays.com\/no\/wp-json\/wp\/v2\/media?parent=42238"}],"wp:term":[{"taxonomy":"category","embeddable":true,"href":"https:\/\/www.europesays.com\/no\/wp-json\/wp\/v2\/categories?post=42238"},{"taxonomy":"post_tag","embeddable":true,"href":"https:\/\/www.europesays.com\/no\/wp-json\/wp\/v2\/tags?post=42238"}],"curies":[{"name":"wp","href":"https:\/\/api.w.org\/{rel}","templated":true}]}}