{"id":42241,"date":"2025-09-22T16:37:24","date_gmt":"2025-09-22T16:37:24","guid":{"rendered":"https:\/\/www.europesays.com\/no\/42241\/"},"modified":"2025-09-22T16:37:24","modified_gmt":"2025-09-22T16:37:24","slug":"charlie-kirks-enke-satte-trump-i-skyggen","status":"publish","type":"post","link":"https:\/\/www.europesays.com\/no\/42241\/","title":{"rendered":"Charlie Kirks enke satte Trump i skyggen"},"content":{"rendered":"\n<p class=\"_lead_ew2ao_2 _lead_xtcu6_50 layout-component text-serif-m layout-normal text-serif-l layout-component layout-normal layout-padded layout-padded\">I en ideell verden skulle den kj\u00e6rlige minneseremonien for Charlie Kirk kunne bli et vendepunkt for den aggressive polariseringen som preger det amerikanske samfunnet.<\/p>\n<p>Skriver om krigen i Ukraina, sjakk, Formel 1, idrettspolitikk, m.m.. Utdannet ved NMBU og Moskvas statsuniversitet. Hobbybonde.<\/p>\n<p><a href=\"https:\/\/www.vg.no\/nyheter\/i\/xmKgWB\/mailto:ole.kristian.strom@vg.no\" class=\"_button_6bkpv_2 button-label-large _filled_6bkpv_106 _button_43ilh_75\" rel=\"nofollow noopener\" target=\"_blank\">E-post<\/a> <img class=\"_image_qp4xg_65 layout-component layout-wide\" data-fullscreen- data-track-element-type=\"Article image fullscreen\" data-track-name=\"ImageFullscreen\" fetchpriority=\"high\" decoding=\"sync\" loading=\"eager\" height=\"102\" itemprop=\"image\"  src=\"https:\/\/www.europesays.com\/no\/wp-content\/uploads\/2025\/09\/1d180aec7234db08e89dc7657c43135e.jpg\"  style=\"object-position:50% 50%;aspect-ratio:1.75;height:auto;object-fit:cover;width:100%\" width=\"102\"\/>  Mandag 22. september kl. 13:34     <\/p>\n<p class=\"_paragraph_ew2ao_4 _paragraph_xtcu6_10 layout-component text-serif-m layout-normal text-serif-m layout-padded\">Dessverre er det lite som tyder p\u00e5 at det kommer til \u00e5 skje, selv om enken Erika Kirk hadde et forsonende budskap og p\u00e5 mange m\u00e5ter satte president Donald Trump i skyggen.<\/p>\n<p class=\"_paragraph_ew2ao_4 _paragraph_xtcu6_10 layout-component text-serif-m layout-normal text-serif-m layout-padded\">Hun snakket om Jesus som d\u00f8de p\u00e5 korset, og kjempet med t\u00e5rene da hun kom inn p\u00e5 morderen.<\/p>\n<p class=\"_paragraph_ew2ao_4 _paragraph_xtcu6_10 layout-component text-serif-m layout-normal text-serif-m layout-padded\">\u2013 Den unge mannen, jeg tilgir ham. Jeg tilgir ham, for det gjorde Kristus og det ville Charlie ha gjort.<\/p>\n<p class=\"_paragraph_ew2ao_4 _paragraph_xtcu6_10 layout-component text-serif-m layout-normal text-serif-m layout-padded\">Det var seremoniens vakreste \u00f8yeblikk av en enke som kommer til \u00e5 f\u00f8re Charlie Kirks arbeid videre. Hun var i dyp sorg, men var ogs\u00e5 tydelig glad for den voldsomme st\u00f8tten fra de 70.000 p\u00e5 tribunene p\u00e5 det som til daglig er en arena for amerikansk fotball.<\/p>\n<p class=\"_paragraph_ew2ao_4 _paragraph_xtcu6_10 layout-component text-serif-m layout-normal text-serif-m layout-padded\">P\u00e5 forh\u00e5nd var det mange som spurte seg om seremonien i Arizona skulle bli en andaktsstund eller en krigserkl\u00e6ring mot det USA som ikke st\u00f8tter Donald Trump og MAGAMAGAMAGA st\u00e5r for &laquo;Make America Great Again&raquo;, som er et politisk slagord og bevegelse assosiert med Donald Trump og hans tilhengere.-bevegelsen.<\/p>\n<p class=\"_paragraph_ew2ao_4 _paragraph_xtcu6_10 layout-component text-serif-m layout-normal text-serif-m layout-padded\">Det ble begge deler.<\/p>\n<p class=\"_paragraph_ew2ao_4 _paragraph_xtcu6_10 layout-component text-serif-m layout-normal text-serif-m layout-padded\">Rett f\u00f8r Erika Kirk hadde kommet med sitt forsonende budskap, hadde Trumps n\u00e6re r\u00e5dgiver Stephen Miller fastsl\u00e5tt at \u00abilden brenner med et rettferdig raseri som v\u00e5re fiender ikke forst\u00e5r\u00bb. Men i en minneseremoni som var bemerkelsesverdig respektfull og kj\u00e6rlig, var han den eneste som virkelig snakket om hat og sa at motstanderne var \u00abondskap\u00bb.<\/p>\n<p class=\"_paragraph_ew2ao_4 _paragraph_xtcu6_10 layout-component text-serif-m layout-normal text-serif-m layout-padded\">Selv Elon Musk var avm\u00e5lt da han <a href=\"https:\/\/www.vg.no\/nyheter\/i\/JbkxvX\/minnes-charlie-kirk-med-enorm-maga-moenstring\" data-track-element-type=\"Link\" data-track-id=\"link:JbkxvX\" class=\"_link_ew2ao_39\" rel=\"nofollow noopener\" target=\"_blank\">ble intervjuet av VG<\/a> og snakket om at \u00abCharlie var en som trodde p\u00e5 dialog og \u00e5pen debatt\u00bb.<\/p>\n<p class=\"_paragraph_ew2ao_4 _paragraph_xtcu6_10 layout-component text-serif-m layout-normal text-serif-m layout-padded\">Vi har i tiden etter drapet opplevd en kamp om Kirks etterm\u00e6le. Var han en provokat\u00f8r som spredte hatretorikkhatretorikkHatretorikk refererer til tale eller uttrykk som sprer hat, fiendtlighet eller fordommer mot en bestemt gruppe mennesker., eller en Kristus-lignende, samlende skikkelse? Heldigvis er b\u00e5de venstre- og h\u00f8yresiden enige om at politiske drap ikke h\u00f8rer noe steds hjemme, aller minst i det allerede sterkt polariserte USA.<\/p>\n<p class=\"_paragraph_ew2ao_4 _paragraph_xtcu6_10 layout-component text-serif-m layout-normal text-serif-m layout-padded\">Under s\u00f8ndagens arrangement i Glendale tok de bibelske referansene aldri slutt: profet, martyr, apostel, disippel. Kirk har blitt omtalt som den 13. disippelen.<\/p>\n<p class=\"_paragraph_ew2ao_4 _paragraph_xtcu6_10 layout-component text-serif-m layout-normal text-serif-m layout-padded\">Nesten alle talerne hadde kristne budskap. Seremonien ble derfor ogs\u00e5 en manifestasjon for den kristne h\u00f8yresiden i USA, som gjennomg\u00e5r noe som vi kanskje kan kalle en vekkelse, i hvert fall en stor interesse ved siden av politikken.<\/p>\n<p class=\"_paragraph_ew2ao_4 _paragraph_xtcu6_10 layout-component text-serif-m layout-normal text-serif-m layout-padded\">Donald Trump har selv sagt etter attentatfors\u00f8ket mot ham i 2024 at han tror at Gud hadde en mening med \u00e5 la ham overleve.<\/p>\n<p class=\"_paragraph_ew2ao_4 _paragraph_xtcu6_10 layout-component text-serif-m layout-normal text-serif-m layout-padded\">Han hadde en helt annen tone i sin tale enn det enken hadde. \u00abJeg hater mine motstandere, og jeg \u00f8nsker ikke det beste for dem\u00bb, sa presidenten, og innr\u00f8mmet at han og Charlie Kirk slik sett var veldig forskjellige.<\/p>\n<p><img alt=\"Donald Trump klemmer Erika Kirk ved avslutningen av minneseremonien.  Foto: Julia Demaree Nikhinson \/ AP \/ NTB\" class=\"_image_qp4xg_65 layout-component layout-normal\" data-fullscreen- data-track-element-type=\"Article image fullscreen\" data-track-name=\"ImageFullscreen\" decoding=\"async\" loading=\"lazy\" height=\"3549\" itemprop=\"image\"  src=\"https:\/\/www.europesays.com\/no\/wp-content\/uploads\/2025\/09\/b74035da-8a41-4548-b96f-0c221c48abb5\"  style=\"object-position:0% 0%\" width=\"5323\"\/>Donald Trump klemmer Erika Kirk ved avslutningen av minneseremonien.  Foto: Julia Demaree Nikhinson \/ AP \/ NTB<\/p>\n<p class=\"_paragraph_ew2ao_4 _paragraph_xtcu6_10 layout-component text-serif-m layout-normal text-serif-m layout-padded\">Det dystre bakteppet for s\u00f8ndagens minnemarkering er at det liberale demokratietdet liberale demokratietLiberalt demokrati er en form for styresett der individuelle friheter og rettigheter er beskyttet, og makten er fordelt for \u00e5 forhindre misbruk. i USA er utfordret.<\/p>\n<p class=\"_paragraph_ew2ao_4 _paragraph_xtcu6_10 layout-component text-serif-m layout-normal text-serif-m layout-padded\"><strong class=\"_strong_ew2ao_25\">LES<\/strong>: <a href=\"https:\/\/www.vg.no\/nyheter\/i\/1MKmJM\/trump-splitter-usa-etter-kirk-drapet\" data-track-element-type=\"Link\" data-track-id=\"link:1MKmJM\" class=\"_link_ew2ao_39\" rel=\"nofollow noopener\" target=\"_blank\">Hanne Skartveit kommenterer: Rakner USA n\u00e5?<\/a><\/p>\n<p class=\"_paragraph_ew2ao_4 _paragraph_xtcu6_10 layout-component text-serif-m layout-normal text-serif-m layout-padded\">Donald Trump har til n\u00e5 brukt <a href=\"https:\/\/www.vg.no\/tag\/drapet-paa-charlie-kirk?utm_source=vg-article&amp;utm_medium=auto-tagger&amp;utm_campaign=xmKgWB\" class=\"_link_ew2ao_39\" rel=\"nofollow noopener\" target=\"_blank\">drapet p\u00e5 Charlie Kirk<\/a> til \u00e5 splitte USA enda mer, i stedet for \u00e5 samle og forsone.<\/p>\n<p class=\"_paragraph_ew2ao_4 _paragraph_xtcu6_10 layout-component text-serif-m layout-normal text-serif-m layout-padded\">En del av tilskuerne syntes ikke om m\u00e5ten han uttrykte seg p\u00e5 da han kom fram som siste taler p\u00e5 minnemarkeringen. Stemningen var en helt annen enn da Erika Kirk talte. Kanskje merket presidenten selv det, og inviterte henne opp p\u00e5 scenen igjen &#8211; noe som ga voldsom applaus.<\/p>\n<p class=\"_paragraph_ew2ao_4 _paragraph_xtcu6_10 layout-component text-serif-m layout-normal text-serif-m layout-padded\">Men dessverre er det lite som tyder p\u00e5 at Erika Kirks t\u00e5rer og forsonende tone f\u00e5r gjennomslag i dagens USA.<\/p>\n<p class=\"_paragraph_ew2ao_4 _paragraph_xtcu6_10 layout-component text-serif-m layout-normal text-serif-m layout-padded\">Om det skulle skje, m\u00e5 vi ty til enda et bibelsk ord: Mirakel.<\/p>\n<p>      Dette er en kommentar. Kommentaren gir uttrykk for skribentens holdning. <\/p>\n","protected":false},"excerpt":{"rendered":"I en ideell verden skulle den kj\u00e6rlige minneseremonien for Charlie Kirk kunne bli et vendepunkt for den aggressive&hellip;\n","protected":false},"author":2,"featured_media":42242,"comment_status":"","ping_status":"","sticky":false,"template":"","format":"standard","meta":{"footnotes":""},"categories":[5],"tags":[20,21,55,5133,24,25,15,19,22,23,17,18,13,30,28,29,14,16,26,27,103],"class_list":{"0":"post-42241","1":"post","2":"type-post","3":"status-publish","4":"format-standard","5":"has-post-thumbnail","7":"category-overskrifter","8":"tag-breaking-news","9":"tag-breakingnews","10":"tag-donald-trump","11":"tag-drapet-pa-charlie-kirk","12":"tag-featured-news","13":"tag-featurednews","14":"tag-headlines","15":"tag-hovedoppslag","16":"tag-latest-news","17":"tag-latestnews","18":"tag-main-news","19":"tag-mainnews","20":"tag-news","21":"tag-no","22":"tag-norge","23":"tag-norway","24":"tag-nyheter","25":"tag-overskrifter","26":"tag-top-stories","27":"tag-topstories","28":"tag-vgmeninger"},"share_on_mastodon":{"url":"","error":""},"_links":{"self":[{"href":"https:\/\/www.europesays.com\/no\/wp-json\/wp\/v2\/posts\/42241","targetHints":{"allow":["GET"]}}],"collection":[{"href":"https:\/\/www.europesays.com\/no\/wp-json\/wp\/v2\/posts"}],"about":[{"href":"https:\/\/www.europesays.com\/no\/wp-json\/wp\/v2\/types\/post"}],"author":[{"embeddable":true,"href":"https:\/\/www.europesays.com\/no\/wp-json\/wp\/v2\/users\/2"}],"replies":[{"embeddable":true,"href":"https:\/\/www.europesays.com\/no\/wp-json\/wp\/v2\/comments?post=42241"}],"version-history":[{"count":0,"href":"https:\/\/www.europesays.com\/no\/wp-json\/wp\/v2\/posts\/42241\/revisions"}],"wp:featuredmedia":[{"embeddable":true,"href":"https:\/\/www.europesays.com\/no\/wp-json\/wp\/v2\/media\/42242"}],"wp:attachment":[{"href":"https:\/\/www.europesays.com\/no\/wp-json\/wp\/v2\/media?parent=42241"}],"wp:term":[{"taxonomy":"category","embeddable":true,"href":"https:\/\/www.europesays.com\/no\/wp-json\/wp\/v2\/categories?post=42241"},{"taxonomy":"post_tag","embeddable":true,"href":"https:\/\/www.europesays.com\/no\/wp-json\/wp\/v2\/tags?post=42241"}],"curies":[{"name":"wp","href":"https:\/\/api.w.org\/{rel}","templated":true}]}}