{"id":42249,"date":"2025-09-22T16:51:25","date_gmt":"2025-09-22T16:51:25","guid":{"rendered":"https:\/\/www.europesays.com\/no\/42249\/"},"modified":"2025-09-22T16:51:25","modified_gmt":"2025-09-22T16:51:25","slug":"norske-kristenledere-hyller-erika-kirk-og-kritiserer-trump","status":"publish","type":"post","link":"https:\/\/www.europesays.com\/no\/42249\/","title":{"rendered":"Norske kristenledere hyller Erika Kirk \u2013 og kritiserer Trump"},"content":{"rendered":"<p>\n        REAKSJONER: Flere kristenledere har tatt til tastaturet etter minnemarkeringen etter Charlie Kirk. Enkens tilgivende tale trekkes fram som sant kristen.<br \/>\n        Audhild H\u00f8vik \/ DAM \/ Astrid Dalehaug Nordheim\n    <\/p>\n<p>    Flere norske kristenledere har tatt til tastaturet etter minnemarkeringen for Charlie Kirk i natt.\u00a0<\/p>\n<p>\u00abMens Erika Kirk viste oss hva evangeliet om Jesus Kristus faktisk handler om, demonstrerte Donald Trump det stikk motsatte i sin tale under minnestunden til Charlie Kirk\u00bb,\u00a0skriver Karl-Johan Kj\u00f8de p\u00e5 sin Facebook-vegg mandag.<\/p>\n<p>Kj\u00f8de er pastor i Frikirken, og var inntil nylig generalsekret\u00e6r i Laget NKSS.\u00a0<\/p>\n<p>Med t\u00e5rer i \u00f8ynene holdt Erika Kirk, enken etter avd\u00f8de Charlie Kirk, <a href=\"https:\/\/www.dagen.no\/nyheter\/erika-kirk-tilgir-ektemannens-drapsmann-svaret-pa-hat-er-kjaerlighet\/1486049\" target=\"_blank\" rel=\"nofollow noopener\">sin tale<\/a>.\u00a0<\/p>\n","protected":false},"excerpt":{"rendered":"REAKSJONER: Flere kristenledere har tatt til tastaturet etter minnemarkeringen etter Charlie Kirk. Enkens tilgivende tale trekkes fram som&hellip;\n","protected":false},"author":2,"featured_media":42250,"comment_status":"","ping_status":"","sticky":false,"template":"","format":"standard","meta":{"footnotes":""},"categories":[5],"tags":[20,21,24,25,15,19,22,23,17,18,13,30,28,29,14,16,26,27],"class_list":{"0":"post-42249","1":"post","2":"type-post","3":"status-publish","4":"format-standard","5":"has-post-thumbnail","7":"category-overskrifter","8":"tag-breaking-news","9":"tag-breakingnews","10":"tag-featured-news","11":"tag-featurednews","12":"tag-headlines","13":"tag-hovedoppslag","14":"tag-latest-news","15":"tag-latestnews","16":"tag-main-news","17":"tag-mainnews","18":"tag-news","19":"tag-no","20":"tag-norge","21":"tag-norway","22":"tag-nyheter","23":"tag-overskrifter","24":"tag-top-stories","25":"tag-topstories"},"share_on_mastodon":{"url":"","error":""},"_links":{"self":[{"href":"https:\/\/www.europesays.com\/no\/wp-json\/wp\/v2\/posts\/42249","targetHints":{"allow":["GET"]}}],"collection":[{"href":"https:\/\/www.europesays.com\/no\/wp-json\/wp\/v2\/posts"}],"about":[{"href":"https:\/\/www.europesays.com\/no\/wp-json\/wp\/v2\/types\/post"}],"author":[{"embeddable":true,"href":"https:\/\/www.europesays.com\/no\/wp-json\/wp\/v2\/users\/2"}],"replies":[{"embeddable":true,"href":"https:\/\/www.europesays.com\/no\/wp-json\/wp\/v2\/comments?post=42249"}],"version-history":[{"count":0,"href":"https:\/\/www.europesays.com\/no\/wp-json\/wp\/v2\/posts\/42249\/revisions"}],"wp:featuredmedia":[{"embeddable":true,"href":"https:\/\/www.europesays.com\/no\/wp-json\/wp\/v2\/media\/42250"}],"wp:attachment":[{"href":"https:\/\/www.europesays.com\/no\/wp-json\/wp\/v2\/media?parent=42249"}],"wp:term":[{"taxonomy":"category","embeddable":true,"href":"https:\/\/www.europesays.com\/no\/wp-json\/wp\/v2\/categories?post=42249"},{"taxonomy":"post_tag","embeddable":true,"href":"https:\/\/www.europesays.com\/no\/wp-json\/wp\/v2\/tags?post=42249"}],"curies":[{"name":"wp","href":"https:\/\/api.w.org\/{rel}","templated":true}]}}