{"id":42251,"date":"2025-09-22T16:52:08","date_gmt":"2025-09-22T16:52:08","guid":{"rendered":"https:\/\/www.europesays.com\/no\/42251\/"},"modified":"2025-09-22T16:52:08","modified_gmt":"2025-09-22T16:52:08","slug":"glimt-sport-hyller-fet-etter-brutal-kveld-bor-fa-tiarskontrakt-avisa-nordland","status":"publish","type":"post","link":"https:\/\/www.europesays.com\/no\/42251\/","title":{"rendered":"Glimt, Sport | Hyller Fet etter brutal kveld: \u2013 B\u00f8r f\u00e5 ti\u00e5rskontrakt &#8211; Avisa Nordland"},"content":{"rendered":"<ol>\n<li><a href=\"https:\/\/news.google.com\/rss\/articles\/CBMiigFBVV95cUxNdTg4RXUyVzc5NzdUTWVrSlFtUVhsbEpmaWZzMmNRSWdXU3lzWXd6VlBKQnRSXzJHNEhld0NqdGQ0NHJfcGFIZVVHVnNKczcya2N5TTVDRjVTSVUtZDc4Wi1Ya1FWTHNnNUZEWEtwTEZVUTlmaUk1TktfSlpiV25EZkE2bWRDOURDeGc?oc=5\" target=\"_blank\" rel=\"nofollow noopener\">Glimt, Sport | Hyller Fet etter brutal kveld: \u2013 B\u00f8r f\u00e5 ti\u00e5rskontrakt<\/a>&nbsp;&nbsp;Avisa Nordland<\/li>\n<li><a href=\"https:\/\/news.google.com\/rss\/articles\/CBMiZkFVX3lxTE9peFIxVVhvOFF0N0thaFB4azFSb1NrWjNVU3hKUzFmbUlRSmU2Q0RUX1NteFBQSE1fa01OZUI4bi1qa3EtazBYSG5BYlBSX1Jwb241RnJTZkdpUUdEWGtMUU5taU1KQQ?oc=5\" target=\"_blank\" rel=\"nofollow noopener\">&#8211; Da er du ferdig<\/a>&nbsp;&nbsp;Dagbladet<\/li>\n<li><a href=\"https:\/\/news.google.com\/rss\/articles\/CBMiiwFBVV95cUxOSTlsNTZrczEwekpBM2s0cnBJX0dIS2lzVkdOd3hZSkg3RTMySDFZdnA1dnc4THBjdlpLejRQZWdHUFQ1V1NNY19vWDE1U21zWlZGMVB2RF85cENicjhYdnJiVjlIOG16eEw2MGFHWHVRNklVTW9PRVM0V2ZBVlZabVZCSXhKd0tYNEpF?oc=5\" target=\"_blank\" rel=\"nofollow noopener\">Glimt-helten: \u2013 Det er ikke s\u00e5 lett \u00e5 bli norsk<\/a>&nbsp;&nbsp;NRK<\/li>\n<li><a href=\"https:\/\/news.google.com\/rss\/articles\/CBMisAFBVV95cUxNOGp2TFpuT2R3ZXByT3ZKcW5xd2Ntc3E3WE9DVXo3aVc2NlVQX2xmSVZNUEtfM2w3X0N6Q1cxTnBhZTZCbFUtX0RrVEVINS1jVUtKaWRCekpjZDN2YzBHODJ2aXhqSjhGLXY1Z2xTSTJHc182czdLY2h4Mjgzc256OTI3TWl6TncyRlVNb1NCOWtETjhiUlNjUUtSMTYwcGFyeDVXNnBzb3N3V0MyOVJMSQ?oc=5\" target=\"_blank\" rel=\"nofollow noopener\">Gundersen reagerer p\u00e5 usportslig oppf\u00f8rsel: \u2013\u2060 M\u00e5 bare ta tak i det med en gang<\/a>&nbsp;&nbsp;VG<\/li>\n<li><a href=\"https:\/\/news.google.com\/rss\/articles\/CBMic0FVX3lxTE0wTG5lMW42dVBMeFF6VGNWZHFYWkVsMVYyOVhvX2p4TUFpcHFfN0ZyVjhmSHluSVZ0U1VpdzVRd0kxRWc4Uk13c3BXQmJZaGNCWW4tcS0wbExGQWZReG9TRWNNS2FWbjFUZDRDYUQ3cy16UDA?oc=5\" target=\"_blank\" rel=\"nofollow noopener\">N\u00e5 braker det l\u00f8s i Champions League<\/a>&nbsp;&nbsp;Bod\u00f8\/Glimt<\/li>\n<\/ol>\n","protected":false},"excerpt":{"rendered":"Glimt, Sport | Hyller Fet etter brutal kveld: \u2013 B\u00f8r f\u00e5 ti\u00e5rskontrakt&nbsp;&nbsp;Avisa Nordland &#8211; Da er du ferdig&nbsp;&nbsp;Dagbladet&hellip;\n","protected":false},"author":2,"featured_media":42252,"comment_status":"","ping_status":"","sticky":false,"template":"","format":"standard","meta":{"footnotes":""},"categories":[59],"tags":[30,28,29,83,82],"class_list":{"0":"post-42251","1":"post","2":"type-post","3":"status-publish","4":"format-standard","5":"has-post-thumbnail","7":"category-sport","8":"tag-no","9":"tag-norge","10":"tag-norway","11":"tag-sport","12":"tag-sports"},"share_on_mastodon":{"url":"","error":""},"_links":{"self":[{"href":"https:\/\/www.europesays.com\/no\/wp-json\/wp\/v2\/posts\/42251","targetHints":{"allow":["GET"]}}],"collection":[{"href":"https:\/\/www.europesays.com\/no\/wp-json\/wp\/v2\/posts"}],"about":[{"href":"https:\/\/www.europesays.com\/no\/wp-json\/wp\/v2\/types\/post"}],"author":[{"embeddable":true,"href":"https:\/\/www.europesays.com\/no\/wp-json\/wp\/v2\/users\/2"}],"replies":[{"embeddable":true,"href":"https:\/\/www.europesays.com\/no\/wp-json\/wp\/v2\/comments?post=42251"}],"version-history":[{"count":0,"href":"https:\/\/www.europesays.com\/no\/wp-json\/wp\/v2\/posts\/42251\/revisions"}],"wp:featuredmedia":[{"embeddable":true,"href":"https:\/\/www.europesays.com\/no\/wp-json\/wp\/v2\/media\/42252"}],"wp:attachment":[{"href":"https:\/\/www.europesays.com\/no\/wp-json\/wp\/v2\/media?parent=42251"}],"wp:term":[{"taxonomy":"category","embeddable":true,"href":"https:\/\/www.europesays.com\/no\/wp-json\/wp\/v2\/categories?post=42251"},{"taxonomy":"post_tag","embeddable":true,"href":"https:\/\/www.europesays.com\/no\/wp-json\/wp\/v2\/tags?post=42251"}],"curies":[{"name":"wp","href":"https:\/\/api.w.org\/{rel}","templated":true}]}}