{"id":42253,"date":"2025-09-22T16:53:20","date_gmt":"2025-09-22T16:53:20","guid":{"rendered":"https:\/\/www.europesays.com\/no\/42253\/"},"modified":"2025-09-22T16:53:20","modified_gmt":"2025-09-22T16:53:20","slug":"kultur-underholdning-kulturnatt-traff-blink-med-nysatsing-i-sentrum","status":"publish","type":"post","link":"https:\/\/www.europesays.com\/no\/42253\/","title":{"rendered":"Kultur &#038; underholdning, Kulturnatt | Traff blink med nysatsing i sentrum"},"content":{"rendered":"\n<p>Hele 75 arrangementer og 700 mennesker, fant sted ulike steder i byen gjennom l\u00f8rdagen.<\/p>\n<p>Leder for Sarpsborg kultur- og musikkr\u00e5d, Magne Hansen, er str\u00e5lende forn\u00f8yd med b\u00e5de oppslutning og gjennomf\u00f8ring.<\/p>\n<p>\u2013 Det var en flott dag, der hele kultur- og utelivet stilte opp. Publikum m\u00f8tte opp i stort antall, sier Hansen til Sarpsborg Arbeiderblad.<\/p>\n<p>St\u00f8rste kulturarrangementet noensinne<\/p>\n<p>Kulturnatt omtales som det st\u00f8rste kulturarrangementet i Sarpsborg noen gang, m\u00e5lt i antall akt\u00f8rer, scener og deltakere. Programmet spente over alle aldersgrupper og inkluderte alt fra musikk, teater og dans til kunst, humor og lysinstallasjoner.<\/p>\n<p>\u2013 Noen steder var nok bedre bes\u00f8kt enn andre, men helhetsinntrykket er at folk koste seg og var stolte av byen sin. Vi har f\u00e5tt sv\u00e6rt mange positive tilbakemeldinger, sier Hansen.<\/p>\n<p>Imponerende h\u00f8ydepunkter<\/p>\n<p>Han roser de mange akt\u00f8rene som bidro, men trekker frem spesielt to opplevelser:<\/p>\n<p>   <img decoding=\"async\" width=\"768\" height=\"1024\" fetchpriority=\"low\"  loading=\"lazy\"  src=\"https:\/\/www.europesays.com\/no\/wp-content\/uploads\/2025\/09\/62B48612-CA49-485D-87EE-2F56C0F2104B_1_105_c.jpeg\" alt=\"\" class=\"brick-c-cFOWSL\" style=\"--brick-image-ratio: 768 \/ 1024;\"\/><\/p>\n<p>    Teaterkompaniet La Fam.<br \/>\n    Foto: John Johansen\n  <\/p>\n<p>P\u00e5 dagtid trollbandt det spanske teaterkompaniet La Fam publikum i St. Marie gate, i samarbeid med Studium Actoris. Med stylter og store bevegelige konstruksjoner gled akt\u00f8rene gjennom gatene og skapte en spektakul\u00e6r forestilling.<\/p>\n<p>P\u00e5 kveldstid var det lysinstallasjonen Cosmos som stjal oppmerksomheten. Den kan fortsatt oppleves i Sarpsborg de neste to ukene.<\/p>\n<p>Ser mot neste \u00e5r<\/p>\n<p>Hansen sl\u00e5r fast at Kulturnatt har kommet for \u00e5 bli.<\/p>\n<p>\u2013 Vi satser p\u00e5 neste \u00e5r, men skal f\u00f8rst evaluere \u00e5rets arrangement. Allerede n\u00e5 er det mange som \u00f8nsker \u00e5 bidra og delta igjen, sier han.<\/p>\n<p>Han beskriver \u00e5rets gjennomf\u00f8ring som s\u00f8ml\u00f8s og understreker viktigheten av \u00e5 l\u00f8fte fram byens egne krefter.<\/p>\n<p>\u2013 Jeg er veldig forn\u00f8yd med at Sarpsborgs kulturliv engasjerer s\u00e5 bredt. Vi har et rikt og variert kulturliv her i byen, avslutter Magne Hansen.<\/p>\n<p>Arrangementet var mulig takket v\u00e6re stor oppslutning fra lokale og regionale bidragsytere, blant annet Sparebank1stiftelsen Halden, Sparebankstiftelsen DNB, Sarpsborg kommune, Sparebank1 \u00d8stfold og Akershus, Marker og Eidsberg sparebank, iSarpsborg, \u00d8stfold fylkeskommune samt fire arrang\u00f8rer: iSarpsborg, omr\u00e5desatsingen \u00f8stre bydel, Jubileumsstafetten 2026 og Sarpsborg kultur- og musikkr\u00e5d.<\/p>\n<p>  <a href=\"https:\/\/www.sa.no\/5-46-1887041\" class=\"related-teaser has-image default-story-teaser article--c-eRUmMG article--c-eRUmMG-jKCPdD-design-default\" rel=\"nofollow noopener\" target=\"_blank\"><\/p>\n<p>    <img decoding=\"async\" loading=\"lazy\"  src=\"https:\/\/www.europesays.com\/no\/wp-content\/uploads\/2025\/09\/D82549D3-E37E-4FAA-83CA-192F8E6FB684.jpeg\" alt=\"\" class=\"brick-c-cFOWSL\" style=\"\"\/><\/p>\n<p>\n            Les ogs\u00e5<\/p>\n<p>              Planetene har inntatt Borgarsyssel\n        <\/p>\n<p>  <\/a><\/p>\n<p>  <a href=\"https:\/\/www.sa.no\/5-46-1887068\" class=\"related-teaser has-image default-gallery-teaser article--c-eRUmMG article--c-eRUmMG-jKCPdD-design-default\" rel=\"nofollow noopener\" target=\"_blank\"><\/p>\n<p>    <img decoding=\"async\" loading=\"lazy\"  src=\"https:\/\/www.europesays.com\/no\/wp-content\/uploads\/2025\/09\/B299DF5D-32C0-49C0-9ED0-56D8469CA9F4.jpeg\" alt=\"\" class=\"brick-c-cFOWSL\" style=\"\"\/><\/p>\n<p>\n            Bildeserie<\/p>\n<p>              Se bilder fra Kulturnatt\n        <\/p>\n<p>  <\/a><\/p>\n","protected":false},"excerpt":{"rendered":"Hele 75 arrangementer og 700 mennesker, fant sted ulike steder i byen gjennom l\u00f8rdagen. Leder for Sarpsborg kultur-&hellip;\n","protected":false},"author":2,"featured_media":37821,"comment_status":"","ping_status":"","sticky":false,"template":"","format":"standard","meta":{"footnotes":""},"categories":[58],"tags":[36,71,282,3181,30,28,29,447,1510,72],"class_list":{"0":"post-42253","1":"post","2":"type-post","3":"status-publish","4":"format-standard","5":"has-post-thumbnail","7":"category-underholdning","8":"tag-art","9":"tag-entertainment","10":"tag-kultur-underholdning","11":"tag-kulturnatt","12":"tag-no","13":"tag-norge","14":"tag-norway","15":"tag-nyhet","16":"tag-story","17":"tag-underholdning"},"share_on_mastodon":{"url":"","error":""},"_links":{"self":[{"href":"https:\/\/www.europesays.com\/no\/wp-json\/wp\/v2\/posts\/42253","targetHints":{"allow":["GET"]}}],"collection":[{"href":"https:\/\/www.europesays.com\/no\/wp-json\/wp\/v2\/posts"}],"about":[{"href":"https:\/\/www.europesays.com\/no\/wp-json\/wp\/v2\/types\/post"}],"author":[{"embeddable":true,"href":"https:\/\/www.europesays.com\/no\/wp-json\/wp\/v2\/users\/2"}],"replies":[{"embeddable":true,"href":"https:\/\/www.europesays.com\/no\/wp-json\/wp\/v2\/comments?post=42253"}],"version-history":[{"count":0,"href":"https:\/\/www.europesays.com\/no\/wp-json\/wp\/v2\/posts\/42253\/revisions"}],"wp:featuredmedia":[{"embeddable":true,"href":"https:\/\/www.europesays.com\/no\/wp-json\/wp\/v2\/media\/37821"}],"wp:attachment":[{"href":"https:\/\/www.europesays.com\/no\/wp-json\/wp\/v2\/media?parent=42253"}],"wp:term":[{"taxonomy":"category","embeddable":true,"href":"https:\/\/www.europesays.com\/no\/wp-json\/wp\/v2\/categories?post=42253"},{"taxonomy":"post_tag","embeddable":true,"href":"https:\/\/www.europesays.com\/no\/wp-json\/wp\/v2\/tags?post=42253"}],"curies":[{"name":"wp","href":"https:\/\/api.w.org\/{rel}","templated":true}]}}