{"id":42270,"date":"2025-09-22T17:13:07","date_gmt":"2025-09-22T17:13:07","guid":{"rendered":"https:\/\/www.europesays.com\/no\/42270\/"},"modified":"2025-09-22T17:13:07","modified_gmt":"2025-09-22T17:13:07","slug":"popartist-harry-styles-imponerte-under-berlin-maraton-sprang-under-tre-timar-nrk-sport-sportsnyheter-resultater-og-sendeplan","status":"publish","type":"post","link":"https:\/\/www.europesays.com\/no\/42270\/","title":{"rendered":"Popartist Harry Styles imponerte under Berlin Maraton \u2013 sprang under tre timar \u2013 NRK Sport \u2013 Sportsnyheter, resultater og sendeplan"},"content":{"rendered":"<p>Under namnet \u00abSted Sarandos\u00bb, sprang den engelske artisten inn p\u00e5 2.59.14 under Berlin Maraton s\u00f8ndag.<\/p>\n<p>Harry Styles, tidlegare medlem av boybandet One Direction, kom alts\u00e5 under tre timar \u2013 som er ein milep\u00e6l for fleire l\u00f8parar.\n<\/p>\n<p><img decoding=\"async\"   src=\"data:image\/gif;base64,R0lGODlhAQABAIAAAAAAAP\/\/\/yH5BAEAAAAALAAAAAABAAEAAAIBRAA7\" loading=\"eager\" alt=\"Harry Styles\" title=\"Foto: Evan Agostini \/ AP \/ NTB\"\/><\/p>\n<p class=\"\">POPARTIST: Harry Styles.<\/p>\n<p>Foto: Evan Agostini \/ AP \/ NTB<\/p>\n<p>\u2013 Viss du spring p\u00e5 under tre timar i forholda som var i Berlin, s\u00e5 har han lagt ned ein betydeleg innsats, seier Kristian Ulriksen til NRK.<\/p>\n<p>Ulriksen er friidrettsekspert og supermosjonist, og i mange \u00e5r dreiv han NRK-podkasten \u00abI det lange l\u00f8p\u00bb med Jann Post. Ulriksen kom sj\u00f8lv i m\u00e5l p\u00e5 tida 2.29.28 i Berlin s\u00f8ndag.<\/p>\n<p><strong>Berlin Maraton blir rekna som eit av verdas raskaste maraton.<\/strong><\/p>\n<p>If\u00f8lgje l\u00f8pemagasinet <a href=\"https:\/\/www.runnersworld.com\/news\/a67977248\/harry-styles-berlin-marathon-time\/?utm_source=instagram&amp;utm_medium=social&amp;utm_campaign=likeshop&amp;utm_content=www.instagram.com\/p\/DO3ZJYhjiMt\" ec-id=\"https:\/\/www.runnersworld.com\/news\/a67977248\/harry-styles-berlin-marathon-time\/\" ec-name=\"Runner&#039;s World\" rel=\"nofollow noopener\" target=\"_blank\">Runner&#8217;s World<\/a> skal det ha vore 24 grader og h\u00f8g luftfukt under l\u00f8pet.<\/p>\n<p>Arrang\u00f8ren har bekrefta til <a href=\"https:\/\/apnews.com\/article\/berlin-marathon-harry-styles-1594469e884bc6550d86130517e15d3c?utm_source=sdrn%3Avg%3Aarticle%3ARzvzOa\" ec-id=\"https:\/\/apnews.com\/article\/berlin-marathon-harry-styles-1594469e884bc6550d86130517e15d3c\" ec-name=\"AP\" rel=\"nofollow noopener\" target=\"_blank\">AP<\/a> at Styles sprang l\u00f8pet.<\/p>\n<p>I m\u00e5l blei han fotografert i lag med Richard Whitehead, som har vunne to paralympiske gullmedaljar p\u00e5 200 meter.<\/p>\n<p><img decoding=\"async\"   src=\"data:image\/gif;base64,R0lGODlhAQABAIAAAAAAAP\/\/\/yH5BAEAAAAALAAAAAABAAEAAAIBRAA7\" loading=\"eager\" alt=\"to menn tmmel opp\" title=\"Foto: Skjermdump fr\u00e5 Instagram \/ @richard_whitehead_mbe\"\/><\/p>\n<p class=\"\">I M\u00c5L: Harry Styles (t.h.) i lag med Richard Whitehead i m\u00e5lomr\u00e5det etter l\u00f8pet.<\/p>\n<p>Foto: Skjermdump fr\u00e5 Instagram \/ @richard_whitehead_mbe<\/p>\n<p>\u2013 Det er veldig imponerande<\/p>\n<p><strong>\u2013 Det er vel ganske stor forskjell p\u00e5 kva desse musikarane gjer, nokon tek heroin og andre drikk vatn, seier Kristian Ulriksen. <\/strong><\/p>\n<p>Han rosar den engelske artisten for at han vel \u00e5 springe.\n<\/p>\n<p><img decoding=\"async\"   src=\"data:image\/gif;base64,R0lGODlhAQABAIAAAAAAAP\/\/\/yH5BAEAAAAALAAAAAABAAEAAAIBRAA7\" loading=\"eager\" alt=\"en mann med solbriller\" title=\"Foto: J\u00f8rgen Ryggvik Karlsen \/ NRK\"\/><\/p>\n<p class=\"\">SUPERMOSJONIST: Kristian Ulriksen sprang p\u00e5 2.29.28 under Berlin Maraton. <\/p>\n<p>Foto: J\u00f8rgen Ryggvik Karlsen \/ NRK<\/p>\n<p>\u2013 Det er jo mest sannsynleg gunstig b\u00e5de for musikk-karrieren og for resten av livet, \u00e5 halde seg i god fysisk form, legg han til.<\/p>\n<p>S\u00f8ndagens maraton var Styles sitt andre for i \u00e5r. I mars sprang han Tokyo maraton p\u00e5 tida 3.24.07.<\/p>\n<p>Ein som er godt kjend med \u00e5 kombinere artistliv med l\u00f8ping er Daniel Kvammen. Han er imponert av prestasjonen til Styles.<\/p>\n<p>\u2013 Tre timar \u2013 det er liksom den magiske grensa, seier Kvammen.<\/p>\n<p><strong>\u2013 Det er veldig imponerande. Det krev veldig mykje arbeid \u00e5 f\u00e5 det til. Det er ikkje noko ein berre kan dra ut av hatten, legg han til.<\/strong><\/p>\n<p><img decoding=\"async\"   src=\"data:image\/gif;base64,R0lGODlhAQABAIAAAAAAAP\/\/\/yH5BAEAAAAALAAAAAABAAEAAAIBRAA7\" loading=\"eager\" alt=\"Daniel Kvammen under Allsang p\u00e5 grensen i 2019\" title=\"Foto: Thomas Andersen \/ TV 2 \/ NTB\"\/><\/p>\n<p class=\"\">L\u00d8PEGLAD: Daniel Kvammen har sprunge fleire distansar, som heil- og halvmaraton og ti kilometer. <\/p>\n<p>Foto: Thomas Andersen \/ TV 2 \/ NTB<\/p>\n<p>\u2013 Vanskeleg \u00e5 kombinere<\/p>\n<p>Kvammen har sj\u00f8lv sprunge b\u00e5de heil- og halvmaraton, og viser til tida 1.17 p\u00e5 halvmaraton som sitt beste resultat.<\/p>\n<p>\u2013 Eg har jo pr\u00f8vd \u00e5 drive med turnear og slikt samstundes som eg trenar til l\u00f8p. Det er utruleg vanskeleg \u00e5 kombinere, fordi ein har s\u00e5 varierande arbeidstid: opp tidleg og seint og lite rutinar, seier Kvammen.<\/p>\n<p>Han legg til:<\/p>\n<p><strong>\u2013 Det \u00e5 trene til eit maraton er jo ekstremt rutineprega. Du m\u00e5 jo p\u00e5 ein m\u00e5te dedikere og leggje ned veldig mange timar og halde det jamt i fleire m\u00e5nadar. Det er ikkje optimalt. <\/strong><\/p>\n<p>\u2013 F\u00e5r mykje meir overskot<\/p>\n<p>\u2013 L\u00f8ping er for mange like mykje psykologisk greie som det er trening. Det er like mykje mental trening og pause fr\u00e5 det vanlege livet, seier Kristian Ulriksen.<\/p>\n<p><img decoding=\"async\"   src=\"data:image\/gif;base64,R0lGODlhAQABAIAAAAAAAP\/\/\/yH5BAEAAAAALAAAAAABAAEAAAIBRAA7\" loading=\"eager\" alt=\"programledere i det lange l\u00f8p\" title=\"Foto: Sigmund Sagberg Andersen\/NRK\"\/><\/p>\n<p class=\"\">L\u00d8PEPODKAST: Kristian Ulriksen har var fast med p\u00e5 NRK-podkasten \u00abI det lange l\u00f8p\u00bb i lag med Jann Post. <\/p>\n<p>Foto: Sigmund Sagberg Andersen\/NRK<\/p>\n<p>Daniel Kvammen, som har sprunge i ni \u00e5r, er klar p\u00e5 kor viktig l\u00f8ping har vore for karrieren.<\/p>\n<p>\u2013 Det har vore heilt ubeskriveleg bra for min artistkarriere, og d\u00e5 meiner eg verkeleg. Ein f\u00e5r mykje meir overskot av det \u00e5 vere i god form, b\u00e5de mentalt og fysisk. Og reint arbeidsmessig, korleis ein kan bevege seg p\u00e5 scena, men ogs\u00e5 slik kreativt, det er veldig bra for hovudet, seier Kvammen.<\/p>\n<p>Han legg til:<\/p>\n<p><strong>\u2013 Eg forventar at Harry Styles kjem med ei veldig bra plate n\u00e5.<\/strong><\/p>\n<p>Publisert<\/p>\n<p>22.09.2025, kl. 18.39<\/p>\n<p>Oppdatert<\/p>\n<p>22.09.2025, kl. 19.03<\/p>\n<p><script async src=\"\/\/www.instagram.com\/embed.js\"><\/script><\/p>\n","protected":false},"excerpt":{"rendered":"Under namnet \u00abSted Sarandos\u00bb, sprang den engelske artisten inn p\u00e5 2.59.14 under Berlin Maraton s\u00f8ndag. Harry Styles, tidlegare&hellip;\n","protected":false},"author":2,"featured_media":42271,"comment_status":"","ping_status":"","sticky":false,"template":"","format":"standard","meta":{"footnotes":""},"categories":[59],"tags":[30,28,29,83,82],"class_list":{"0":"post-42270","1":"post","2":"type-post","3":"status-publish","4":"format-standard","5":"has-post-thumbnail","7":"category-sport","8":"tag-no","9":"tag-norge","10":"tag-norway","11":"tag-sport","12":"tag-sports"},"share_on_mastodon":{"url":"","error":""},"_links":{"self":[{"href":"https:\/\/www.europesays.com\/no\/wp-json\/wp\/v2\/posts\/42270","targetHints":{"allow":["GET"]}}],"collection":[{"href":"https:\/\/www.europesays.com\/no\/wp-json\/wp\/v2\/posts"}],"about":[{"href":"https:\/\/www.europesays.com\/no\/wp-json\/wp\/v2\/types\/post"}],"author":[{"embeddable":true,"href":"https:\/\/www.europesays.com\/no\/wp-json\/wp\/v2\/users\/2"}],"replies":[{"embeddable":true,"href":"https:\/\/www.europesays.com\/no\/wp-json\/wp\/v2\/comments?post=42270"}],"version-history":[{"count":0,"href":"https:\/\/www.europesays.com\/no\/wp-json\/wp\/v2\/posts\/42270\/revisions"}],"wp:featuredmedia":[{"embeddable":true,"href":"https:\/\/www.europesays.com\/no\/wp-json\/wp\/v2\/media\/42271"}],"wp:attachment":[{"href":"https:\/\/www.europesays.com\/no\/wp-json\/wp\/v2\/media?parent=42270"}],"wp:term":[{"taxonomy":"category","embeddable":true,"href":"https:\/\/www.europesays.com\/no\/wp-json\/wp\/v2\/categories?post=42270"},{"taxonomy":"post_tag","embeddable":true,"href":"https:\/\/www.europesays.com\/no\/wp-json\/wp\/v2\/tags?post=42270"}],"curies":[{"name":"wp","href":"https:\/\/api.w.org\/{rel}","templated":true}]}}