{"id":42303,"date":"2025-09-22T17:55:13","date_gmt":"2025-09-22T17:55:13","guid":{"rendered":"https:\/\/www.europesays.com\/no\/42303\/"},"modified":"2025-09-22T17:55:13","modified_gmt":"2025-09-22T17:55:13","slug":"kim-wigaard-brot-sammen-for-bryllupet","status":"publish","type":"post","link":"https:\/\/www.europesays.com\/no\/42303\/","title":{"rendered":"Kim Wigaard br\u00f8t sammen f\u00f8r bryllupet"},"content":{"rendered":"<p class=\"kicker \" style=\"\">Kim Wigaard og Marius Hagen:<\/p>\n<p>  Bryllupet tok en uventet retning da Marius reserverte en plass til Kim Wigaards d\u00f8de far p\u00e5 f\u00f8rste rad.<\/p>\n<p>\n    T\u00c5REV\u00c5TT: Kim Wigaard deler nye bilder fra timene f\u00f8r bryllupet, hvor ektemannen sitter med et bilde av Kims avd\u00f8de far i h\u00e5nden. Her er de fotografert under vielsen. Foto: Hege Zaar &amp; Anette Hansen\n  <\/p>\n<p><a href=\"https:\/\/www.seher.no\/kjendis\/na-er-de-gift\/83514438\" rel=\"nofollow noopener\" target=\"_blank\">Marius Hagen (35) <\/a>klarte ikke \u00e5 holde t\u00e5rene tilbake i forkant av bryllupet, da han fortalte ektemannen <a href=\"https:\/\/www.seher.no\/kjendis\/deler-gladnyhet\/83453636\" rel=\"nofollow noopener\" target=\"_blank\">Kim Wigaard (33)\u00a0<\/a>at han hadde reservert en plass til Kims avd\u00f8de far p\u00e5 f\u00f8rste rad under bryllupsseremonien.<\/p>\n<p>    <a itemprop=\"url\" href=\"https:\/\/www.seher.no\/kongelig\/avslorer-har-snakket-om-det\/83621776\" rel=\"nofollow noopener\" target=\"_blank\"><\/p>\n<p>      <img loading=\"lazy\" decoding=\"async\" src=\"https:\/\/www.europesays.com\/no\/wp-content\/uploads\/2025\/09\/83624844.webp\" width=\"147\" height=\"98\" title=\"Avsl\u00f8rer: - Har snakket om det\" alt=\"\" class=\"lazyload\" style=\"--aspect-ratio-image: 1.50; \"\/><\/p>\n<p>        Avsl\u00f8rer: &#8211; Har snakket om det<\/p>\n<p>    <\/a><\/p>\n<p>P\u00e5 Instagram deler artisten og TV-profilen Kim Wigaard n\u00e5 de hjerteskj\u00e6rende bildene fra hendelsen, som viser \u00f8yeblikket da Marius br\u00f8t sammen i gr\u00e5t.\u00a0<\/p>\n<p>R\u00f8rende gest\t<\/p>\n<p>Marius hadde i all hemmelighet reservert en tom stol til Kims avd\u00f8de far. P\u00e5 stolen under vielsen sto et innrammet bilde av faren p\u00e5 den tomme stolen, samt et ark med teksten: \u00abReservert Tor\u00bb.<\/p>\n<p class=\"font-weight-bold m-font-weight-bold\" data-lab-font_weight=\"font-weight-bold\">\u00abP\u00e5 bryllupsdagen reserverte mannen min en plass til pappa, uten at jeg visste noe. Den vakreste overraskelsen, tusen takk\u00bb, skriver Kim til de f\u00f8lelsesladde bildene.<\/p>\n<p>          <img loading=\"lazy\" decoding=\"async\" src=\"https:\/\/www.europesays.com\/no\/wp-content\/uploads\/2025\/09\/83628196.webp\" width=\"686\" height=\"556\" title=\"FEIRET: Kim og Marius forlovet seg i desember 2022 - og reiste til Thailand rett etterp\u00e5. Foto: Privat\" alt=\"\" class=\"\" style=\"--aspect-ratio-image: 1.23; \"\/><\/p>\n<p>\n          FEIRET: Kim og Marius forlovet seg i desember 2022 &#8211; og reiste til Thailand rett etterp\u00e5. Foto: Privat\n      <\/p>\n<p>Kim er kjent fra flere TV-programmer, blant annet \u00abMaskorama\u00bb og <a href=\"https:\/\/www.seher.no\/kjendis\/na-er-det-slutt\/82740323\" rel=\"nofollow noopener\" target=\"_blank\">\u00abDemenskoret\u00bb<\/a>. Han vant ogs\u00e5 \u00abStjernekamp\u00bb og har gjennom \u00e5rene bygget seg opp som en popul\u00e6r artist.<\/p>\n<p>Den enkle, men kraftfulle gesten fra ektemannen skapte et av de mest f\u00f8lelsesladde \u00f8yeblikkene under seremonien.<\/p>\n<p>        FORFERDELIG TRIST: Dokumentaren om prinsesse M\u00e4rtha Louise og Durek Verrets bryllup vekker kraftige reaksjoner hos Se og H\u00f8rs kongehusekspert. Foto: NTB \/\/ Video: Netflix \/ \u00abRebel Royals: An Unlikely Love Story\u00bb \/ NTB \/\/ Reporter: Caroline Vagle \/\/ Klipp: H\u00e5vard Bj\u00f8rnerem<\/p>\n<p>Kim forteller at faren har v\u00e6rt borte i \u00e5tte \u00e5r, og at savnet fortsatt er stort.<\/p>\n<p class=\"font-weight-bold m-font-weight-bold\" data-lab-font_weight=\"font-weight-bold\">\u00abOgs\u00e5 en p\u00e5minnelse om hvor mye vi savner han. Livets pappa, som har v\u00e6rt i himmelen i \u00e5tte \u00e5r. Mammas store kj\u00e6rlighet. Liza, Mari og min pappa. En mann som har betydd mye for mange. Savner deg uendelig mye\u00bb, skriver Kim videre.<\/p>\n<p>          <img loading=\"lazy\" decoding=\"async\" src=\"https:\/\/www.europesays.com\/no\/wp-content\/uploads\/2025\/09\/83453681.webp\" width=\"686\" height=\"666\" title=\"FLOTT PAR: Marius Hagen og Kim Wigaard har funnet hverandre, og er n\u00e5 gift p\u00e5 ordentlig. Foto: Privat\" alt=\"\" class=\"\" style=\"--aspect-ratio-image: 1.03; \"\/><\/p>\n<p>\n          FLOTT PAR: Marius Hagen og Kim Wigaard har funnet hverandre, og er n\u00e5 gift p\u00e5 ordentlig. Foto: Privat\n      <\/p>\n<p>Begge gr\u00e5t\t<\/p>\n<p>Til Se og H\u00f8r utdyper Kim:\u00a0<\/p>\n<p class=\"font-weight-bold m-font-weight-bold\" data-lab-font_weight=\"font-weight-bold\">&#8211; Det var et av de vakreste \u00f8yeblikkene i livet mitt. En fin overraskelse, som gjorde dagen spesiell for alle sammen, ikke minst for familien.\u00a0<\/p>\n<p>Kim forteller videre at han tok til t\u00e5rene.<\/p>\n<p>    <a itemprop=\"url\" href=\"https:\/\/www.seher.no\/kongelig\/bruddet-ble-kjent-i-begravelsen\/83610326\" rel=\"nofollow noopener\" target=\"_blank\"><\/p>\n<p>      <img loading=\"lazy\" decoding=\"async\" src=\"https:\/\/www.europesays.com\/no\/wp-content\/uploads\/2025\/09\/83611150.webp\" width=\"980\" height=\"441\" title=\"Bruddet ble kjent i begravelsen\" alt=\"\" class=\"lazyload\" style=\"--aspect-ratio-image: 2.22; \"\/><\/p>\n<p>        Bruddet ble kjent i begravelsen<\/p>\n<p>    <\/a><\/p>\n<p>&#8211; Ja, vi gr\u00e5t begge to. Og vi gr\u00e5t gjennom hele vielsen. Det var sv\u00e6rt r\u00f8rende, sier Kim til Se og H\u00f8r.<\/p>\n<p>Mange av Kims f\u00f8lgere har reagert sterkt p\u00e5 de f\u00f8lelsesladde bildene, og kommentarfeltet fylles med hjerter og st\u00f8ttende ord til det nygifte paret, og til Marius, som gjorde dette for Kim.\u00a0<\/p>\n<p>          <img loading=\"lazy\" decoding=\"async\" src=\"https:\/\/www.europesays.com\/no\/wp-content\/uploads\/2025\/09\/83628245.webp\" width=\"686\" height=\"803\" title=\"SE, S\u00c5 GLADE: Marius og Kim etter vielsen. Foto: Hege Zaar &amp; Anette Hansen\" alt=\"\" class=\"\" style=\"--aspect-ratio-image: 0.85; \"\/><\/p>\n<p>\n          SE, S\u00c5 GLADE: Marius og Kim etter vielsen. Foto: Hege Zaar &amp; Anette Hansen\n      <\/p>\n<p>\u00abDet var s\u00e5 vakkert \u2764\ufe0f f\u00f8lte s\u00e5 at Tor var der selv om jeg ikke kjente ham. M\u00e5ten lyset traff stolen under vielsen og. Det var helt spesielt \u2764\ufe0f\u00bb, skriver fotografen Hege Zaar.<\/p>\n<p>Journalist Lisbeth Sk\u00f8elv ble selv r\u00f8rt: \u00abS\u00e5 utrolig vakkert gjort av Marius. Du har helt klart funnet den rette! \u2764\ufe0f\u00bb<\/p>\n<p>Eketmannen Marius har ogs\u00e5 kommentert innlegget:<\/p>\n<p>\u00abElsker deg \u2764\ufe0f\u2764\ufe0f\u2764\ufe0f\u00bb.<\/p>\n","protected":false},"excerpt":{"rendered":"Kim Wigaard og Marius Hagen: Bryllupet tok en uventet retning da Marius reserverte en plass til Kim Wigaards&hellip;\n","protected":false},"author":2,"featured_media":42304,"comment_status":"","ping_status":"","sticky":false,"template":"","format":"standard","meta":{"footnotes":""},"categories":[5],"tags":[20,21,183,4104,24,25,15,19,3720,479,22,23,17,18,4791,13,30,28,29,14,16,26,27],"class_list":{"0":"post-42303","1":"post","2":"type-post","3":"status-publish","4":"format-standard","5":"has-post-thumbnail","7":"category-overskrifter","8":"tag-breaking-news","9":"tag-breakingnews","10":"tag-bryllup","11":"tag-eksklusivt","12":"tag-featured-news","13":"tag-featurednews","14":"tag-headlines","15":"tag-hovedoppslag","16":"tag-kim-wigaard","17":"tag-kjendis","18":"tag-latest-news","19":"tag-latestnews","20":"tag-main-news","21":"tag-mainnews","22":"tag-marius-hagen","23":"tag-news","24":"tag-no","25":"tag-norge","26":"tag-norway","27":"tag-nyheter","28":"tag-overskrifter","29":"tag-top-stories","30":"tag-topstories"},"share_on_mastodon":{"url":"","error":""},"_links":{"self":[{"href":"https:\/\/www.europesays.com\/no\/wp-json\/wp\/v2\/posts\/42303","targetHints":{"allow":["GET"]}}],"collection":[{"href":"https:\/\/www.europesays.com\/no\/wp-json\/wp\/v2\/posts"}],"about":[{"href":"https:\/\/www.europesays.com\/no\/wp-json\/wp\/v2\/types\/post"}],"author":[{"embeddable":true,"href":"https:\/\/www.europesays.com\/no\/wp-json\/wp\/v2\/users\/2"}],"replies":[{"embeddable":true,"href":"https:\/\/www.europesays.com\/no\/wp-json\/wp\/v2\/comments?post=42303"}],"version-history":[{"count":0,"href":"https:\/\/www.europesays.com\/no\/wp-json\/wp\/v2\/posts\/42303\/revisions"}],"wp:featuredmedia":[{"embeddable":true,"href":"https:\/\/www.europesays.com\/no\/wp-json\/wp\/v2\/media\/42304"}],"wp:attachment":[{"href":"https:\/\/www.europesays.com\/no\/wp-json\/wp\/v2\/media?parent=42303"}],"wp:term":[{"taxonomy":"category","embeddable":true,"href":"https:\/\/www.europesays.com\/no\/wp-json\/wp\/v2\/categories?post=42303"},{"taxonomy":"post_tag","embeddable":true,"href":"https:\/\/www.europesays.com\/no\/wp-json\/wp\/v2\/tags?post=42303"}],"curies":[{"name":"wp","href":"https:\/\/api.w.org\/{rel}","templated":true}]}}