{"id":42305,"date":"2025-09-22T17:56:09","date_gmt":"2025-09-22T17:56:09","guid":{"rendered":"https:\/\/www.europesays.com\/no\/42305\/"},"modified":"2025-09-22T17:56:09","modified_gmt":"2025-09-22T17:56:09","slug":"sport-loping-kim-are-med-topprestasjon-ble-norgesmester-for-forste-gang","status":"publish","type":"post","link":"https:\/\/www.europesays.com\/no\/42305\/","title":{"rendered":"Sport, L\u00f8ping | Kim Are med topprestasjon: Ble norgesmester for f\u00f8rste gang"},"content":{"rendered":"<p>\n    Av <\/p>\n<p>  Svein Halvor Moe<\/p>\n<p>Oppdatert: 22.09.25 13:40<\/p>\n<p>Publisert: 22.09.25 13:40<\/p>\n<p data-content=\"lead-text\" class=\"lead-text story&#10;        brick-c-SOGIC\">\n<p>        Kim Are Bull Hansen fra Kinsarvik fortsetter \u00e5 imponere p\u00e5 den krevende maratondistansen. I helga l\u00f8p han fort i Oslo Maraton og ble norgesmester for aller f\u00f8rste gang.\n    <\/p>\n<p>    Plussmerking. Denne artikkelen kan bare leses av abonenter<\/p>\n<p>  For abonnentar<\/p>\n","protected":false},"excerpt":{"rendered":"Av Svein Halvor Moe Oppdatert: 22.09.25 13:40 Publisert: 22.09.25 13:40 Kim Are Bull Hansen fra Kinsarvik fortsetter \u00e5&hellip;\n","protected":false},"author":2,"featured_media":42306,"comment_status":"","ping_status":"","sticky":false,"template":"","format":"standard","meta":{"footnotes":""},"categories":[59],"tags":[30,28,29,83,82],"class_list":{"0":"post-42305","1":"post","2":"type-post","3":"status-publish","4":"format-standard","5":"has-post-thumbnail","7":"category-sport","8":"tag-no","9":"tag-norge","10":"tag-norway","11":"tag-sport","12":"tag-sports"},"share_on_mastodon":{"url":"","error":""},"_links":{"self":[{"href":"https:\/\/www.europesays.com\/no\/wp-json\/wp\/v2\/posts\/42305","targetHints":{"allow":["GET"]}}],"collection":[{"href":"https:\/\/www.europesays.com\/no\/wp-json\/wp\/v2\/posts"}],"about":[{"href":"https:\/\/www.europesays.com\/no\/wp-json\/wp\/v2\/types\/post"}],"author":[{"embeddable":true,"href":"https:\/\/www.europesays.com\/no\/wp-json\/wp\/v2\/users\/2"}],"replies":[{"embeddable":true,"href":"https:\/\/www.europesays.com\/no\/wp-json\/wp\/v2\/comments?post=42305"}],"version-history":[{"count":0,"href":"https:\/\/www.europesays.com\/no\/wp-json\/wp\/v2\/posts\/42305\/revisions"}],"wp:featuredmedia":[{"embeddable":true,"href":"https:\/\/www.europesays.com\/no\/wp-json\/wp\/v2\/media\/42306"}],"wp:attachment":[{"href":"https:\/\/www.europesays.com\/no\/wp-json\/wp\/v2\/media?parent=42305"}],"wp:term":[{"taxonomy":"category","embeddable":true,"href":"https:\/\/www.europesays.com\/no\/wp-json\/wp\/v2\/categories?post=42305"},{"taxonomy":"post_tag","embeddable":true,"href":"https:\/\/www.europesays.com\/no\/wp-json\/wp\/v2\/tags?post=42305"}],"curies":[{"name":"wp","href":"https:\/\/api.w.org\/{rel}","templated":true}]}}