{"id":42321,"date":"2025-09-22T18:17:09","date_gmt":"2025-09-22T18:17:09","guid":{"rendered":"https:\/\/www.europesays.com\/no\/42321\/"},"modified":"2025-09-22T18:17:09","modified_gmt":"2025-09-22T18:17:09","slug":"pafallende-mange-pa-kort-tid","status":"publish","type":"post","link":"https:\/\/www.europesays.com\/no\/42321\/","title":{"rendered":"\u2013 P\u00e5fallende mange p\u00e5 kort tid"},"content":{"rendered":"\n<p class=\"_lead_ew2ao_2 _lead_xtcu6_50 layout-component text-serif-m layout-normal text-serif-l layout-component layout-wide layout-padded _wide_17hqh_1 layout-padded\">Det har blitt utl\u00f8st flere brannalarmer i Bergen i ettermiddag. <\/p>\n<p>Aktiver kart<\/p>\n<ul aria-hidden=\"true\" class=\"_images_1y6fe_106\">\n<li><a class=\"_link_1y6fe_111\" href=\"https:\/\/www.vg.no\/forfatter\/emilie-juell-moemb\" style=\"z-index:1\" title=\"Emilie Juell M\u00f8mb\" rel=\"nofollow noopener\" target=\"_blank\"><img alt=\"Bilde av Emilie Juell M\u00f8mb\" class=\"_image_1y6fe_88\" fetchpriority=\"low\" loading=\"lazy\" decoding=\"async\" itemprop=\"image\"  src=\"https:\/\/www.europesays.com\/no\/wp-content\/uploads\/2025\/09\/75a13ffa-6bad-4c88-a692-479c3111d196\"  width=\"480\"\/><\/a><\/li>\n<\/ul>\n<p> Oppdatert mandag 22. september kl. 19:05     <\/p>\n<p class=\"_paragraph_ew2ao_4 _paragraph_xtcu6_10 layout-component text-serif-m layout-normal text-serif-m layout-padded\">Klokken 17.26 ble det utl\u00f8st en brannalarm p\u00e5 <a href=\"https:\/\/www.vg.no\/tag\/bergen?utm_source=vg-article&amp;utm_medium=auto-tagger&amp;utm_campaign=qPG6Q1\" class=\"_link_ew2ao_39\" rel=\"nofollow noopener\" target=\"_blank\">Bergen<\/a> Storsenter. N\u00e5 mistenker politiet at flere alarmer har v\u00e6rt falske. <\/p>\n<p class=\"_paragraph_ew2ao_4 _paragraph_xtcu6_10 layout-component text-serif-m layout-normal text-serif-m layout-padded\">\u2013 Politiet har f\u00e5tt informasjon fra Bergen Brannvesen at det i l\u00f8pet av ettermiddagen har blitt utl\u00f8st brannalarmer i andre offentlige bygg i Bergen sentrum. Politiet ser disse i sammenheng med alarmen p\u00e5 Bergen Storsenter, skriver politiet. <\/p>\n<p class=\"_paragraph_ew2ao_4 _paragraph_xtcu6_10 layout-component text-serif-m layout-normal text-serif-m layout-padded\">\u2013 De andre alarmene har ogs\u00e5 fremst\u00e5tt som misbruk, ikke v\u00e6rt brann p\u00e5 stedet n\u00e5r brannvesenet har rykket ut. S\u00e5 langt har vi f\u00e5tt informasjon om at alarm har blitt utl\u00f8st p\u00e5 Bergen R\u00e5dhus, Bergen Storsenter og Opus XVI. <\/p>\n<p class=\"_paragraph_ew2ao_4 _paragraph_xtcu6_10 layout-component text-serif-m layout-normal text-serif-m layout-padded\">If\u00f8lge brannvesenet ble fire manuelle meldere utl\u00f8st p\u00e5 litt over en halvtime tidligere i dag. <\/p>\n<p class=\"_paragraph_ew2ao_4 _paragraph_xtcu6_10 layout-component text-serif-m layout-normal text-serif-m layout-padded\">\u2013 Det er p\u00e5fallende mange p\u00e5 kort tid, sier vaktleder, Josten Steinsald Hauge til VG.<\/p>\n<p class=\"_paragraph_ew2ao_4 _paragraph_xtcu6_10 layout-component text-serif-m layout-normal text-serif-m layout-padded\">\u2013 Jeg skal ikke spekulere, men det kan virke som om noen trykker med vilje. <\/p>\n<p class=\"_paragraph_ew2ao_4 _paragraph_xtcu6_10 layout-component text-serif-m layout-normal text-serif-m layout-padded\">Han legger til at det ikke var brann p\u00e5 noen av stedene. <\/p>\n<p>    <img decoding=\"async\" alt=\"Tips oss illustrasjon\" width=\"62px\" height=\"auto\" src=\"https:\/\/www.europesays.com\/no\/wp-content\/uploads\/2025\/08\/1754784428_95_W9avJzE.png\"\/>    <\/p>\n<p class=\"title-serif-s\">Har du tips til oss?<\/p>\n<p class=\"text-sans-m\">Send oss informasjon, bilder eller video<\/p>\n<p>  <a href=\"https:\/\/www.vg.no\/tips-oss\" rel=\"nofollow noopener\" target=\"_blank\"> Tips oss <\/a>      <\/p>\n","protected":false},"excerpt":{"rendered":"Det har blitt utl\u00f8st flere brannalarmer i Bergen i ettermiddag. Aktiver kart Oppdatert mandag 22. september kl. 19:05&hellip;\n","protected":false},"author":2,"featured_media":42322,"comment_status":"","ping_status":"","sticky":false,"template":"","format":"standard","meta":{"footnotes":""},"categories":[5],"tags":[444,31,20,21,24,25,15,19,22,23,17,18,13,30,28,29,14,16,26,27],"class_list":{"0":"post-42321","1":"post","2":"type-post","3":"status-publish","4":"format-standard","5":"has-post-thumbnail","7":"category-overskrifter","8":"tag-bergen","9":"tag-breaking","10":"tag-breaking-news","11":"tag-breakingnews","12":"tag-featured-news","13":"tag-featurednews","14":"tag-headlines","15":"tag-hovedoppslag","16":"tag-latest-news","17":"tag-latestnews","18":"tag-main-news","19":"tag-mainnews","20":"tag-news","21":"tag-no","22":"tag-norge","23":"tag-norway","24":"tag-nyheter","25":"tag-overskrifter","26":"tag-top-stories","27":"tag-topstories"},"share_on_mastodon":{"url":"","error":""},"_links":{"self":[{"href":"https:\/\/www.europesays.com\/no\/wp-json\/wp\/v2\/posts\/42321","targetHints":{"allow":["GET"]}}],"collection":[{"href":"https:\/\/www.europesays.com\/no\/wp-json\/wp\/v2\/posts"}],"about":[{"href":"https:\/\/www.europesays.com\/no\/wp-json\/wp\/v2\/types\/post"}],"author":[{"embeddable":true,"href":"https:\/\/www.europesays.com\/no\/wp-json\/wp\/v2\/users\/2"}],"replies":[{"embeddable":true,"href":"https:\/\/www.europesays.com\/no\/wp-json\/wp\/v2\/comments?post=42321"}],"version-history":[{"count":0,"href":"https:\/\/www.europesays.com\/no\/wp-json\/wp\/v2\/posts\/42321\/revisions"}],"wp:featuredmedia":[{"embeddable":true,"href":"https:\/\/www.europesays.com\/no\/wp-json\/wp\/v2\/media\/42322"}],"wp:attachment":[{"href":"https:\/\/www.europesays.com\/no\/wp-json\/wp\/v2\/media?parent=42321"}],"wp:term":[{"taxonomy":"category","embeddable":true,"href":"https:\/\/www.europesays.com\/no\/wp-json\/wp\/v2\/categories?post=42321"},{"taxonomy":"post_tag","embeddable":true,"href":"https:\/\/www.europesays.com\/no\/wp-json\/wp\/v2\/tags?post=42321"}],"curies":[{"name":"wp","href":"https:\/\/api.w.org\/{rel}","templated":true}]}}