{"id":42331,"date":"2025-09-22T18:25:10","date_gmt":"2025-09-22T18:25:10","guid":{"rendered":"https:\/\/www.europesays.com\/no\/42331\/"},"modified":"2025-09-22T18:25:10","modified_gmt":"2025-09-22T18:25:10","slug":"sport-inderoy-ole-14-og-johannes-15-lop-107-km","status":"publish","type":"post","link":"https:\/\/www.europesays.com\/no\/42331\/","title":{"rendered":"Sport, Inder\u00f8y | Ole (14) og Johannes (15) l\u00f8p 107 km"},"content":{"rendered":"<p>\n    Av <\/p>\n<p>  Svein Halvor Moe<\/p>\n<p>Oppdatert: 22.09.25 17:11<\/p>\n<p>Publisert: 22.09.25 17:11<\/p>\n<p data-content=\"lead-text\" class=\"lead-text story&#10;        brick-c-SOGIC\">\n<p>        Br\u00f8drene Ole V\u00e6rdal (15) og Johannes Lyngsaunet V\u00e6rdal (14) ville heller l\u00f8pe langt i Muruvik Backyard enn halvmaraton eller ti kilometer i Oslo Maraton. Inder\u00f8y-br\u00f8drene endte opp med 107 kilometer i det popul\u00e6re l\u00f8pet.\n    <\/p>\n<p>    Plussmerking. Denne artikkelen kan bare leses av abonenter<\/p>\n<p>  For abonnenter<\/p>\n","protected":false},"excerpt":{"rendered":"Av Svein Halvor Moe Oppdatert: 22.09.25 17:11 Publisert: 22.09.25 17:11 Br\u00f8drene Ole V\u00e6rdal (15) og Johannes Lyngsaunet V\u00e6rdal&hellip;\n","protected":false},"author":2,"featured_media":42332,"comment_status":"","ping_status":"","sticky":false,"template":"","format":"standard","meta":{"footnotes":""},"categories":[59],"tags":[30,28,29,83,82],"class_list":{"0":"post-42331","1":"post","2":"type-post","3":"status-publish","4":"format-standard","5":"has-post-thumbnail","7":"category-sport","8":"tag-no","9":"tag-norge","10":"tag-norway","11":"tag-sport","12":"tag-sports"},"share_on_mastodon":{"url":"","error":""},"_links":{"self":[{"href":"https:\/\/www.europesays.com\/no\/wp-json\/wp\/v2\/posts\/42331","targetHints":{"allow":["GET"]}}],"collection":[{"href":"https:\/\/www.europesays.com\/no\/wp-json\/wp\/v2\/posts"}],"about":[{"href":"https:\/\/www.europesays.com\/no\/wp-json\/wp\/v2\/types\/post"}],"author":[{"embeddable":true,"href":"https:\/\/www.europesays.com\/no\/wp-json\/wp\/v2\/users\/2"}],"replies":[{"embeddable":true,"href":"https:\/\/www.europesays.com\/no\/wp-json\/wp\/v2\/comments?post=42331"}],"version-history":[{"count":0,"href":"https:\/\/www.europesays.com\/no\/wp-json\/wp\/v2\/posts\/42331\/revisions"}],"wp:featuredmedia":[{"embeddable":true,"href":"https:\/\/www.europesays.com\/no\/wp-json\/wp\/v2\/media\/42332"}],"wp:attachment":[{"href":"https:\/\/www.europesays.com\/no\/wp-json\/wp\/v2\/media?parent=42331"}],"wp:term":[{"taxonomy":"category","embeddable":true,"href":"https:\/\/www.europesays.com\/no\/wp-json\/wp\/v2\/categories?post=42331"},{"taxonomy":"post_tag","embeddable":true,"href":"https:\/\/www.europesays.com\/no\/wp-json\/wp\/v2\/tags?post=42331"}],"curies":[{"name":"wp","href":"https:\/\/api.w.org\/{rel}","templated":true}]}}