{"id":42351,"date":"2025-09-22T18:52:08","date_gmt":"2025-09-22T18:52:08","guid":{"rendered":"https:\/\/www.europesays.com\/no\/42351\/"},"modified":"2025-09-22T18:52:08","modified_gmt":"2025-09-22T18:52:08","slug":"drapet-kunne-like-gjerne-skjedd-i-norge","status":"publish","type":"post","link":"https:\/\/www.europesays.com\/no\/42351\/","title":{"rendered":"\u2013 Drapet kunne like gjerne skjedd i Norge"},"content":{"rendered":"<p>        Saken oppsummert:<\/p>\n<ul>\n<li class=\"lab-bodytext-line\">Silje Ringlund fra Ambulanseforbundet uttrykker bekymring over \u00f8kende vold mot ambulansearbeidere.<\/li>\n<li class=\"lab-bodytext-line\">Hun forteller om daglige trusler og voldsepisoder som tidligere var sjeldnere.<\/li>\n<li class=\"lab-bodytext-line\">Det mangler nasjonale retningslinjer for risikovurdering f\u00f8r ambulanseoppdrag.<\/li>\n<li class=\"lab-bodytext-line\">Ringlund mener at dette m\u00e5 settes p\u00e5 dagsorden i helseforetakene.<\/li>\n<\/ul>\n<p class=\"italic ai-disclaimer\" data-lab-italic=\"italic\">Oppsummeringen er generert av Labrador AI, men gjennomlest av en journalist.<\/p>\n<p>Det forteller Silje Ringlund, leder i Ambulanseforbundet i Delta til Dagsavisen.<\/p>\n<p>Da det l\u00f8rdag tikket inn et pushvarsel p\u00e5 klokka hennes om at en kvinnelig ambulansearbeider var drept ute p\u00e5 jobb i Sverige, var hennes f\u00f8rste innskytelse; \u00abN\u00e5 har det skjedd.\u00bb<\/p>\n<p>\u2013 Jeg ble dessverre ikke overrasket. Ansatte i den norske ambulansetjenesten opplever vold og trusler hver eneste dag. Dette drapet kunne like gjerne ha skjedd i Norge, sier Silje Ringlund, som samtidig vil uttrykke sin dypeste medf\u00f8lelse med gode kolleger og den avd\u00f8des familie p\u00e5 den andre siden av grensa.\u00a0<\/p>\n<p class=\"font-weight-bold m-font-weight-bold\" data-lab-font_weight=\"font-weight-bold\">Dagen f\u00f8r det tragiske drapet i Sverige, fikk hun selv en bekymringsfull melding fra en kollega:<\/p>\n<p>\u2013 Kollegaen fortalte at hun nettopp hadde blitt alvorlig truet ute p\u00e5 et oppdrag. Dette var den tredje alvorlige trusselen hun fikk i l\u00f8pet av de tre siste arbeidsdagene sine. Dette er et stort og \u00f8kende problem, fastsl\u00e5r Ringlund, som selv har 20 \u00e5rs erfaring som ambulansearbeider i Norge f\u00f8r hun tidligere i \u00e5r ble valgt som leder i Ambulanseforbundet, der flertallet av landets 5.700 ambulansefolk er organisert.\u00a0<\/p>\n<p>        <a itemprop=\"url\" class=\"\" href=\"https:\/\/www.dagsavisen.no\/nyheter\/laererne-fikk-aldri-vite-at-tamimas-antatte-drapsmann-kunne-vaere-en-tikkende-bombe\/9952793\" data-k5a-url=\"https:\/\/www.dagsavisen.no\/a\/9952793\" rel=\"nofollow noopener\" target=\"_blank\"><\/p>\n<p>            L\u00e6rerne fikk aldri vite at Tamimas antatte drapsmann kunne v\u00e6re en \u00abtikkende bombe\u00bb <\/p>\n<p>        <\/a><\/p>\n<p>Truet med hagle<\/p>\n<p>Ringlund forteller at mens vold og trusler tidligere var en m\u00e5nedlig eller ukentlig hendelse, skjer det n\u00e5 p\u00e5 daglig basis.<\/p>\n<p class=\"font-weight-bold m-font-weight-bold\" data-lab-font_weight=\"font-weight-bold\">Dette er eksempler p\u00e5 hva hun har opplevd:<\/p>\n<ul>\n<li class=\"lab-bodytext-line\">Truende situasjon med avsagd hagle inne i et hus.<\/li>\n<li class=\"lab-bodytext-line\">En kollega ble tatt kvelertak p\u00e5 av en stor og kraftig person mens hun selv sto ganske hjelpel\u00f8s innestengt i et hj\u00f8rne.<\/li>\n<li class=\"lab-bodytext-line\">Har m\u00e5ttet \u00abr\u00f8mme\u00bb unna en truende person ved \u00e5 hoppe ut av ambulansen midt p\u00e5 E6.<\/li>\n<li class=\"lab-bodytext-line\">Har kj\u00f8rt uten sikkerhetsbelte fordi det opplevdes som altfor risikabelt \u00e5 sitte fastspent med denne pasienten i bilen.<\/li>\n<p class=\"lab-bodytext-line\">\u2013 Truende situasjoner oppst\u00e5r ikke bare p\u00e5 akuttoppdrag. Det kan ogs\u00e5 komme p\u00e5 et s\u00e5kalt \u00abgr\u00f8nt\u00bb oppdrag der det tilsynelatende ikke skulle v\u00e6re fare p\u00e5 ferde. For eksempel at en pasient skal kj\u00f8res fra et sykehus til et sykehjem, sier Ringlund til Dagsavisen.<\/p>\n<\/ul>\n<p>Hun mener det er bekymringsfullt at det i dag ikke finnes nasjonale retningslinjer for hvordan risiko skal vurderes og formidles f\u00f8r ambulansefolkene drar ut p\u00e5 et oppdrag:<\/p>\n<p class=\"font-weight-bold m-font-weight-bold\" data-lab-font_weight=\"font-weight-bold\">\u2013\u00a0Det er bare unntaksvis at vi vet hva som venter oss n\u00e5r vi drar ut. Det eneste vi har \u00e5 forholde oss til er oppdragsteksten fra AMK-sentralene, forklarer Ringlund.<\/p>\n<p>\u00a0I dag har Norge, if\u00f8lge Ringlund, totalt 16 AMK-sentraler. Men det er ingen nasjonale retningslinjer for hvordan oppdrag som kan inneb\u00e6re fare for vold eller trusler skal l\u00f8ses fra AMK sin side.\u00a0<\/p>\n<p>Potensielt er det dermed 16 ulike m\u00e5ter AMK formidler disse oppdragene til ambulansearbeiderne p\u00e5.<\/p>\n<p>        <a itemprop=\"url\" class=\"\" href=\"https:\/\/www.dagsavisen.no\/nyheter\/storberget-med-brannfakkel-vi-trenger-informasjonsplikt-ikke-taushetsplikt\/9935644\" data-k5a-url=\"https:\/\/www.dagsavisen.no\/a\/9935644\" rel=\"nofollow noopener\" target=\"_blank\"><\/p>\n<p>            Storberget med brannfakkel: \u2013 Vi trenger informasjonsplikt, ikke taushetsplikt <\/p>\n<p>        <\/a><\/p>\n<p>\u2013 M\u00e5 p\u00e5 dagsorden<\/p>\n<p>Henrik Johansson, forbundssekret\u00e6r i Svensk Ambulanseforbund, uttalte if\u00f8lge <a href=\"https:\/\/www.svt.se\/nyheter\/inrikes\/facket-ambulansen-borde-aldrig-skickats-dit?utm_source=sdrn%3Avg%3Aarticle%3Ao34AeW\" style=\"font-size: 1.125rem;\" rel=\"nofollow noopener\" target=\"_blank\">SVT <\/a>at drapet i Sverige kunne v\u00e6rt unng\u00e5tt, og at\u00a0ambulansen til den\u00a0avd\u00f8de kvinnen aldri skulle v\u00e6rt sendt ut.\u00a0<\/p>\n<p>Han mener blant annet at man burde tatt i bruk et system med \u00abr\u00f8de flagg\u00bb som automatisk varsler om farlige personer og adresser, n\u00e5r alarmen g\u00e5r, slik at ambulansepersonalet avventer situasjonen til politiet kommer.<\/p>\n<p class=\"font-weight-bold m-font-weight-bold\" data-lab-font_weight=\"font-weight-bold\">\u2013 Det ville gjort en stor forskjell i denne saken, uttalte Johansson til SVT.<\/p>\n<p>Silje Ringlund forteller at ambulansearbeidere i Norge kan be om assistanse fra politiet.<\/p>\n<p>\u2013 Men v\u00e5r erfaring er at dette f\u00f8rst og fremst skjer n\u00e5r en situasjon allerede har eskalert. Det er veldig sjelden at politiet har ressurser nok til at vi kan ligge i forkant og jobbe forebyggende. Vi kan uansett aldri velge bort et oppdrag, sier hun.<\/p>\n<p>Ringlund fremholder ogs\u00e5 at ambulansearbeiderne mangler oppl\u00e6ring og \u00f8velse i hvordan h\u00e5ndtere vold- og trusselsituasjoner.<\/p>\n<p class=\"font-weight-bold m-font-weight-bold\" data-lab-font_weight=\"font-weight-bold\">\u2013 Dette er noe jeg mener m\u00e5 settes p\u00e5 dagsorden i helseforetakene v\u00e5re, sier hun.<\/p>\n<p class=\"italic m-italic\" data-lab-italic=\"italic\">\u2013 Finnes det et system for \u00e5 registrere og melde avvik og alvorlige hendelser?<\/p>\n<p>\u2013 Det finnes, men dette er blitt en s\u00e5 stor del av hverdagen for ambulansearbeiderne, at jeg frykter store m\u00f8rketall, sier Silje Ringlund i Ambulanseforbundet til Dagsavisen.\u00a0<\/p>\n<p>L\u00e6rere uvitende om fotlenker<\/p>\n<p class=\"no_italic m-no_italic\" data-lab-italic=\"\">Dagsavisen har den siste tiden gjennom flere artikler satt s\u00f8kelys p\u00e5 situasjonen i skolen der mange l\u00e6rere kjenner p\u00e5 redsel og utrygghet i klasserommet fordi de ikke f\u00e5r viktig informasjon om at elevene deres er i politiets s\u00f8kelys for vold eller annen alvorlig kriminalitet, eller er under barnevernets omsorg etter alvorlige hendelser.<\/p>\n<p class=\"no_italic m-no_italic\" data-lab-italic=\"\"><a href=\"https:\/\/www.dagsavisen.no\/nyheter\/elever-moter-pa-skolen-med-fotlenke\/9928404\" rel=\"nofollow noopener\" target=\"_blank\">Dagsavisen fortalte nylig om<\/a> en ansatt i Osloskolen som ved en tilfeldighet oppdaget at en elev ved en videreg\u00e5ende skole kom p\u00e5 skolen med elektronisk fotlenke, uten \u00e5 ha blitt informert p\u00e5 forh\u00e5nd eller ane noe om \u00e5rsaken til at eleven hadde fotlenke.\u00a0<\/p>\n<p class=\"no_italic m-no_italic\" data-lab-italic=\"\"><a href=\"https:\/\/www.dagsavisen.no\/nyheter\/laererne-fikk-aldri-vite-at-tamimas-antatte-drapsmann-kunne-vaere-en-tikkende-bombe\/9952793\" rel=\"nofollow noopener\" target=\"_blank\">Onsdag forrige uke avdekket Dagsavisen<\/a> at l\u00e6rerne som hadde Djordje Wilms, 18-\u00e5ringen som er siktet for \u00e5 ha drept Tamima Nibras Juhar (34) p\u00e5 Kampen i Oslo natt til s\u00f8ndag 24. august, aldri ble informert om guttens voldshistorikk og h\u00f8yreekstreme ytringer.\u00a0<\/p>\n<p>Leder i Utdanningsforbundet, Geir R\u00f8svoll, bekreftet overfor Dagsavisen at mangel p\u00e5 informasjon om elevene n\u00e5 skaper utrygghet blant ansatte i Osloskolen:<\/p>\n<p>\u2013\u00a0B\u00e5de l\u00e6rere og ledere melder om stor usikkerhet og betydelig bekymring. Det har jeg stor forst\u00e5else for og mener m\u00e5 tas p\u00e5 st\u00f8rste alvor, sa R\u00f8svoll til Dagsavisen.<\/p>\n<p>        <a itemprop=\"url\" class=\"\" href=\"https:\/\/www.dagsavisen.no\/nyheter\/jeg-er-bekymret-for-ansattes-liv-og-helse\/9939319\" data-k5a-url=\"https:\/\/www.dagsavisen.no\/a\/9939319\" rel=\"nofollow noopener\" target=\"_blank\"><\/p>\n<p>            \u2013 Jeg er bekymret for ansattes liv og helse<\/p>\n<p>        <\/a><\/p>\n<p>Vil ha lovendring<\/p>\n<p>Knut Storberget, tidligere justisminister\u00a0i Stoltenberg II-regjeringen og leder av utvalget som i v\u00e5res la fram 20 tiltak mot alvorlig kriminalitet blant barn og unge, <a href=\"https:\/\/www.dagsavisen.no\/nyheter\/storberget-med-brannfakkel-vi-trenger-informasjonsplikt-ikke-taushetsplikt\/9935644?signedInSuccess=true\" rel=\"nofollow noopener\" target=\"_blank\">gikk nylig ut i Dagsavisen<\/a> og tok til orde for \u00e5 erstatte dagens taushetsplikt med en informasjonsplikt:<\/p>\n<p>\u2013 Jeg mener vi s\u00e5 raskt som mulig b\u00f8r starte arbeidet med \u00e5 jobbe fram en ny lovbestemmelse som p\u00e5legger offentlige ansatte informasjonsplikt og ikke taushetsplikt overfor andre etater. Dette er s\u00e6rlig viktig i h\u00e5ndteringen av saker med unge kriminelle, sa Storberget blant annet.<\/p>\n<p>Trenger informasjon<\/p>\n<p>Regjeringen har i disse dager ute p\u00e5 h\u00f8ring et <a href=\"https:\/\/www.regjeringen.no\/no\/aktuelt\/vil-tillate-at-skoler-deler-informasjon-om-elever-med-voldshistorikk-ved-skolebytte\/id3109124\/\" rel=\"nofollow noopener\" target=\"_blank\">forslag som vil tillate\u00a0at skoler deler informasjon<\/a> om elever med voldshistorikk ved overgangen fra ungdomstrinnet til videreg\u00e5ende skole.\u00a0<\/p>\n<p>For \u00e5 forebygge barne- og ungdomskriminalitet, ekstremisme og mishandling i n\u00e6re relasjoner, mener regjeringen det behov for bedre tverretatlig samarbeid og informasjonsdeling p\u00e5 individniv\u00e5.\u00a0<\/p>\n<p><a href=\"https:\/\/www.regjeringen.no\/no\/dep\/jd\/org\/styre-rad-og-utval\/tidsbegrensede-styrer-rad-og-utvalg\/ekspertgruppe-som-skal-utrede-tverrfaglig-samarbeid-og-informasjonsdeling-pa-individniva-for-a-forebygge-bedre\/id3113727\/\" rel=\"nofollow noopener\" target=\"_blank\">En ekspertgruppe<\/a>, under professor Asbj\u00f8rn Strandbakkens ledelse, skal utrede hvilke muligheter som finnes for deling av informasjon, og foresl\u00e5 modeller for samarbeid og regelendringer. Utredningen er ventet sommeren 2026.<\/p>\n<p class=\"italic m-italic\" data-lab-italic=\"italic\">F\u00e5 nyhetsbrev fra Dagsavisen. Meld deg p\u00e5\u00a0<a href=\"https:\/\/www.dagsavisen.no\/om-dagsavisen\/2023\/12\/20\/fa-daglig-nyhetsbrev\/\" rel=\"nofollow noopener\" target=\"_blank\">her<\/a>!<\/p>\n","protected":false},"excerpt":{"rendered":"Saken oppsummert: Silje Ringlund fra Ambulanseforbundet uttrykker bekymring over \u00f8kende vold mot ambulansearbeidere. Hun forteller om daglige trusler&hellip;\n","protected":false},"author":2,"featured_media":42352,"comment_status":"","ping_status":"","sticky":false,"template":"","format":"standard","meta":{"footnotes":""},"categories":[5],"tags":[20,21,24,25,15,19,22,23,17,18,13,30,28,29,14,16,26,27],"class_list":{"0":"post-42351","1":"post","2":"type-post","3":"status-publish","4":"format-standard","5":"has-post-thumbnail","7":"category-overskrifter","8":"tag-breaking-news","9":"tag-breakingnews","10":"tag-featured-news","11":"tag-featurednews","12":"tag-headlines","13":"tag-hovedoppslag","14":"tag-latest-news","15":"tag-latestnews","16":"tag-main-news","17":"tag-mainnews","18":"tag-news","19":"tag-no","20":"tag-norge","21":"tag-norway","22":"tag-nyheter","23":"tag-overskrifter","24":"tag-top-stories","25":"tag-topstories"},"share_on_mastodon":{"url":"","error":""},"_links":{"self":[{"href":"https:\/\/www.europesays.com\/no\/wp-json\/wp\/v2\/posts\/42351","targetHints":{"allow":["GET"]}}],"collection":[{"href":"https:\/\/www.europesays.com\/no\/wp-json\/wp\/v2\/posts"}],"about":[{"href":"https:\/\/www.europesays.com\/no\/wp-json\/wp\/v2\/types\/post"}],"author":[{"embeddable":true,"href":"https:\/\/www.europesays.com\/no\/wp-json\/wp\/v2\/users\/2"}],"replies":[{"embeddable":true,"href":"https:\/\/www.europesays.com\/no\/wp-json\/wp\/v2\/comments?post=42351"}],"version-history":[{"count":0,"href":"https:\/\/www.europesays.com\/no\/wp-json\/wp\/v2\/posts\/42351\/revisions"}],"wp:featuredmedia":[{"embeddable":true,"href":"https:\/\/www.europesays.com\/no\/wp-json\/wp\/v2\/media\/42352"}],"wp:attachment":[{"href":"https:\/\/www.europesays.com\/no\/wp-json\/wp\/v2\/media?parent=42351"}],"wp:term":[{"taxonomy":"category","embeddable":true,"href":"https:\/\/www.europesays.com\/no\/wp-json\/wp\/v2\/categories?post=42351"},{"taxonomy":"post_tag","embeddable":true,"href":"https:\/\/www.europesays.com\/no\/wp-json\/wp\/v2\/tags?post=42351"}],"curies":[{"name":"wp","href":"https:\/\/api.w.org\/{rel}","templated":true}]}}