{"id":42357,"date":"2025-09-22T18:59:13","date_gmt":"2025-09-22T18:59:13","guid":{"rendered":"https:\/\/www.europesays.com\/no\/42357\/"},"modified":"2025-09-22T18:59:13","modified_gmt":"2025-09-22T18:59:13","slug":"analytikere-varsler-hoyere-strompriser-i-norden-som-folge-av-datasenterboom","status":"publish","type":"post","link":"https:\/\/www.europesays.com\/no\/42357\/","title":{"rendered":"Analytikere varsler h\u00f8yere str\u00f8mpriser i Norden som f\u00f8lge av datasenterboom"},"content":{"rendered":"<p> Norden kan bli et yndet sted for datasentre \u00e5 etablere seg i \u00e5rene fremover, p\u00e5 grunn av kaldt v\u00e6r og lave str\u00f8mpriser, skriver <a href=\"https:\/\/www.bloomberg.com\/news\/articles\/2025-09-22\/sweden-norway-finland-power-firms-to-cash-in-on-europe-data-center-boom\" rel=\"noopener nofollow\" target=\"_blank\">Bloomberg<\/a>.<\/p>\n<p>If\u00f8lge Bloomberg Intelligence-analytikerne Joao Martins og Patricio Alvarez kan det regionale str\u00f8mforbruket i de nordiske landene \u00f8ke med 14 til 19 prosent \u00e5rlig som f\u00f8lge av etableringene. Dette er langt h\u00f8yere enn gjennomsnittet i EU.<\/p>\n<p>Interessen kan gi stor vekst for akt\u00f8rer som Vattenfall, Statkraft, Fortum og \u00d8rsted. Samtidig kan den \u00f8kte ettersp\u00f8rselen svi i lommeboka for forbrukerne, som i dag nyter godt av Europas billigste str\u00f8m.<\/p>\n<p>\u2013 Str\u00f8mprisniv\u00e5et vi har i Norden vil over tid i \u00f8kende grad n\u00e6rme seg prisniv\u00e5ene ellers i Europa, sier energiekspert Oskar Alm\u00e9n i PA Consulting, til Bloomberg.<\/p>\n<p>Datasentrenes inntog i Norge er allerede i gang for fullt. I sommer kunngjorde Aker en milliardsatsing p\u00e5 KI i Narvik, som har f\u00e5tt navnet Stargate Norway. I samarbeid med OpenAI og prosessorkjempen NVIDIA skal Aker og britiske Nscale etablere et stort datasenter for kunstig intelligens i Narvik. Onsdag forrige uke inngikk selskapet en KI-avtale verdt 60 milliarder kroner med Microsoft.<\/p>\n<p>Satsingen har skapt politisk debatt p\u00e5 bakgrunn av det h\u00f8ye str\u00f8mforbruket slike datasentre krever.<\/p>\n","protected":false},"excerpt":{"rendered":"Norden kan bli et yndet sted for datasentre \u00e5 etablere seg i \u00e5rene fremover, p\u00e5 grunn av kaldt&hellip;\n","protected":false},"author":2,"featured_media":42358,"comment_status":"","ping_status":"","sticky":false,"template":"","format":"standard","meta":{"footnotes":""},"categories":[5],"tags":[20,21,24,25,15,19,22,23,17,18,13,30,28,29,14,16,26,27],"class_list":{"0":"post-42357","1":"post","2":"type-post","3":"status-publish","4":"format-standard","5":"has-post-thumbnail","7":"category-overskrifter","8":"tag-breaking-news","9":"tag-breakingnews","10":"tag-featured-news","11":"tag-featurednews","12":"tag-headlines","13":"tag-hovedoppslag","14":"tag-latest-news","15":"tag-latestnews","16":"tag-main-news","17":"tag-mainnews","18":"tag-news","19":"tag-no","20":"tag-norge","21":"tag-norway","22":"tag-nyheter","23":"tag-overskrifter","24":"tag-top-stories","25":"tag-topstories"},"share_on_mastodon":{"url":"","error":""},"_links":{"self":[{"href":"https:\/\/www.europesays.com\/no\/wp-json\/wp\/v2\/posts\/42357","targetHints":{"allow":["GET"]}}],"collection":[{"href":"https:\/\/www.europesays.com\/no\/wp-json\/wp\/v2\/posts"}],"about":[{"href":"https:\/\/www.europesays.com\/no\/wp-json\/wp\/v2\/types\/post"}],"author":[{"embeddable":true,"href":"https:\/\/www.europesays.com\/no\/wp-json\/wp\/v2\/users\/2"}],"replies":[{"embeddable":true,"href":"https:\/\/www.europesays.com\/no\/wp-json\/wp\/v2\/comments?post=42357"}],"version-history":[{"count":0,"href":"https:\/\/www.europesays.com\/no\/wp-json\/wp\/v2\/posts\/42357\/revisions"}],"wp:featuredmedia":[{"embeddable":true,"href":"https:\/\/www.europesays.com\/no\/wp-json\/wp\/v2\/media\/42358"}],"wp:attachment":[{"href":"https:\/\/www.europesays.com\/no\/wp-json\/wp\/v2\/media?parent=42357"}],"wp:term":[{"taxonomy":"category","embeddable":true,"href":"https:\/\/www.europesays.com\/no\/wp-json\/wp\/v2\/categories?post=42357"},{"taxonomy":"post_tag","embeddable":true,"href":"https:\/\/www.europesays.com\/no\/wp-json\/wp\/v2\/tags?post=42357"}],"curies":[{"name":"wp","href":"https:\/\/api.w.org\/{rel}","templated":true}]}}