{"id":42502,"date":"2025-09-22T21:50:13","date_gmt":"2025-09-22T21:50:13","guid":{"rendered":"https:\/\/www.europesays.com\/no\/42502\/"},"modified":"2025-09-22T21:50:13","modified_gmt":"2025-09-22T21:50:13","slug":"svarer-pa-stores-handsrekning-setter-pris-pa-selvransakelsen-og-selvkritikken-dagens-naeringsliv","status":"publish","type":"post","link":"https:\/\/www.europesays.com\/no\/42502\/","title":{"rendered":"Svarer p\u00e5 St\u00f8res h\u00e5ndsrekning: \u2013 Setter pris p\u00e5 selvransakelsen og selvkritikken &#8211; Dagens N\u00e6ringsliv"},"content":{"rendered":"<ol>\n<li><a href=\"https:\/\/news.google.com\/rss\/articles\/CBMi9gFBVV95cUxNblZDQmFfTGlKdmZhOXBzV194Q2VzSE9vSVNZQXl4eFdSRlcyU3o5bnE0S2pPdTZRSnd1SFRBV3FIR1NHQm45ZlZUUDd5cWUtTkh3WE5MeU1ReU4wMzVfYlFGc2pEdWhaYXlSUklqc3ZvQXAxV3B1djNaVUIteTIydl95YmJ3TUVBdzdLNktpYklhZVpEaGU2WjBRYVRza1NEOVQxeFI1SjNFNjhWSGVNSXpfMXRIdzBNakpibkJBS2dSVU5TZEM1RWVsNjdyeEtVenBST0FSd2I5bnl2SF9SV0JXX3ZNd1VCMkpHZG05UnlJTmlkRUE?oc=5\" target=\"_blank\" rel=\"nofollow noopener\">Svarer p\u00e5 St\u00f8res h\u00e5ndsrekning: \u2013 Setter pris p\u00e5 selvransakelsen og selvkritikken<\/a>&nbsp;&nbsp;Dagens N\u00e6ringsliv<\/li>\n<li><a href=\"https:\/\/news.google.com\/rss\/articles\/CBMigAJBVV95cUxNdllJX3JEbXkyelA0eUFIaWNkOFBwNFc2R05LZUpRQmRoS0lERFNfUmxsX1JfNUFrdXJCV3pfM016T3NJejBQckJnYjJpRTlGRzNOUC11YVBxQkZic1hSNmI4YWFCX240SEhxS1gzVUJacG52cjJWV0RKYTZaWVhncWtHYV9EaEJqWmU5a0dYQlZQNTlqVm5PY3Z4WVNYYTBKM1VUT0lvSU5jenNvcDRocXU0Rm9HVUd6QUhfSlhYclVBUE5TS2Z0YVZFYkhPMUxweFJEU1I4WGJSNFlqOWh0S0dQcnhxa1g1S1kzNUROU0NvMGI2OTVubHgtT1I1SnBP?oc=5\" target=\"_blank\" rel=\"nofollow noopener\">St\u00f8re vil restarte forholdet til norsk n\u00e6ringsliv \u2013 \u00e5pner for \u00e5 endre eierbeskatningen (+)<\/a>&nbsp;&nbsp;Dagens N\u00e6ringsliv<\/li>\n<li><a href=\"https:\/\/news.google.com\/rss\/articles\/CBMiswFBVV95cUxNaHl0TFl2U1YwTFBFamtHdnBwX3Rqb3JCVVNuMy1pVE9LdGQxRlYwOGZTYWxXR2FNR2g1RmI1UHp5ZGpVbWJhODR5WGhUbHl2Mi1GTDAxeGx2S2Z2LVpqaUUtWnpTbWJnU3BPNUhNQU1aNXk4M1hoUzlaTFJJbEpiYlhIYUg2M1BvLWN0YTVPVVVkT2lOZUtpSmxkOUhLaDBheDliMkIyWFl0OFhfUE5nUV9SOA?oc=5\" target=\"_blank\" rel=\"nofollow noopener\">\u2013 \u00c5pen for \u00e5 se p\u00e5 alle skatter<\/a>&nbsp;&nbsp;smp.no<\/li>\n<li><a href=\"https:\/\/news.google.com\/rss\/articles\/CBMirwFBVV95cUxPQU12c3ZsME9NWUx2U2JCWDZxWUhacmRkcG5Wal9FRktVdkZfanhDNlVhT19va0dXUHNMUVB5eXBOSjdzNnctdHFOSkFaYXYwRTIwYlhrdGR4RzN3YVJyT2dxMm9ZSlRhSDFjZWJrNjhQckUtNlFCMTF4Ml81UWVWeVV3em8yVnNtMHF2bVM3LUZHdk82WFotbUZ0eF9PcG14cjJjZTdUaWtITjNIWnBj?oc=5\" target=\"_blank\" rel=\"nofollow noopener\">Dette skriver avisene om norsk \u00f8konomi mandag 22. september<\/a>&nbsp;&nbsp;Nettavisen<\/li>\n<li><a href=\"https:\/\/news.google.com\/rss\/articles\/CBMiiAFBVV95cUxNX3VnNnVwWkdEdGRvVThZZklTSnJfWHBzLWhJXzlFc0ZMZ2laVnMtTWJoVGpPWEZ5S1hVN0EwVHluOExKSkgyTDFtOXBvWEpvYmR1VnVBUmV2OXlJRExLcFlBeFdsVll0cDVGQXV6Z0VNWEptQ3RjVjFOY2N3aWdVdVJjMDZQZ290?oc=5\" target=\"_blank\" rel=\"nofollow noopener\">St\u00f8re vil strekke ut en h\u00e5nd til kritikerne<\/a>&nbsp;&nbsp;SHIFTER<\/li>\n<\/ol>\n","protected":false},"excerpt":{"rendered":"Svarer p\u00e5 St\u00f8res h\u00e5ndsrekning: \u2013 Setter pris p\u00e5 selvransakelsen og selvkritikken&nbsp;&nbsp;Dagens N\u00e6ringsliv St\u00f8re vil restarte forholdet til norsk&hellip;\n","protected":false},"author":2,"featured_media":42503,"comment_status":"","ping_status":"","sticky":false,"template":"","format":"standard","meta":{"footnotes":""},"categories":[5],"tags":[20,21,24,25,15,19,22,23,17,18,13,30,28,29,14,16,26,27],"class_list":{"0":"post-42502","1":"post","2":"type-post","3":"status-publish","4":"format-standard","5":"has-post-thumbnail","7":"category-overskrifter","8":"tag-breaking-news","9":"tag-breakingnews","10":"tag-featured-news","11":"tag-featurednews","12":"tag-headlines","13":"tag-hovedoppslag","14":"tag-latest-news","15":"tag-latestnews","16":"tag-main-news","17":"tag-mainnews","18":"tag-news","19":"tag-no","20":"tag-norge","21":"tag-norway","22":"tag-nyheter","23":"tag-overskrifter","24":"tag-top-stories","25":"tag-topstories"},"share_on_mastodon":{"url":"","error":""},"_links":{"self":[{"href":"https:\/\/www.europesays.com\/no\/wp-json\/wp\/v2\/posts\/42502","targetHints":{"allow":["GET"]}}],"collection":[{"href":"https:\/\/www.europesays.com\/no\/wp-json\/wp\/v2\/posts"}],"about":[{"href":"https:\/\/www.europesays.com\/no\/wp-json\/wp\/v2\/types\/post"}],"author":[{"embeddable":true,"href":"https:\/\/www.europesays.com\/no\/wp-json\/wp\/v2\/users\/2"}],"replies":[{"embeddable":true,"href":"https:\/\/www.europesays.com\/no\/wp-json\/wp\/v2\/comments?post=42502"}],"version-history":[{"count":0,"href":"https:\/\/www.europesays.com\/no\/wp-json\/wp\/v2\/posts\/42502\/revisions"}],"wp:featuredmedia":[{"embeddable":true,"href":"https:\/\/www.europesays.com\/no\/wp-json\/wp\/v2\/media\/42503"}],"wp:attachment":[{"href":"https:\/\/www.europesays.com\/no\/wp-json\/wp\/v2\/media?parent=42502"}],"wp:term":[{"taxonomy":"category","embeddable":true,"href":"https:\/\/www.europesays.com\/no\/wp-json\/wp\/v2\/categories?post=42502"},{"taxonomy":"post_tag","embeddable":true,"href":"https:\/\/www.europesays.com\/no\/wp-json\/wp\/v2\/tags?post=42502"}],"curies":[{"name":"wp","href":"https:\/\/api.w.org\/{rel}","templated":true}]}}