{"id":42510,"date":"2025-09-22T22:01:12","date_gmt":"2025-09-22T22:01:12","guid":{"rendered":"https:\/\/www.europesays.com\/no\/42510\/"},"modified":"2025-09-22T22:01:12","modified_gmt":"2025-09-22T22:01:12","slug":"far-nye-eigarar-og-nytt-namn-men-held-fram-som-for-vikebladet-no","status":"publish","type":"post","link":"https:\/\/www.europesays.com\/no\/42510\/","title":{"rendered":"F\u00e5r nye eigarar og nytt namn &#8211; men held fram som f\u00f8r &#8211; vikebladet.no"},"content":{"rendered":"<ol>\n<li><a href=\"https:\/\/news.google.com\/rss\/articles\/CBMioAFBVV95cUxPdjRUYUJQLVRWajV0QTNpY05nU01BbEs4MkZtTU1LWjlULVRKZDlJWXFGSE9BZVBpZlZuRzZOc0NwOElsajhONU1zb3RoSm9faGpZa24xQmhJNjRPU250MGZMMU9Fcm5ibFh0R2NNcVp4Vnhfdzh3SjZNYkdzaFo3TWYzUnA3ajJockp3N0JTeDZmdUtLN3haZFFwMTNKdUdz?oc=5\" target=\"_blank\" rel=\"nofollow noopener\">F\u00e5r nye eigarar og nytt namn &#8211; men held fram som f\u00f8r<\/a>&nbsp;&nbsp;vikebladet.no<\/li>\n<li><a href=\"https:\/\/news.google.com\/rss\/articles\/CBMiiwFBVV95cUxNd3U4V05WNUFMc3BMVWN3RmtWMDA1TkVOQmNWVmw1TExTekZkeF9hZm9VZm9mM004Q3JjVlFkd3NFYTl5b0lTMWZ1VzlQU0dQaV9Kd0RtWmVmdnRxLXVGQ3M0N1o5UHE4U0JFejRXaUZBSDJtYmJGaENvSVI1UVBla1EtRTI0V0lHTjFV?oc=5\" target=\"_blank\" rel=\"nofollow noopener\">F\u00f8rde, N\u00e6ringsliv | Giganten trekte seg ut. No tek nytt selskap over<\/a>&nbsp;&nbsp;Firda<\/li>\n<li><a href=\"https:\/\/news.google.com\/rss\/articles\/CBMid0FVX3lxTE5RQUxWSWIzZkZqOGFjZ2tZQ2QwYTd0ekY5U2hHSXJERzhZeUtpX2JhYXhtZGJIQWlIdjBUampQbVdzRTVTUEdfRVNZbjVBZlF0RlF0U3VmdlB1c3RVU1ltSTBDcTdwcWF5dWNSd3hwY1NYMWh4eW5V?oc=5\" target=\"_blank\" rel=\"nofollow noopener\">F\u00e5r nytt namn og ny eigar<\/a>&nbsp;&nbsp;fjordingen.no<\/li>\n<li><a href=\"https:\/\/news.google.com\/rss\/articles\/CBMimgFBVV95cUxNUWFlLWJaSVN3Z0lZU0dqU1pxWFQ3QXVEYlZzLTdsZHFnZ014dTNJV0JYVHFYd0JZRWpLN011YkkzRFFPXzRRMFp6WkUweUJfTEl3bmNySUdsTW5RT0dYYld3Z0NiTl9uX290OXh6cFVvcnVFZzFUOG9saE9WMzVKMTM5eUJMYzFLYnBfaTZfOTlHV2dmTVA2RnlB?oc=5\" target=\"_blank\" rel=\"nofollow noopener\">N\u00e6ringsliv | Revisjonsgigant kvitter seg med lokalkontor: \u2013 Vi skal vokse<\/a>&nbsp;&nbsp;Haugesunds Avis<\/li>\n<li><a href=\"https:\/\/news.google.com\/rss\/articles\/CBMibkFVX3lxTE8tbzVQNF9Ga2M4LVVEaTJhMy1zLXJMYlBwQ0JOZlE0azF3Sk1jOHVrYm1MMDRhVWtGak9vS0dMUGYyeFZJQVZqYjIwc1JqNERYelE3MHdpOVJVUWhBYWlpLUhoVF9RSDFZRE9GZnp3?oc=5\" target=\"_blank\" rel=\"nofollow noopener\">Thommessen-trio bistod i PwC-transaksjon<\/a>&nbsp;&nbsp;ADVOKATWATCH.no<\/li>\n<\/ol>\n","protected":false},"excerpt":{"rendered":"F\u00e5r nye eigarar og nytt namn &#8211; men held fram som f\u00f8r&nbsp;&nbsp;vikebladet.no F\u00f8rde, N\u00e6ringsliv | Giganten trekte seg&hellip;\n","protected":false},"author":2,"featured_media":42511,"comment_status":"","ping_status":"","sticky":false,"template":"","format":"standard","meta":{"footnotes":""},"categories":[56],"tags":[60,61,62,30,28,29],"class_list":{"0":"post-42510","1":"post","2":"type-post","3":"status-publish","4":"format-standard","5":"has-post-thumbnail","7":"category-naeringsliv","8":"tag-business","9":"tag-economy","10":"tag-naeringsliv","11":"tag-no","12":"tag-norge","13":"tag-norway"},"share_on_mastodon":{"url":"","error":""},"_links":{"self":[{"href":"https:\/\/www.europesays.com\/no\/wp-json\/wp\/v2\/posts\/42510","targetHints":{"allow":["GET"]}}],"collection":[{"href":"https:\/\/www.europesays.com\/no\/wp-json\/wp\/v2\/posts"}],"about":[{"href":"https:\/\/www.europesays.com\/no\/wp-json\/wp\/v2\/types\/post"}],"author":[{"embeddable":true,"href":"https:\/\/www.europesays.com\/no\/wp-json\/wp\/v2\/users\/2"}],"replies":[{"embeddable":true,"href":"https:\/\/www.europesays.com\/no\/wp-json\/wp\/v2\/comments?post=42510"}],"version-history":[{"count":0,"href":"https:\/\/www.europesays.com\/no\/wp-json\/wp\/v2\/posts\/42510\/revisions"}],"wp:featuredmedia":[{"embeddable":true,"href":"https:\/\/www.europesays.com\/no\/wp-json\/wp\/v2\/media\/42511"}],"wp:attachment":[{"href":"https:\/\/www.europesays.com\/no\/wp-json\/wp\/v2\/media?parent=42510"}],"wp:term":[{"taxonomy":"category","embeddable":true,"href":"https:\/\/www.europesays.com\/no\/wp-json\/wp\/v2\/categories?post=42510"},{"taxonomy":"post_tag","embeddable":true,"href":"https:\/\/www.europesays.com\/no\/wp-json\/wp\/v2\/tags?post=42510"}],"curies":[{"name":"wp","href":"https:\/\/api.w.org\/{rel}","templated":true}]}}