{"id":42514,"date":"2025-09-22T22:07:17","date_gmt":"2025-09-22T22:07:17","guid":{"rendered":"https:\/\/www.europesays.com\/no\/42514\/"},"modified":"2025-09-22T22:07:17","modified_gmt":"2025-09-22T22:07:17","slug":"sorlys-i-solstorm-ekstrem-magnetisme-og-komet-i-solvind","status":"publish","type":"post","link":"https:\/\/www.europesays.com\/no\/42514\/","title":{"rendered":"S\u00f8rlys i solstorm, ekstrem magnetisme og komet i solvind"},"content":{"rendered":"<p>    Se vinnerbildene i fotokonkurransen til\u00a0Royal Observatory Greenwich her.<\/p>\n<p>\n        Her ser du kometen 12\/P Pons-Brooks suse gjennom solvinden.<br \/>\n        (Foto: \u00a9 Dan Bartlett (USA))\n    <\/p>\n<p>En rekke spektakul\u00e6re bilder har blitt sluppet av institusjonen Royal Observatory Greenwich (ROG) i London.<\/p>\n<p>De har en \u00e5rlig fotokonkurranse, kalt Royal Observatory Greenwich&#8217;s ZWO astronomy photographer of the year, og de har nylig kunngjort en hel rekke vinnere. Her f\u00e5r du noen av dem:\u00a0<\/p>\n<p>Midt i Andromeda<\/p>\n<p>                <img decoding=\"async\" src=\"https:\/\/www.europesays.com\/no\/wp-content\/uploads\/2025\/09\/2553582.webp\" width=\"480\" height=\"711\" title=\"Tittel: Andromedas galaksekjerne.\" alt=\"\" loading=\"lazy\" style=\"\"\/><\/p>\n<p>\n            Tittel: Andromedas galaksekjerne.<br \/>\n            (Foto: \u00a9 Weitang Liang, Qi Yang, Chuhong Yu (Kina))\n        <\/p>\n<p>P\u00e5 dette bildet, som vant i hovedprisen i fotokonkurransen, ser du rett inn i Andromedas galaksekjerne. Dette er alts\u00e5 i midten av v\u00e5r n\u00e6rmeste galaktiske nabo, Andromeda-galaksen. Den er mye st\u00f8rre enn galaksen v\u00e5r Melkeveien.\u00a0<\/p>\n<p>Bildet viser sv\u00e6rt mange detaljer rundt den tette galaksekjernen hvor det ogs\u00e5 er mange stjerner.\u00a0<\/p>\n<p>Bildet er tatt gjennom et teleskop med totalt 38 timer eksponering for \u00e5 fange nok lys til \u00e5 avdekke alle detaljene, if\u00f8lge konkurransens hjemmeside. Bildet er tatt i Nerpia i Spania over flere dager i august og september i 2024.<\/p>\n<p>Komet i solvind<\/p>\n<p>                <img decoding=\"async\" src=\"https:\/\/www.europesays.com\/no\/wp-content\/uploads\/2025\/09\/2553584.webp\" width=\"480\" height=\"322\" title=\"Tittel: Kometen 12\/P Pons-Brooks tar et siste bukk.\" alt=\"\" loading=\"lazy\" style=\"\"\/><\/p>\n<p>\n            Tittel: Kometen 12\/P Pons-Brooks tar et siste bukk.<br \/>\n            (Foto: \u00a9 Dan Bartlett (USA))\n        <\/p>\n<p class=\"font-weight-normal m-font-weight-normal\" data-lab-font_weight=\"font-weight-normal\">P\u00e5 dette bildet, som vant i kategorien planeter, kometer og asteroider, blir en komet truffet av solvinder som str\u00f8mmer gjennom solsystemet v\u00e5rt. Solvindene er s\u00e6rlig intense fordi vi befinner oss rundt solmaksimum \u2013 alts\u00e5 tiden i solsyklusen hvor det er mest aktivitet p\u00e5 solen. <a href=\"https:\/\/www.forskning.no\/romforskning-solsystemet\/kraftig-aktivitet-pa-sola-det-kan-se-ut-som-vi-er-naer-toppen-eller-kanskje-akkurat-over\/2508025\" rel=\"nofollow noopener\" target=\"_blank\">Dette kan du lese mer om p\u00e5 forskning.no<\/a>.<\/p>\n<p class=\"font-weight-normal m-font-weight-normal\" data-lab-font_weight=\"font-weight-normal\">P\u00e5 bildet ser vi ogs\u00e5 den detaljerte komethalen med turbulente m\u00f8nstre. Du kan ogs\u00e5 tydelig se skyen med gass rundt kometkjernen. Dette kalles komaen.\u00a0<\/p>\n<p class=\"font-weight-normal m-font-weight-normal\" data-lab-font_weight=\"font-weight-normal\">Bildet er tatt gjennom et teleskop med 25 eksponeringer p\u00e5 30 sekunder hver, if\u00f8lge pressemeldingen om fotokonkurransen.\u00a0<\/p>\n<p class=\"font-weight-normal m-font-weight-normal\" data-lab-font_weight=\"font-weight-normal\">Kometen er synlig n\u00e5 og er n\u00e5 ute av det indre solsystemet igjen. Den vil komme tilbake p\u00e5 2090-tallet.\u00a0<\/p>\n<p>Kjempepanorama av Melkeveien<\/p>\n<p>                <img decoding=\"async\" src=\"https:\/\/www.europesays.com\/no\/wp-content\/uploads\/2025\/09\/2553599.webp\" width=\"480\" height=\"384\" title=\"Tittel: Fjellryggen\" alt=\"\" loading=\"lazy\" style=\"\"\/><\/p>\n<p>\n            Tittel: Fjellryggen<br \/>\n            (Foto: \u00a9 Tom Rae (New Zealand))\n        <\/p>\n<p class=\"font-weight-bold m-font-weight-bold\" data-lab-font_weight=\"font-weight-bold\">Dette bildet vant i kategorien skyscape\u00a0eller himmel-landskap. Det er et kjempepanorama satt sammen av 62 forskjellige bilder som spenner over en fjellrygg i Mount Cook National Park p\u00e5 New Zealand. Bildet er tatt 8. april 2024.\u00a0<\/p>\n<p class=\"font-weight-bold m-font-weight-bold\" data-lab-font_weight=\"font-weight-bold\">Bildet viser Melkeveien som brer seg over nattehimmelen. Galaksekjernen ser du til venstre i bildet.<\/p>\n<p>Ekstreme magnetfelt<\/p>\n<p>                <img decoding=\"async\" src=\"https:\/\/www.europesays.com\/no\/wp-content\/uploads\/2025\/09\/2553606.webp\" width=\"480\" height=\"629\" title=\"Tittel: Aktiv del av solens kromosf\u00e6re.\" alt=\"\" loading=\"lazy\" style=\"\"\/><\/p>\n<p>\n            Tittel: Aktiv del av solens kromosf\u00e6re.<br \/>\n            (Foto: \u00a9 James Sinclair (USA))\n        <\/p>\n<p class=\"font-weight-bold m-font-weight-bold\" data-lab-font_weight=\"font-weight-bold\">Dette bildet vant i sol-kategorien. Her ser du en del av solens kromosf\u00e6re. Det er den innerste delen av solens atmosf\u00e6re. Den blir vridd og vendt p\u00e5 av ekstreme magnetfelt som oppst\u00e5r og flytter seg p\u00e5 soloverflaten.\u00a0<\/p>\n<p class=\"font-weight-bold m-font-weight-bold\" data-lab-font_weight=\"font-weight-bold\">Overflaten p\u00e5 solen endrer seg fra sekund til sekund og best\u00e5r av hydrogen og helium-plasma. Bildet er tatt gjennom et teleskop med spesialtilpassede filtre og 10 sekunders eksponering. Det er tatt i Cedar City, Utah.\u00a0<\/p>\n<p class=\"font-weight-bold m-font-weight-bold\" data-lab-font_weight=\"font-weight-bold\">Du kan lese mer om solfysikere som overv\u00e5ker solens <a href=\"https:\/\/www.forskning.no\/romforskning-teknologi-universet\/det-er-fa-steder-i-verden-som-dette\/2286301\" rel=\"nofollow noopener\" target=\"_blank\">atmosf\u00e6re og magnetiske aktivitet p\u00e5 forskning.no.\u00a0<\/a><\/p>\n<p>S\u00f8rlys i solstorm<\/p>\n<p>                <img decoding=\"async\" src=\"https:\/\/www.europesays.com\/no\/wp-content\/uploads\/2025\/09\/2553628.webp\" width=\"480\" height=\"260\" title=\"Tittel: En krone av lys.\" alt=\"\" loading=\"lazy\" style=\"\"\/><\/p>\n<p>\n            Tittel: En krone av lys.<br \/>\n            (Foto: \u00a9 Kavan Chay)\n        <\/p>\n<p class=\"font-weight-bold m-font-weight-bold\" data-lab-font_weight=\"font-weight-bold\">Dette bildet vant i kategorien nordlys\/s\u00f8rlys. If\u00f8lge juryen er bildet tatt under en kraftig solstorm 10. mai, 2024. Fotografen beskrev r\u00f8dfargen som det mest intense han hadde sett fra slike s\u00f8rlys.<\/p>\n<p class=\"font-weight-bold m-font-weight-bold\" data-lab-font_weight=\"font-weight-bold\">Bildet er tatt med et spesialisert kamerafeste og speilreflekskamera, og det er fra Tumbledown Bay i New Zealand.\u00a0<\/p>\n<p>300.000 stjerner<\/p>\n<p>                <img decoding=\"async\" src=\"https:\/\/www.europesays.com\/no\/wp-content\/uploads\/2025\/09\/2553676.webp\" width=\"480\" height=\"317\" title=\"Tittel: M13. Dette bildet vant i kategorien stjerner og stjernet\u00e5ker.\" alt=\"\" loading=\"lazy\" style=\"\"\/><\/p>\n<p>\n            Tittel: M13. Dette bildet vant i kategorien stjerner og stjernet\u00e5ker.<br \/>\n            (Foto: \u00a9 Distant Luminosity Julian Zoller, Jan Beckmann, Lukas Eisert, Wolfgang Hummel ( Germany))\n        <\/p>\n<p class=\"font-weight-normal m-font-weight-normal\" data-lab-font_weight=\"font-weight-normal\">Den ekstremt tette kulehopen kalt Store Kulehop i Herkules, eller Messier 13, best\u00e5r av rundt 300.000 stjerner.<\/p>\n<p class=\"font-weight-normal m-font-weight-normal\" data-lab-font_weight=\"font-weight-normal\">Den er sv\u00e6rt grundig unders\u00f8kt og ligger rundt 22.000 lys\u00e5r fra jorda. Den er synlig med det blotte \u00f8yet p\u00e5 m\u00f8rke netter, men kan sees enda bedre gjennom teleskop eller kikkert, if\u00f8lge fotografene.\u00a0<\/p>\n<p class=\"font-weight-normal m-font-weight-normal\" data-lab-font_weight=\"font-weight-normal\">Fotografene sier at m\u00e5let deres var \u00e5 kikke s\u00e5 dypt inn i denne kulehopen som mulig.<\/p>\n<p class=\"font-weight-bold m-font-weight-bold\" data-lab-font_weight=\"font-weight-bold\"><a href=\"https:\/\/www.rmg.co.uk\/whats-on\/astronomy-photographer-year\/galleries\/overall-winners-2025\" rel=\"nofollow noopener\" target=\"_blank\">Du kan se flere vinnere p\u00e5 hjemmesidene til Royal Observatory Greenwich<\/a><\/p>\n<p>                <img decoding=\"async\" src=\"https:\/\/www.europesays.com\/no\/wp-content\/uploads\/2025\/09\/2400178.webp\" width=\"332\" height=\"259\" title=\"\" alt=\"\" loading=\"lazy\" style=\"\"\/><\/p>\n<p>                <img decoding=\"async\" src=\"https:\/\/www.europesays.com\/no\/wp-content\/uploads\/2025\/09\/2400198.webp\" width=\"160\" height=\"101\" title=\"\" alt=\"\" loading=\"lazy\" style=\"\"\/><\/p>\n<p>Opptatt av naturvitenskap og verdensrommet?<\/p>\n<p data-lab-fontface=\"sanomatSans\" class=\"font-sanomatSans font-weight-bold m-font-weight-bold\" data-lab-font_weight=\"font-weight-bold\">Ikke bli et fossil, hold deg oppdatert p\u00e5 dyr, planter, verdensrommet og mye mer mellom himmel og jord med nyhetsbrev fra forskning.no.<\/p>\n<p data-lab-fontface=\"sanomatSans\" class=\"font-weight-bold m-font-weight-bold font-sanomatSans\" data-lab-font_weight=\"font-weight-bold\"><a href=\"https:\/\/www.forskning.no\/newsletter\/subscriptions\" aria-label=\"Meld meg p\u00e5 nyhetsbrev\" class=\"dacBtn bg-btn-color\" rel=\"nofollow noopener\" target=\"_blank\">Meld meg p\u00e5<\/a><\/p>\n<p>            Ledige stillinger<\/p>\n<p class=\"ingress align-center mobile_text_align_align-center\"><a href=\"https:\/\/stilling.forskning.no\/\" target=\"_blank\" class=\"dacBtn bg-btn-color\" rel=\"nofollow noopener\">Vis alle ledige stillinger<\/a><\/p>\n","protected":false},"excerpt":{"rendered":"Se vinnerbildene i fotokonkurransen til\u00a0Royal Observatory Greenwich her. Her ser du kometen 12\/P Pons-Brooks suse gjennom solvinden. (Foto:&hellip;\n","protected":false},"author":2,"featured_media":42515,"comment_status":"","ping_status":"","sticky":false,"template":"","format":"standard","meta":{"footnotes":""},"categories":[57],"tags":[30,28,29,65,63,64,66,70,69,67,68],"class_list":{"0":"post-42514","1":"post","2":"type-post","3":"status-publish","4":"format-standard","5":"has-post-thumbnail","7":"category-vitenskap-og-teknologi","8":"tag-no","9":"tag-norge","10":"tag-norway","11":"tag-science","12":"tag-science-and-technology","13":"tag-scienceandtechnology","14":"tag-technology","15":"tag-teknologi","16":"tag-vitenskap","17":"tag-vitenskap-og-teknologi","18":"tag-vitenskapteknologi"},"share_on_mastodon":{"url":"","error":""},"_links":{"self":[{"href":"https:\/\/www.europesays.com\/no\/wp-json\/wp\/v2\/posts\/42514","targetHints":{"allow":["GET"]}}],"collection":[{"href":"https:\/\/www.europesays.com\/no\/wp-json\/wp\/v2\/posts"}],"about":[{"href":"https:\/\/www.europesays.com\/no\/wp-json\/wp\/v2\/types\/post"}],"author":[{"embeddable":true,"href":"https:\/\/www.europesays.com\/no\/wp-json\/wp\/v2\/users\/2"}],"replies":[{"embeddable":true,"href":"https:\/\/www.europesays.com\/no\/wp-json\/wp\/v2\/comments?post=42514"}],"version-history":[{"count":0,"href":"https:\/\/www.europesays.com\/no\/wp-json\/wp\/v2\/posts\/42514\/revisions"}],"wp:featuredmedia":[{"embeddable":true,"href":"https:\/\/www.europesays.com\/no\/wp-json\/wp\/v2\/media\/42515"}],"wp:attachment":[{"href":"https:\/\/www.europesays.com\/no\/wp-json\/wp\/v2\/media?parent=42514"}],"wp:term":[{"taxonomy":"category","embeddable":true,"href":"https:\/\/www.europesays.com\/no\/wp-json\/wp\/v2\/categories?post=42514"},{"taxonomy":"post_tag","embeddable":true,"href":"https:\/\/www.europesays.com\/no\/wp-json\/wp\/v2\/tags?post=42514"}],"curies":[{"name":"wp","href":"https:\/\/api.w.org\/{rel}","templated":true}]}}