{"id":42520,"date":"2025-09-22T22:17:08","date_gmt":"2025-09-22T22:17:08","guid":{"rendered":"https:\/\/www.europesays.com\/no\/42520\/"},"modified":"2025-09-22T22:17:08","modified_gmt":"2025-09-22T22:17:08","slug":"drone-observert-i-naerheten-av-oslo-lufthavn-siste-nytt-nrk","status":"publish","type":"post","link":"https:\/\/www.europesays.com\/no\/42520\/","title":{"rendered":"Drone observert i n\u00e6rheten av Oslo lufthavn \u2013 Siste nytt \u2013\u00a0NRK"},"content":{"rendered":"<p>Politiet bekrefter at en drone ble observert i n\u00e6rheten av Oslo lufthavn mandag kveld.<\/p>\n<p>\u2013 Politiet er til stede p\u00e5 Oslo lufthavn. Vi har iverksatt tiltak for \u00e5 pr\u00f8ve \u00e5 f\u00e5 lokalisert denne dronen, men vi har per n\u00e5 ikke klart \u00e5 lokalisere dronefr\u00f8rer.<\/p>\n<p>Det opplyser operasjonsleder Gisle Sveen i \u00d8st politidistrikt til NRK.<\/p>\n<p>Dronen befinner seg i luftrommet over flyplassen, den er trolig et stykke i retning Jessheim, if\u00f8lge politiet.<\/p>\n<p>Det var Avinor som varslet politiet om droneobservasjonen.<\/p>\n<p>\u2013 Av sikkerhetsmessige \u00e5rsaker ble det besluttet \u00e5 flytte all flytrafikken over til \u00e9n rullebane, sier pressevakt Karoline Pedersen til NRK.<\/p>\n<p>\u2013 Trafikken flyter n\u00e5 fint og g\u00e5r som normalt. Politiet er rutinemessig varslet om hendelsen, legger pressevakten til.<\/p>\n<p>Det er <a href=\"https:\/\/www.nrk.no\/stor-oslo\/droneaktivitet-ved-oslo-lufthavn-1.17396162\" ec-id=\"pp:1.17396162\" ec-name=\"ikke f\u00f8rste gang\" rel=\"nofollow noopener\" target=\"_blank\">ikke f\u00f8rste gang<\/a> droner blir sett flyvende i forbudssonen ved Oslo lufthavn, opplyser politiet.<\/p>\n<p>Klokken 20.30 ble flytrafikken i K\u00f8benhavn stengt etter at flere droner ble observert ved Kastrup flyplass.<\/p>\n<p>\u2013 Vi ser ikke p\u00e5 hendelsen ved Oslo lufthavn som direkte relatert til noe annet per n\u00e5, sier Sveen videre.<\/p>\n","protected":false},"excerpt":{"rendered":"Politiet bekrefter at en drone ble observert i n\u00e6rheten av Oslo lufthavn mandag kveld. \u2013 Politiet er til&hellip;\n","protected":false},"author":2,"featured_media":25209,"comment_status":"","ping_status":"","sticky":false,"template":"","format":"standard","meta":{"footnotes":""},"categories":[10],"tags":[20,21,24,25,15,22,23,13,30,28,29,14,16,26,27],"class_list":{"0":"post-42520","1":"post","2":"type-post","3":"status-publish","4":"format-standard","5":"has-post-thumbnail","7":"category-norge","8":"tag-breaking-news","9":"tag-breakingnews","10":"tag-featured-news","11":"tag-featurednews","12":"tag-headlines","13":"tag-latest-news","14":"tag-latestnews","15":"tag-news","16":"tag-no","17":"tag-norge","18":"tag-norway","19":"tag-nyheter","20":"tag-overskrifter","21":"tag-top-stories","22":"tag-topstories"},"share_on_mastodon":{"url":"","error":""},"_links":{"self":[{"href":"https:\/\/www.europesays.com\/no\/wp-json\/wp\/v2\/posts\/42520","targetHints":{"allow":["GET"]}}],"collection":[{"href":"https:\/\/www.europesays.com\/no\/wp-json\/wp\/v2\/posts"}],"about":[{"href":"https:\/\/www.europesays.com\/no\/wp-json\/wp\/v2\/types\/post"}],"author":[{"embeddable":true,"href":"https:\/\/www.europesays.com\/no\/wp-json\/wp\/v2\/users\/2"}],"replies":[{"embeddable":true,"href":"https:\/\/www.europesays.com\/no\/wp-json\/wp\/v2\/comments?post=42520"}],"version-history":[{"count":0,"href":"https:\/\/www.europesays.com\/no\/wp-json\/wp\/v2\/posts\/42520\/revisions"}],"wp:featuredmedia":[{"embeddable":true,"href":"https:\/\/www.europesays.com\/no\/wp-json\/wp\/v2\/media\/25209"}],"wp:attachment":[{"href":"https:\/\/www.europesays.com\/no\/wp-json\/wp\/v2\/media?parent=42520"}],"wp:term":[{"taxonomy":"category","embeddable":true,"href":"https:\/\/www.europesays.com\/no\/wp-json\/wp\/v2\/categories?post=42520"},{"taxonomy":"post_tag","embeddable":true,"href":"https:\/\/www.europesays.com\/no\/wp-json\/wp\/v2\/tags?post=42520"}],"curies":[{"name":"wp","href":"https:\/\/api.w.org\/{rel}","templated":true}]}}