{"id":42562,"date":"2025-09-23T00:50:24","date_gmt":"2025-09-23T00:50:24","guid":{"rendered":"https:\/\/www.europesays.com\/no\/42562\/"},"modified":"2025-09-23T00:50:24","modified_gmt":"2025-09-23T00:50:24","slug":"nyheter-lorenskog-politiet-hund-drept-pa-tur-romerikes-blad","status":"publish","type":"post","link":"https:\/\/www.europesays.com\/no\/42562\/","title":{"rendered":"Nyheter, L\u00f8renskog | Politiet: Hund drept p\u00e5 tur &#8211; Romerikes Blad"},"content":{"rendered":"<ol>\n<li><a href=\"https:\/\/news.google.com\/rss\/articles\/CBMia0FVX3lxTE9NSTMxXzNzM0lBVHRaSUtfMS1VUEFwR2VUYVJPbGdyVmF2ZXo5SDJ5UUtUY2Q0eU5xcTc3d1NVUi1Wa1NPWTMxVUdxcWVya3VhT2M4S28wZFhaeGFVSHQwMTd3UldoWWhUMXF3?oc=5\" target=\"_blank\" rel=\"nofollow noopener\">Nyheter, L\u00f8renskog | Politiet: Hund drept p\u00e5 tur<\/a>&nbsp;&nbsp;Romerikes Blad<\/li>\n<li><a href=\"https:\/\/news.google.com\/rss\/articles\/CBMibEFVX3lxTE9fMVRrUTRyT05oZU5iUzduRktUcmlqNjN6aWZBSm1fVV9BZ3JodjRKZi1MOFI4WF9reVB5MTJfeFpOX1dOYzE1LVIzXzN1M2tkQ1p4ZEFDNERFQXdxVGxKNVdqa2pWMDFmQl8teQ?oc=5\" target=\"_blank\" rel=\"nofollow noopener\">Nyheter, L\u00f8renskog | Eier siktet etter hundedrap<\/a>&nbsp;&nbsp;Romerikes Blad<\/li>\n<li><a href=\"https:\/\/news.google.com\/rss\/articles\/CBMinwFBVV95cUxOZ3NUX3hRcE5pYVFCOWdqZklQWkZvc2JoSnp5RE9OSW55Qzh2QUxpT3RGcDhlQXVOQXhGc0Z2Sm53V3VuWnk3dDRzWWZwY0FZc0RHTEdoWU5PejQzd1JKSzdXNEpLeEptUDkzT244SEV3OFAzYTJjeWN2TDZSRmtNTU9DT0FFS3NUVDNYNDFjMGNvQlRmOXNLM0ZSTVdQQ1U?oc=5\" target=\"_blank\" rel=\"nofollow noopener\">Hundeeier siktet etter d\u00f8delig hundeangrep i L\u00f8renskog<\/a>&nbsp;&nbsp;Aftenposten<\/li>\n<li><a href=\"https:\/\/news.google.com\/rss\/articles\/CBMiggFBVV95cUxOLXB1dDJQa3BkaWI3Njg3bTNvRXFLNVNxUWVLZUlQWGpCekExc1RyYjdpRl9na2dtRk1aV1VNSklrSHlaUGJvb1d3VWlGazNDOGxjSU5TeW4wQmVBRVdla21oT2FxVW1KMzV4VGJ0TEZjN3hMOFJYMlBpQU8zekE4ck5n?oc=5\" target=\"_blank\" rel=\"nofollow noopener\">Hund drepte annen hund i L\u00f8renskog<\/a>&nbsp;&nbsp;ABC Nyheter<\/li>\n<li><a href=\"https:\/\/news.google.com\/rss\/articles\/CBMiiwFBVV95cUxPRnB3SVZWOGVvMTh2NHdueHVWNGNKZnpLZ2pFZ0NBbVFPazYxNVVOd1FGMzNNdHVDdS1XVkZMLTl3aUthMEdPLVI5UUtSWGVDbDFZODlZYjM4OE1vVnc1X041SWZlMzNDUEFDMXRfMkhxaUZtSGlvZVJlRlVJd24yenBCRTFjbldlUktN?oc=5\" target=\"_blank\" rel=\"nofollow noopener\">Politiet: Hund drepte hund og skadet eier i L\u00f8renskog<\/a>&nbsp;&nbsp;Aftenposten<\/li>\n<\/ol>\n","protected":false},"excerpt":{"rendered":"Nyheter, L\u00f8renskog | Politiet: Hund drept p\u00e5 tur&nbsp;&nbsp;Romerikes Blad Nyheter, L\u00f8renskog | Eier siktet etter hundedrap&nbsp;&nbsp;Romerikes Blad Hundeeier&hellip;\n","protected":false},"author":2,"featured_media":42563,"comment_status":"","ping_status":"","sticky":false,"template":"","format":"standard","meta":{"footnotes":""},"categories":[12],"tags":[20,21,24,25,15,22,23,13,30,28,29,14,16,26,27,42,43,44,45],"class_list":{"0":"post-42562","1":"post","2":"type-post","3":"status-publish","4":"format-standard","5":"has-post-thumbnail","7":"category-verden","8":"tag-breaking-news","9":"tag-breakingnews","10":"tag-featured-news","11":"tag-featurednews","12":"tag-headlines","13":"tag-latest-news","14":"tag-latestnews","15":"tag-news","16":"tag-no","17":"tag-norge","18":"tag-norway","19":"tag-nyheter","20":"tag-overskrifter","21":"tag-top-stories","22":"tag-topstories","23":"tag-verden","24":"tag-world","25":"tag-world-news","26":"tag-worldnews"},"share_on_mastodon":{"url":"","error":""},"_links":{"self":[{"href":"https:\/\/www.europesays.com\/no\/wp-json\/wp\/v2\/posts\/42562","targetHints":{"allow":["GET"]}}],"collection":[{"href":"https:\/\/www.europesays.com\/no\/wp-json\/wp\/v2\/posts"}],"about":[{"href":"https:\/\/www.europesays.com\/no\/wp-json\/wp\/v2\/types\/post"}],"author":[{"embeddable":true,"href":"https:\/\/www.europesays.com\/no\/wp-json\/wp\/v2\/users\/2"}],"replies":[{"embeddable":true,"href":"https:\/\/www.europesays.com\/no\/wp-json\/wp\/v2\/comments?post=42562"}],"version-history":[{"count":0,"href":"https:\/\/www.europesays.com\/no\/wp-json\/wp\/v2\/posts\/42562\/revisions"}],"wp:featuredmedia":[{"embeddable":true,"href":"https:\/\/www.europesays.com\/no\/wp-json\/wp\/v2\/media\/42563"}],"wp:attachment":[{"href":"https:\/\/www.europesays.com\/no\/wp-json\/wp\/v2\/media?parent=42562"}],"wp:term":[{"taxonomy":"category","embeddable":true,"href":"https:\/\/www.europesays.com\/no\/wp-json\/wp\/v2\/categories?post=42562"},{"taxonomy":"post_tag","embeddable":true,"href":"https:\/\/www.europesays.com\/no\/wp-json\/wp\/v2\/tags?post=42562"}],"curies":[{"name":"wp","href":"https:\/\/api.w.org\/{rel}","templated":true}]}}