{"id":42611,"date":"2025-09-23T04:25:12","date_gmt":"2025-09-23T04:25:12","guid":{"rendered":"https:\/\/www.europesays.com\/no\/42611\/"},"modified":"2025-09-23T04:25:12","modified_gmt":"2025-09-23T04:25:12","slug":"6-av-11-landslagsspillere-utenfor-startellever-i-klubben","status":"publish","type":"post","link":"https:\/\/www.europesays.com\/no\/42611\/","title":{"rendered":"6 av 11 landslagsspillere utenfor startellever i klubben"},"content":{"rendered":"\n<p class=\"_lead_ew2ao_2 _lead_xtcu6_50 layout-component text-serif-m layout-normal text-serif-l layout-component layout-wide layout-padded _wide_17hqh_1 layout-padded\">Erling Braut Haaland (25) leverer p\u00e5 banen, men for \u00abhalve landslaget\u00bb b\u00f8d helgen p\u00e5 tr\u00f8bbel i spilletiden. <\/p>\n<p><img alt=\"M\u00c5LFEST-LAGET: Disse startet i 11\u20131-kampene mot Moldova. Bra fra venstre Erling Braut Haaland, \u00d8rjan Nyland, Torbj\u00f8rn Heggem, Sander Berge, Alexander S\u00f8rloth og Kristoffer Ajer. Foran: Julian Ryerson, Antonio Nusa, Felix Horn Myhre, David M\u00f8ller Wolfe og Martin \u00d8degaard  Foto: Cornelius Poppe \/ NTB\" class=\"_image_qp4xg_65 layout-component layout-wide\" data-fullscreen- data-track-element-type=\"Article image fullscreen\" data-track-name=\"ImageFullscreen\" fetchpriority=\"high\" decoding=\"sync\" loading=\"eager\" height=\"5760\" itemprop=\"image\"  src=\"https:\/\/www.europesays.com\/no\/wp-content\/uploads\/2025\/09\/5ca02414-76ea-427a-ba43-413759fca726\"  style=\"object-position:0% 0%\" width=\"8640\"\/>M\u00c5LFEST-LAGET: Disse startet i 11\u20131-kampene mot Moldova. Bra fra venstre Erling Braut Haaland, \u00d8rjan Nyland, Torbj\u00f8rn Heggem, Sander Berge, Alexander S\u00f8rloth og Kristoffer Ajer. Foran: Julian Ryerson, Antonio Nusa, Felix Horn Myhre, David M\u00f8ller Wolfe og Martin \u00d8degaard  Foto: Cornelius Poppe \/ NTB<\/p>\n<ul aria-hidden=\"true\" class=\"_images_1y6fe_106\">\n<li><a class=\"_link_1y6fe_111\" href=\"https:\/\/www.vg.no\/forfatter\/oeyvind-herrebroeden\" style=\"z-index:1\" title=\"\u00d8yvind Herrebr\u00f8den\" rel=\"nofollow noopener\" target=\"_blank\"><img alt=\"Bilde av \u00d8yvind Herrebr\u00f8den\" class=\"_image_1y6fe_88\" fetchpriority=\"low\" loading=\"lazy\" decoding=\"async\" itemprop=\"image\"  src=\"https:\/\/www.europesays.com\/no\/wp-content\/uploads\/2025\/09\/1758601509_550_8bb7c2c0-7083-4b77-a732-7b476449021f\"  width=\"480\"\/><\/a><\/li>\n<\/ul>\n<p> Oppdatert tirsdag 23. september kl. 05:57    <\/p>\n<ul class=\"_list_ew2ao_3 _list_64s2r_85 _unordered_ew2ao_99 text-sans-m\">\n<li class=\"_item_ew2ao_30\">Norge m\u00f8ter Israel 11. oktober, men \u00abhalve landslaget\u00bb sliter med spilletid.<\/li>\n<li class=\"_item_ew2ao_30\">Haaland scoret for City, men har ryggtr\u00f8bbel.<\/li>\n<li class=\"_item_ew2ao_30\">Nyland har mistet plassen i Sevilla, \u00d8degaard og Nusa er skadet, og S\u00f8rloth er i karantene etter r\u00f8dt kort.<\/li>\n<li class=\"_item_ew2ao_30\">Berge og Ryerson spiller fast, mens Ajer, \u00d8stig\u00e5rd og Bobb f\u00e5r f\u00e6rre minutter.<\/li>\n<\/ul>\n<p>Vis mer <\/p>\n<p class=\"_paragraph_ew2ao_4 _paragraph_xtcu6_10 layout-component text-serif-m layout-normal text-serif-m layout-padded\">Neste viktige landskamp er kvalikmatchen mot Israel l\u00f8rdag 11. oktober p\u00e5 Ullevaal stadion.<\/p>\n<p class=\"_paragraph_ew2ao_4 _paragraph_xtcu6_10 layout-component text-serif-m layout-normal text-serif-m layout-padded\">N\u00e5 er det g\u00e5tt to uker siden 11\u20131-triumfen mot Moldova, der landslagssjef St\u00e5le Solbakken hadde en tiln\u00e6rmet skadefri tropp \u00e5 kunne plukke ut elleveren fra. Flere ting endret seg. <\/p>\n<p class=\"_paragraph_ew2ao_4 _paragraph_xtcu6_10 layout-component text-serif-m layout-normal text-serif-m layout-padded\">Men for \u00e5 begynne med de gode nyhetene for landslagssjefen: <\/p>\n<ul class=\"_list_ew2ao_3 _list_xtcu6_9 _unordered_ew2ao_99 layout-component text-serif-m layout-normal text-serif-m layout-padded\">\n<li class=\"_item_ew2ao_30\"><strong class=\"_strong_ew2ao_25\">Erling Braut Haaland<\/strong> scoret igjen for City i storoppgj\u00f8ret mot Arsenal, men etter kampen avsl\u00f8rte Pep Guardiola at nordmannen hadde ryggtr\u00f8bbel. Haaland ble byttet ut et kvarter f\u00f8r ordin\u00e6r tid.<\/li>\n<\/ul>\n<ul class=\"_list_ew2ao_3 _list_xtcu6_9 _unordered_ew2ao_99 layout-component text-serif-m layout-normal text-serif-m layout-padded\">\n<li class=\"_item_ew2ao_30\">I samme liga klokket <strong class=\"_strong_ew2ao_25\">Sander Berge<\/strong> inn 90 minutter p\u00e5 Fulhams midtbane og har to av to mulige starter i Premier League etter landskampene.<\/li>\n<li class=\"_item_ew2ao_30\">L\u00f8rdag var <strong class=\"_strong_ew2ao_25\">Kristoffer Vassbakk Ajer <\/strong>og Brentford motstander. I Fulhams 3\u20131-seier fikk midtstopperen de siste 17 minuttene pluss overtid i et innhopp.<br \/>I midtuken startet han ligacupkampen mot Aston Villa og ble byttet ut etter 52 minutter. Fasiten hans siden Moldova-matchen er tre kamper \u2013 to innhopp og \u00e9n start.<\/li>\n<\/ul>\n<p><img decoding=\"async\" alt=\"Bilde av Kristoffer Vassbakk Ajer\" class=\"_image_ygndg_42\" height=\"27\" itemprop=\"image\" loading=\"lazy\"  src=\"https:\/\/www.europesays.com\/no\/wp-content\/uploads\/2025\/09\/ef3db5f1-e486-4bdf-a2c3-13f51649ce55\"  width=\"40\"\/><strong class=\"_name_ygndg_51 title-serif-xs\">Kristoffer Vassbakk Ajer<\/strong><\/p>\n<p class=\"_paragraph_ew2ao_4 text-sans-m _description_ygndg_56\">Brentford<\/p>\n<ul class=\"_list_ew2ao_3 _list_xtcu6_9 _unordered_ew2ao_99 layout-component text-serif-m layout-normal text-serif-m layout-padded\">\n<li class=\"_item_ew2ao_30\">En annen midtstopper, Genoa-spiller <strong class=\"_strong_ew2ao_25\">Leo Skiri \u00d8stig\u00e5rd<\/strong> startet i 1\u20132-tapet for Bologna. Rett f\u00f8r pause skallet han med Bologna-spiller Castro p\u00e5 en corner. \u00d8stig\u00e5rd gikk ned og ble liggende. <\/li>\n<\/ul>\n<p class=\"_paragraph_ew2ao_4 _paragraph_xtcu6_10 layout-component text-serif-m layout-normal text-serif-m layout-padded\">Etterhvert forlot han banen for egen maskin, kom p\u00e5 igjen og fullf\u00f8rte overtidsminuttene p\u00e5 stopperplass. Da lagene gikk til pause var han borte hos en i st\u00f8tteapparatet. S\u00e5 ble han byttet ut halvveis. <\/p>\n<p><img decoding=\"async\" alt=\"Bilde av Leo Skiri \u00d8stig\u00e5rd\" class=\"_image_ygndg_42\" height=\"27\" itemprop=\"image\" loading=\"lazy\"  src=\"https:\/\/www.europesays.com\/no\/wp-content\/uploads\/2025\/09\/a5e02801-ad0c-419c-97d2-9d6e1513c5a7\"  width=\"40\"\/><strong class=\"_name_ygndg_51 title-serif-xs\">Leo Skiri \u00d8stig\u00e5rd<\/strong><\/p>\n<p class=\"_paragraph_ew2ao_4 text-sans-m _description_ygndg_56\">Genoa<\/p>\n<ul class=\"_list_ew2ao_3 _list_xtcu6_9 _unordered_ew2ao_99 layout-component text-serif-m layout-normal text-serif-m layout-padded\">\n<li class=\"_item_ew2ao_30\">Samme kamp startet <strong class=\"_strong_ew2ao_25\">Torbj\u00f8rn Heggem<\/strong> for Bologna. Han ble byttet ut fem minutter f\u00f8r ordin\u00e6r tid. <\/li>\n<li class=\"_item_ew2ao_30\">Ogs\u00e5 evighetsmaskinen <strong class=\"_strong_ew2ao_25\">Julian Ryerson<\/strong> er p\u00e5 banen i Borussia Dortmund. Han startet som vingback mot Wolfsburg i helgen og har startet tre av tre kamper for den tyske serietoeren siden landskampene.<\/li>\n<\/ul>\n<p><img decoding=\"async\" alt=\"Bilde av Julian Ryerson\" class=\"_image_ygndg_42\" height=\"50\" itemprop=\"image\" loading=\"lazy\"  src=\"https:\/\/www.europesays.com\/no\/wp-content\/uploads\/2025\/09\/3cc3c7d5-ef8a-4b19-9ab9-067fab63b64e\"  width=\"40\"\/><strong class=\"_name_ygndg_51 title-serif-xs\">Julian Ryerson<\/strong><\/p>\n<p class=\"_paragraph_ew2ao_4 text-sans-m _description_ygndg_56\">Borussia Dortmund<\/p>\n<ul class=\"_list_ew2ao_3 _list_xtcu6_9 _unordered_ew2ao_99 layout-component text-serif-m layout-normal text-serif-m layout-padded\">\n<li class=\"_item_ew2ao_30\">P\u00e5 motsatt side har venstreback<strong class=\"_strong_ew2ao_25\"> David M\u00f8ller Wolfe<\/strong> hverken v\u00e6rt p\u00e5 banen eller benken i de to Premier League-kampene Wolves har spilt etter landskampene.<\/li>\n<\/ul>\n<ul class=\"_list_ew2ao_3 _list_xtcu6_9 _unordered_ew2ao_99 layout-component text-serif-m layout-normal text-serif-m layout-padded\">\n<li class=\"_item_ew2ao_30\">Men det kanskje st\u00f8rste faresignalet er i Sevilla: Solbakkens foretrukne keepervalg <strong class=\"_strong_ew2ao_25\">\u00d8rjan H\u00e5skjold Nyland<\/strong> var p\u00e5 benken i La Liga-kampen mot Alav\u00e9s. <br \/>Odysseas Vlachodimos ble hentet inn fra Newcastle rett f\u00f8r overgangsvinduet stengte tidligere denne m\u00e5neden og kapret plassen denne serierunden.<\/li>\n<\/ul>\n<p><img decoding=\"async\" alt=\"Bilde av \u00d8rjan H\u00e5skjold Nyland\" class=\"_image_ygndg_42\" height=\"27\" itemprop=\"image\" loading=\"lazy\"  src=\"https:\/\/www.europesays.com\/no\/wp-content\/uploads\/2025\/09\/bdce996f-784e-4291-aa5a-841ac04dad33\"  width=\"40\"\/><strong class=\"_name_ygndg_51 title-serif-xs\">\u00d8rjan H\u00e5skjold Nyland<\/strong><\/p>\n<p class=\"_paragraph_ew2ao_4 text-sans-m _description_ygndg_56\">Sevilla<\/p>\n<ul class=\"_list_ew2ao_3 _list_xtcu6_9 _unordered_ew2ao_99 layout-component text-serif-m layout-normal text-serif-m layout-padded\">\n<li class=\"_item_ew2ao_30\"><strong class=\"_strong_ew2ao_25\">Alexander S\u00f8rloth<\/strong> fikk bare ti minutter p\u00e5 banen for Atl\u00e9tico denne helgen etter \u00e5 ha blitt vist det r\u00f8de kortet i ligakampen mot Mallorca.<br \/>Spissen kom til siste landslagssamling med to kamper fra start i forkant. Etter landskampene har derimot tre av tre arbeidsskift v\u00e6rt fra benken. Og n\u00e5 venter karantene.<\/li>\n<\/ul>\n<p><img decoding=\"async\" alt=\"Bilde av Alexander S\u00f8rloth\" class=\"_image_ygndg_42\" height=\"50\" itemprop=\"image\" loading=\"lazy\"  src=\"https:\/\/www.europesays.com\/no\/wp-content\/uploads\/2025\/09\/92cb0d6b-6ae3-4d90-a50e-4214f3ade9ec\"  width=\"40\"\/><strong class=\"_name_ygndg_51 title-serif-xs\">Alexander S\u00f8rloth<\/strong><\/p>\n<p class=\"_paragraph_ew2ao_4 text-sans-m _description_ygndg_56\">Atl\u00e9tico Madrid<\/p>\n<p class=\"_paragraph_ew2ao_4 _paragraph_xtcu6_10 layout-component text-serif-m layout-normal text-serif-m layout-padded\">Frav\u00e6ret til to av Solbakkens offensive n\u00f8kkelspillere var mer ventet f\u00f8r denne runden. <\/p>\n<ul class=\"_list_ew2ao_3 _list_xtcu6_9 _unordered_ew2ao_99 layout-component text-serif-m layout-normal text-serif-m layout-padded\">\n<li class=\"_item_ew2ao_30\"><strong class=\"_strong_ew2ao_25\">Martin \u00d8degaard<\/strong> har slitt med en skulderskade f\u00f8r og etter landskampene og var ikke i troppen mot Haalands Manchester City (1\u20131). <\/li>\n<li class=\"_item_ew2ao_30\">Vingen <strong class=\"_strong_ew2ao_25\">Antonio Nusas<\/strong> armbrudd holdt ham utenfor helgens Bundesliga-kamp mot K\u00f6ln, men if\u00f8lge landslagslege Ola Sand er planen at han returnerer til vanlig fotballtrening denne uken.<\/li>\n<\/ul>\n<p><img decoding=\"async\" alt=\"Bilde av Antonio Nusa\" class=\"_image_ygndg_42\" height=\"27\" itemprop=\"image\" loading=\"lazy\"  src=\"https:\/\/www.europesays.com\/no\/wp-content\/uploads\/2025\/09\/52931700-121d-45e3-83ef-885c7b9142c4\"  width=\"40\"\/><strong class=\"_name_ygndg_51 title-serif-xs\">Antonio Nusa<\/strong><\/p>\n<p class=\"_paragraph_ew2ao_4 text-sans-m _description_ygndg_56\">RB Leipzig<\/p>\n<ul class=\"_list_ew2ao_3 _list_xtcu6_9 _unordered_ew2ao_99 layout-component text-serif-m layout-normal text-serif-m layout-padded\">\n<li class=\"_item_ew2ao_30\"><strong class=\"_strong_ew2ao_25\">Oscar Bobb<\/strong> ble sittende p\u00e5 benken for Manchester City hele kampen mot Arsenal i Premier League. I de to \u00f8vrige matchene etter landslagssamlingen har han f\u00e5tt to innhopp. Onsdag denne uken spiller City ligacup mot Huddersfield.<\/li>\n<\/ul>\n<p class=\"_paragraph_ew2ao_4 _paragraph_xtcu6_10 layout-component text-serif-m layout-normal text-serif-m layout-padded\">De \u00f8vrige midtbanespillerne som var i aksjon mot Moldova f\u00e5r jevnt og trutt med spilletid: <\/p>\n<ul class=\"_list_ew2ao_3 _list_xtcu6_9 _unordered_ew2ao_99 layout-component text-serif-m layout-normal text-serif-m layout-padded\">\n<li class=\"_item_ew2ao_30\"><strong class=\"_strong_ew2ao_25\">Felix Horn Myhre <\/strong>spilte hele kampen for Brann i 3\u20130-seieren mot Sandefjord i helgen. Bergen blir republikk f\u00f8r Brann setter denne mannen p\u00e5 benken av sportslige \u00e5rsaker.<\/li>\n<li class=\"_item_ew2ao_30\"><strong class=\"_strong_ew2ao_25\">Thelo Aasgaard<\/strong> har spilt 90 minutter i begge av Rangers\u2019 to kamper siden firem\u00e5lsshowet mot Moldova. De bl\u00e5 fra den skotske fotballhovedstaden har startet med fire uavgjorte og ett tap s\u00e5 langt, men vant helgens ligacuprunde.<\/li>\n<\/ul>\n<p><img decoding=\"async\" alt=\"Bilde av Thelo Aasgaard\" class=\"_image_ygndg_42\" height=\"27\" itemprop=\"image\" loading=\"lazy\"  src=\"https:\/\/www.europesays.com\/no\/wp-content\/uploads\/2025\/09\/55b01ee7-f25c-4928-89ad-fdb3ec8147bc\"  width=\"40\"\/><strong class=\"_name_ygndg_51 title-serif-xs\">Thelo Aasgaard<\/strong><\/p>\n<p class=\"_paragraph_ew2ao_4 text-sans-m _description_ygndg_56\">Rangers<\/p>\n<ul class=\"_list_ew2ao_3 _list_xtcu6_9 _unordered_ew2ao_99 layout-component text-serif-m layout-normal text-serif-m layout-padded\">\n<li class=\"_item_ew2ao_30\"><strong class=\"_strong_ew2ao_25\">Andreas Schjelderup<\/strong> har v\u00e6rt p\u00e5 banen i tre av tre kamper for Benfica etter Moldova-matchen, inkludert en start i Champions League mot Karabakh.<\/li>\n<li class=\"_item_ew2ao_30\">Vi tar med spissen <strong class=\"_strong_ew2ao_25\">Aune Heggeb\u00f8<\/strong> ogs\u00e5 \u2013 som fikk noen sekunder p\u00e5 banen i A-landslagsdebuten mot Moldova. Han har startet to av to mulige kamper for West Bromwich i Championship og scoret denne runden:<\/li>\n<\/ul>\n<p class=\"_paragraph_ew2ao_4 _paragraph_xtcu6_10 layout-component text-serif-m layout-normal text-serif-m layout-padded\">Uavhengig av skader, formsvikt og annet: Her kan du regne mulighetene for hvordan Norge vinner gruppen og tar seg til fotball-VM:<\/p>\n","protected":false},"excerpt":{"rendered":"Erling Braut Haaland (25) leverer p\u00e5 banen, men for \u00abhalve landslaget\u00bb b\u00f8d helgen p\u00e5 tr\u00f8bbel i spilletiden. M\u00c5LFEST-LAGET:&hellip;\n","protected":false},"author":2,"featured_media":42612,"comment_status":"","ping_status":"","sticky":false,"template":"","format":"standard","meta":{"footnotes":""},"categories":[59],"tags":[3163,30,28,29,83,82,1387],"class_list":{"0":"post-42611","1":"post","2":"type-post","3":"status-publish","4":"format-standard","5":"has-post-thumbnail","7":"category-sport","8":"tag-herrelandslaget-fotball","9":"tag-no","10":"tag-norge","11":"tag-norway","12":"tag-sport","13":"tag-sports","14":"tag-stale-solbakken"},"share_on_mastodon":{"url":"","error":""},"_links":{"self":[{"href":"https:\/\/www.europesays.com\/no\/wp-json\/wp\/v2\/posts\/42611","targetHints":{"allow":["GET"]}}],"collection":[{"href":"https:\/\/www.europesays.com\/no\/wp-json\/wp\/v2\/posts"}],"about":[{"href":"https:\/\/www.europesays.com\/no\/wp-json\/wp\/v2\/types\/post"}],"author":[{"embeddable":true,"href":"https:\/\/www.europesays.com\/no\/wp-json\/wp\/v2\/users\/2"}],"replies":[{"embeddable":true,"href":"https:\/\/www.europesays.com\/no\/wp-json\/wp\/v2\/comments?post=42611"}],"version-history":[{"count":0,"href":"https:\/\/www.europesays.com\/no\/wp-json\/wp\/v2\/posts\/42611\/revisions"}],"wp:featuredmedia":[{"embeddable":true,"href":"https:\/\/www.europesays.com\/no\/wp-json\/wp\/v2\/media\/42612"}],"wp:attachment":[{"href":"https:\/\/www.europesays.com\/no\/wp-json\/wp\/v2\/media?parent=42611"}],"wp:term":[{"taxonomy":"category","embeddable":true,"href":"https:\/\/www.europesays.com\/no\/wp-json\/wp\/v2\/categories?post=42611"},{"taxonomy":"post_tag","embeddable":true,"href":"https:\/\/www.europesays.com\/no\/wp-json\/wp\/v2\/tags?post=42611"}],"curies":[{"name":"wp","href":"https:\/\/api.w.org\/{rel}","templated":true}]}}