{"id":42621,"date":"2025-09-23T04:40:11","date_gmt":"2025-09-23T04:40:11","guid":{"rendered":"https:\/\/www.europesays.com\/no\/42621\/"},"modified":"2025-09-23T04:40:11","modified_gmt":"2025-09-23T04:40:11","slug":"sport-nord-aurdal-geir-endre-43-og-jostein-38-er-eksempler-pa-at-det-gar-an-a-lope-fort-lenge-avisa-valdres","status":"publish","type":"post","link":"https:\/\/www.europesays.com\/no\/42621\/","title":{"rendered":"Sport, Nord-Aurdal | Geir Endre (43) og Jostein (38) er eksempler p\u00e5 at det g\u00e5r an \u00e5 l\u00f8pe fort lenge &#8211; Avisa Valdres"},"content":{"rendered":"<ol>\n<li><a href=\"https:\/\/news.google.com\/rss\/articles\/CBMiuwFBVV95cUxQbTg4N0hPRGFXdUVNWEFPc1VDNTV1aER2MTlSMHVHY2Q1dG9lUER0cmFKeE1vanhucWdXcXlySTZ2NmxFMUd6Z1Y2bGtfREc2SzNpbDN0cVl4OW5wZVVTM183cFhRaXBKTVpONGZER280cGFBZTBQODRUSEdBQ1F3czNmYlFYYWVYdGNiLVBFN0dRU0laZVpyaldGbmJTT3JWVnktb2ZBczVCMnVVMUZGRUxaTzUtZG5xdzBr?oc=5\" target=\"_blank\" rel=\"nofollow noopener\">Sport, Nord-Aurdal | Geir Endre (43) og Jostein (38) er eksempler p\u00e5 at det g\u00e5r an \u00e5 l\u00f8pe fort lenge<\/a>&nbsp;&nbsp;Avisa Valdres<\/li>\n<li><a href=\"https:\/\/news.google.com\/rss\/articles\/CBMilgFBVV95cUxOUzJ1X2c5NUxscWNvY1UtMUJpTktVQllwVzVCRUJhM05qNUdOSm5pMXppZC1DeVl4WDdMUk1FbjlSWjY2MVVYUXF1NTRjaXp5bmFmSTNuQ0llSzlKcnNtUkJjdnlETHN3aUFXa0RXVkczb1hvbVRqYy1uOTdrcGpNdmRzakkyUVVPd2NDWVcteW1oR1Uxa1E?oc=5\" target=\"_blank\" rel=\"nofollow noopener\">Fullf\u00f8rte sitt tiende Berlin Maraton: \u2013 Et privilegium<\/a>&nbsp;&nbsp;lister24.no<\/li>\n<li><a href=\"https:\/\/news.google.com\/rss\/articles\/CBMipAFBVV95cUxOZlJfOTc5cjhEdm5JdTZiT1hUaXpZVTloVUNoUmtKNDJLVWtJbGxqMXFEYUVVMk9tSXRhOXVCdjBrVDRxYTJJSFB0RE5IcGM4ZXh4X0t4eXBNTjBPeGVUbGM3OFI0LUlNZ3VRTk8zejdiQzFnZlU4aURNLXhyYi16aW5WRU9rMklJU2ZkYXBKN0t3QzNvSVZZczA3MjFUeC1KVERCeg?oc=5\" target=\"_blank\" rel=\"nofollow noopener\">(+) Ragnhild Hauk\u00e5en og Erik Lom\u00e5s ble beste norske i Berlin Marathon<\/a>&nbsp;&nbsp;Kondis<\/li>\n<li><a href=\"https:\/\/news.google.com\/rss\/articles\/CBMimAFBVV95cUxPTlA5c01jUTdRcW5WZVB2Z2tvcG1OOU55eUdNaUpMYXdpNEo4WjgxM0hielNyY0lERW02QU5rVkxGVU4wcXQ2Slo5SnlDRjFfUjRKc0tQaGhfUU1HMTRwX2ctWHBGMG9IMExRdmxYZUhFRFoxNkFEOE9xd3RQX0RNaGdlRXBzVGpDeDdQRFVzVlJuOWZqMmlycA?oc=5\" target=\"_blank\" rel=\"nofollow noopener\">Berlin Marathon, L\u00f8ping | Varmen knuste Berlin-dr\u00f8mmen: \u2013 Det var makspuls hele veien<\/a>&nbsp;&nbsp;Bod\u00f8 Nu<\/li>\n<li><a href=\"https:\/\/news.google.com\/rss\/articles\/CBMihgFBVV95cUxPX0hlREVzSlZsYU0wUVdfX2g4c2M3N0thUENTVnc4NmhnNjJpTkR1ZENkdDNsRzVaS1d6cGdLV3dBM0R5cV9wQVVaZGkxNGdFekZGSGx3ajlWMEJfTVNhUmVJY19xdi1MSUZsMTVQY3ZLTGNGMzV2d1IxMklweHBJenQ3NU5kZw?oc=5\" target=\"_blank\" rel=\"nofollow noopener\">Slik gjekk det i Berlin Marathon<\/a>&nbsp;&nbsp;bygdebladet.com<\/li>\n<\/ol>\n","protected":false},"excerpt":{"rendered":"Sport, Nord-Aurdal | Geir Endre (43) og Jostein (38) er eksempler p\u00e5 at det g\u00e5r an \u00e5 l\u00f8pe&hellip;\n","protected":false},"author":2,"featured_media":42622,"comment_status":"","ping_status":"","sticky":false,"template":"","format":"standard","meta":{"footnotes":""},"categories":[59],"tags":[30,28,29,83,82],"class_list":{"0":"post-42621","1":"post","2":"type-post","3":"status-publish","4":"format-standard","5":"has-post-thumbnail","7":"category-sport","8":"tag-no","9":"tag-norge","10":"tag-norway","11":"tag-sport","12":"tag-sports"},"share_on_mastodon":{"url":"","error":""},"_links":{"self":[{"href":"https:\/\/www.europesays.com\/no\/wp-json\/wp\/v2\/posts\/42621","targetHints":{"allow":["GET"]}}],"collection":[{"href":"https:\/\/www.europesays.com\/no\/wp-json\/wp\/v2\/posts"}],"about":[{"href":"https:\/\/www.europesays.com\/no\/wp-json\/wp\/v2\/types\/post"}],"author":[{"embeddable":true,"href":"https:\/\/www.europesays.com\/no\/wp-json\/wp\/v2\/users\/2"}],"replies":[{"embeddable":true,"href":"https:\/\/www.europesays.com\/no\/wp-json\/wp\/v2\/comments?post=42621"}],"version-history":[{"count":0,"href":"https:\/\/www.europesays.com\/no\/wp-json\/wp\/v2\/posts\/42621\/revisions"}],"wp:featuredmedia":[{"embeddable":true,"href":"https:\/\/www.europesays.com\/no\/wp-json\/wp\/v2\/media\/42622"}],"wp:attachment":[{"href":"https:\/\/www.europesays.com\/no\/wp-json\/wp\/v2\/media?parent=42621"}],"wp:term":[{"taxonomy":"category","embeddable":true,"href":"https:\/\/www.europesays.com\/no\/wp-json\/wp\/v2\/categories?post=42621"},{"taxonomy":"post_tag","embeddable":true,"href":"https:\/\/www.europesays.com\/no\/wp-json\/wp\/v2\/tags?post=42621"}],"curies":[{"name":"wp","href":"https:\/\/api.w.org\/{rel}","templated":true}]}}