{"id":42631,"date":"2025-09-23T05:07:23","date_gmt":"2025-09-23T05:07:23","guid":{"rendered":"https:\/\/www.europesays.com\/no\/42631\/"},"modified":"2025-09-23T05:07:23","modified_gmt":"2025-09-23T05:07:23","slug":"de-redder-norge-2","status":"publish","type":"post","link":"https:\/\/www.europesays.com\/no\/42631\/","title":{"rendered":"De redder Norge"},"content":{"rendered":"<p class=\"kicker \" style=\"\">Friidretts-VM<\/p>\n<p>  Glem de tapte medaljene. Disse jentene er viktigst uansett.<\/p>\n<p>\n    FORANDRER ALT: Et VM med Norge p\u00e5 6.plass i finalen p\u00e5 4&#215;400 meter, overg\u00e5r alle tapte medaljer for norsk friidrett. Suksessen med Josefine Tomine Eriksen Aks, Amalie Iuel, Lakeri Ertzgaard og Henriette J\u00e6ger er det st\u00f8rste som kan skje for friidrettsmilj\u00f8et Norge rundt. FOTO: Heiko Junger\/NTB.\n  <\/p>\n<p>ETTER\u00a0en s\u00f8ndags morgen der alt <a href=\"https:\/\/www.dagbladet.no\/sport\/alt-rakner-for-norge\/83622253\" rel=\"nofollow noopener\" target=\"_blank\">s\u00e5 ut til \u00e5 rakne<\/a> for norsk friidrett, gjelder det \u00e5 skj\u00f8nne hva som virkelig betyr noe i denne sporten for oss.<\/p>\n<p>Selvsagt er det nitrist n\u00e5r den flotte idrettsgutten Sander Skotheim <a href=\"https:\/\/www.dagbladet.no\/sport\/vet-ikke-hva-som-skjer\/83622179\" rel=\"nofollow noopener\" target=\"_blank\">smeller i hekken<\/a> og blir disket fra et mulig gull i 10-kamp.<\/p>\n<p>Eller n\u00e5r trygge Karsten Warholm plutselig gj\u00f8r en <a href=\"https:\/\/www.dagbladet.no\/sport\/sjokkerte-kjaeresten\/83615221\" rel=\"nofollow noopener\" target=\"_blank\">sjokkerende<\/a> tidlig feil, og er ute av det som skulle bli tidenes beste finale p\u00e5 400 meter hekk.<\/p>\n<p>Pluss p\u00e5 med en skadepreget Jakob Ingebrigtsens totale miss p\u00e5 1500- meter forleden og kreftene som forsvant i spurten p\u00e5 5000-meter-finalen i dag, Narve Gilje Nord\u00e5s tr\u00f8bbel med \u00e5 f\u00e5 ut sitt beste og olympiamester Markus Rooth p\u00e5 krykker hjemme, s\u00e5 har du bildet av den komplette VM-fiaskoen 2025.<\/p>\n<p>Det mesterskapet som skulle bli det beste noensinne for en norsk friidrett, ble alts\u00e5 tilsynelatende det verste p\u00e5 mange \u00e5r.<\/p>\n<p>Hvis du lar deg blende av medaljer.<\/p>\n<p>S\u00c5 n\u00e6rsynt trenger ikke sportssjef Erlend Slokvik \u00e5 v\u00e6re n\u00e5r friidrettslederne i ettermiddag skal oppsummere Tokyo-VM 2025. Selv om skuffelsene har st\u00e5tt i k\u00f8 for de norske stjernene, overskygger egentlig kvinnelagets 6.plass i VM-finalen p\u00e5 4&#215;400 meter all motgangen:<\/p>\n<p>Over tid er Amalie Iuel og jentegjengen hennes det absolutt viktigste for friidrettsmilj\u00f8et Norge rundt.<\/p>\n<p>Deres prestasjon med \u00e5\u00a0 sette norsk rekord i VM-finalen, er noe av det st\u00f8rste som har skjedd for denne sporten v\u00e5r.<\/p>\n<p>Og mye st\u00f8rre enn enda flere medaljer fra de norske verdensstjernene Jakob Ingebrigtsen og Karsten Warholm.<\/p>\n<p>Da blir det bare tull \u00e5 kritisere Norge for svak VM-innsats.<\/p>\n<p>    <a itemprop=\"url\" href=\"https:\/\/www.dagbladet.no\/sport\/vet-ikke-hva-som-skjer\/83622179\" rel=\"nofollow noopener\" target=\"_blank\"><\/p>\n<p>      <img loading=\"lazy\" decoding=\"async\" src=\"https:\/\/www.europesays.com\/no\/wp-content\/uploads\/2025\/09\/1758604037_819_83622229.webp\" width=\"980\" height=\"441\" title=\"- Vet ikke hva som skjer\" alt=\"\" class=\"lazyload\" style=\"--aspect-ratio-image: 2.22; \"\/><\/p>\n<p>        &#8211; Vet ikke hva som skjer<\/p>\n<p>    <\/a><\/p>\n<p>FOR det \u00e5 f\u00e5 en gruppe med seks norske 400 meter-jenter til det h\u00f8yeste niv\u00e5et i internasjonal friidrett, speiler nettopp disse to verdensstjernenes betydning for norsk friidrett.<\/p>\n<p>Det var de som viste at alt var mulig.<\/p>\n<p>Jakob med \u00e5 revolusjonere tenkningen i et internasjonalt l\u00f8permilj\u00f8 som begynte \u00e5 tro at du m\u00e5tte v\u00e6re afrikaner for \u00e5 hevde deg i verdenstoppen p\u00e5 1500 -og 5000-meter, og Karsten med \u00e5 l\u00f8fte niv\u00e5et p\u00e5 400 meter hekk <a href=\"https:\/\/www.dagbladet.no\/sport\/sjokkerte-kjaeresten\/83615221\" rel=\"nofollow noopener\" target=\"_blank\">til m\u00e5nen<\/a>.<\/p>\n<p>    <a itemprop=\"url\" href=\"https:\/\/www.dagbladet.no\/sport\/alt-rakner-for-norge\/83622253\" rel=\"nofollow noopener\" target=\"_blank\"><\/p>\n<p>      <img loading=\"lazy\" decoding=\"async\" src=\"https:\/\/www.europesays.com\/no\/wp-content\/uploads\/2025\/09\/1758604038_602_83622268.webp\" width=\"980\" height=\"441\" title=\"Alt rakner for Norge\" alt=\"\" class=\"lazyload\" style=\"--aspect-ratio-image: 2.22; \"\/><\/p>\n<p>        Alt rakner for Norge<\/p>\n<p>    <\/a><\/p>\n<p>M\u00c5TEN disse to trente p\u00e5, har forandret treningshverdagen for yngre ut\u00f8vere i vidt forskjellige \u00f8velser. De siste sesongene har det kommet spennende<a href=\"https:\/\/www.nrk.no\/sport\/norsk-friidrettsbragd_-andreas-fjeld-halvorsen-vant-gull-i-junior-vm-1.17023167\" rel=\"nofollow noopener\" target=\"_blank\"> nye norske navn<\/a>, og gitt norsk friidrett en helt annen bredde enn f\u00f8r.<\/p>\n<p>Plutselig var Norge i OL-finale p\u00e5 400 meter b\u00e5de for kvinner og menn, fikk fram flotte stavhoppere og hadde en duo i verdenstoppen i 10-kamp.<\/p>\n<p>Det er blitt stas \u00e5 v\u00e6re god i friidrett. Seinest rett f\u00f8r avreise til VM l\u00f8p en norsk 16-\u00e5ring inn til <a href=\"https:\/\/www.nrk.no\/sport\/norsk-stortalent-med-arsbeste-i-europa-1.17531173\" rel=\"nofollow noopener\" target=\"_blank\">\u00e5rsbeste i Europa<\/a> i klassen under 18, og fikk stor omtale p\u00e5 NRK.\u00a0<\/p>\n<p>    <a itemprop=\"url\" href=\"https:\/\/www.dagbladet.no\/sport\/ma-vaere-noe-i-vannet\/80076282\" rel=\"nofollow noopener\" target=\"_blank\"><\/p>\n<p>      <img loading=\"lazy\" decoding=\"async\" src=\"https:\/\/www.europesays.com\/no\/wp-content\/uploads\/2025\/09\/1758604039_401_80088002.webp\" width=\"980\" height=\"441\" title=\"M\u00e5 v\u00e6re noe i vannet\" alt=\"\" class=\"lazyload\" style=\"--aspect-ratio-image: 2.22; \"\/><\/p>\n<p>        M\u00e5 v\u00e6re noe i vannet<\/p>\n<p>    <\/a><\/p>\n<p>ALT dette skjer i en norsk friidrett som lenge har hatt<a href=\"https:\/\/www.dagbladet.no\/sport\/friidretten-oker-mest\/60674150\" rel=\"nofollow noopener\" target=\"_blank\"> fin rekruttering<\/a> blant barna, og der mosjonsl\u00f8pene Norge rundt n\u00e5 opplever en boom. Ikke rart at sponsorene n\u00e5 <a href=\"https:\/\/www.aftenposten.no\/sport\/i\/wg0Jgn\/friidrettsforbundet-med-gigantavtale-stort-skritt-fremover\" rel=\"nofollow noopener\" target=\"_blank\">str\u00f8mmer friidretten v\u00e5r<\/a>.<\/p>\n<p>Den trenden gir en perfekt timing med dette jentelaget p\u00e5 4&#215;400 meter. Eller som Lakeri Ertzgaard sa om suksessen allerede f\u00f8r denne VM-finalen:<\/p>\n<p>&#8211; Jeg synes den kler oss.<\/p>\n<p>    <a itemprop=\"url\" href=\"https:\/\/www.dagbladet.no\/sport\/sjokkerte-kjaeresten\/83615221\" rel=\"nofollow noopener\" target=\"_blank\"><\/p>\n<p>      <img loading=\"lazy\" decoding=\"async\" src=\"https:\/\/www.europesays.com\/no\/wp-content\/uploads\/2025\/09\/1758604040_189_83618601.webp\" width=\"980\" height=\"441\" title=\"Sjokkerte kj\u00e6resten\" alt=\"\" class=\"lazyload\" style=\"--aspect-ratio-image: 2.22; \"\/><\/p>\n<p>        Sjokkerte kj\u00e6resten<\/p>\n<p>    <\/a><\/p>\n<p>DET er utvilsomt sant. Laget med Ertzgaard, Josefine Tomine Eriksen Aks, Amalie Iuel og Henriette J\u00e6ger viser den avgj\u00f8rende underliggende framgangen i det norske friidrettsmilj\u00f8et p\u00e5 et herlig, avslappet vis:<\/p>\n<p>&#8211; Vi et et raskt lag, et kult lag og vi har sykt mye g\u00f8y sammen, oppsummerer Lakeri stafett-eventyret i Tokyo til NRK.<\/p>\n<p>Det er en friskmelding av hele norsk friidrett midt i skuffelsen over at det ikke ble s\u00e5 mange VM-medaljer som noen hadde regnet med.<\/p>\n<p>JAKOB INGEBRIGTSEN var innom det etter sin 10.plass p\u00e5 5000 meter. Midt i nederlaget var han str\u00e5lende forn\u00f8yd over jobben han har gjort under det lange skadeavbrekket:<\/p>\n<p>&#8211; Verdt \u00e5 v\u00e6re en del av det norske lag. Vi har alle svakheter, og n\u00e5 er de blitt avsl\u00f8rt. Det gj\u00f8r oss bare sterkere. Vi har et fantastisk samhold, sa verdens egentlig beste 5000 meter etter \u00e5 ha blitt fral\u00f8pt p\u00e5 sisterunden i VM-finalen.<\/p>\n<p>Motgangen har gjort han enda mer moden og \u00e5pen for \u00e5 se sitt eget nederlag i en st\u00f8rre sammenheng.<\/p>\n<p>    <a itemprop=\"url\" href=\"https:\/\/www.dagbladet.no\/sport\/sjelden-vi-ser-ham-sann\/83622494\" rel=\"nofollow noopener\" target=\"_blank\"><\/p>\n<p>      <img loading=\"lazy\" decoding=\"async\" src=\"https:\/\/www.europesays.com\/no\/wp-content\/uploads\/2025\/09\/1758604042_193_83622912.webp\" width=\"980\" height=\"441\" title=\"- Sjelden vi ser ham s\u00e5nn\" alt=\"\" class=\"lazyload\" style=\"--aspect-ratio-image: 2.22; \"\/><\/p>\n<p>        &#8211; Sjelden vi ser ham s\u00e5nn<\/p>\n<p>    <\/a><\/p>\n<p>MEDALJETELLING blir ofte toppidrettens tristeste \u00f8velse. Metallet i seg selv forteller jo aldri den menneskelige historien bak resultatet, og skinnet fra gullene kan bedra. Den internasjonale friidretten er ett av de verste eksemplene p\u00e5 det.<\/p>\n<p>Da gjelder det for norsk friidrett \u00e5 l\u00f8fte blikket fra medaljene som glapp i Tokyo. Den motgangen har vidt forskjellige \u00e5rsaker, og forklarer ingen grunnleggende svikt verken i VM-forberedelser eller gjennomf\u00f8ring av mesterskap.<\/p>\n<p>DET som derimot er til \u00e5 skj\u00f8nne er suksessen for et norsk stafettlag med fire ut\u00f8vere og to lojale, st\u00f8ttende reserver.<\/p>\n<p>N\u00e5r du har mamma Unn Merete Lie J\u00e6ger som leder for laget og str\u00e5lende trener for Henriette,\u00a0 Karsten Warholms dyktige hjelper Leif Olav Alnes i kulissene og den sosiale kraften Amalie Iuel som frontfigur, er dette en kraftblanding for norsk friidrett.<\/p>\n<p>Gleden rundt disse stafettjentene, er alene verdt alle medaljene som glapp.<\/p>\n<p>    <a itemprop=\"url\" href=\"https:\/\/www.dagbladet.no\/sport\/norge-til-finale-tross-trobbel\/83620701\" rel=\"nofollow noopener\" target=\"_blank\"><\/p>\n<p>      <img loading=\"lazy\" decoding=\"async\" src=\"https:\/\/www.europesays.com\/no\/wp-content\/uploads\/2025\/09\/1758604043_941_83620802.webp\" width=\"980\" height=\"441\" title=\"Norge til finale - tross tr\u00f8bbel\" alt=\"\" class=\"lazyload\" style=\"--aspect-ratio-image: 2.22; \"\/><\/p>\n<p>        Norge til finale &#8211; tross tr\u00f8bbel<\/p>\n<p>    <\/a><\/p>\n<p>\u00a0<\/p>\n","protected":false},"excerpt":{"rendered":"Friidretts-VM Glem de tapte medaljene. Disse jentene er viktigst uansett. FORANDRER ALT: Et VM med Norge p\u00e5 6.plass&hellip;\n","protected":false},"author":2,"featured_media":41190,"comment_status":"","ping_status":"","sticky":false,"template":"","format":"standard","meta":{"footnotes":""},"categories":[5],"tags":[1669,20,21,24,25,423,1245,15,2042,19,422,6503,2196,266,6502,22,23,17,18,156,2048,13,30,28,29,14,16,3085,83,26,27],"class_list":{"0":"post-42631","1":"post","2":"type-post","3":"status-publish","4":"format-standard","5":"has-post-thumbnail","7":"category-overskrifter","8":"tag-amalie-iuel","9":"tag-breaking-news","10":"tag-breakingnews","11":"tag-featured-news","12":"tag-featurednews","13":"tag-friidrett","14":"tag-friidretts-vm","15":"tag-headlines","16":"tag-henriette-jaeger","17":"tag-hovedoppslag","18":"tag-jakob-ingebrigtsen","19":"tag-josefine-tomine-eriksen-aks","20":"tag-karsten-warholm","21":"tag-kommentar","22":"tag-lakeri-ertzgaard","23":"tag-latest-news","24":"tag-latestnews","25":"tag-main-news","26":"tag-mainnews","27":"tag-meninger","28":"tag-narve-gilje-nordas","29":"tag-news","30":"tag-no","31":"tag-norge","32":"tag-norway","33":"tag-nyheter","34":"tag-overskrifter","35":"tag-sander-skotheim","36":"tag-sport","37":"tag-top-stories","38":"tag-topstories"},"share_on_mastodon":{"url":"","error":""},"_links":{"self":[{"href":"https:\/\/www.europesays.com\/no\/wp-json\/wp\/v2\/posts\/42631","targetHints":{"allow":["GET"]}}],"collection":[{"href":"https:\/\/www.europesays.com\/no\/wp-json\/wp\/v2\/posts"}],"about":[{"href":"https:\/\/www.europesays.com\/no\/wp-json\/wp\/v2\/types\/post"}],"author":[{"embeddable":true,"href":"https:\/\/www.europesays.com\/no\/wp-json\/wp\/v2\/users\/2"}],"replies":[{"embeddable":true,"href":"https:\/\/www.europesays.com\/no\/wp-json\/wp\/v2\/comments?post=42631"}],"version-history":[{"count":0,"href":"https:\/\/www.europesays.com\/no\/wp-json\/wp\/v2\/posts\/42631\/revisions"}],"wp:featuredmedia":[{"embeddable":true,"href":"https:\/\/www.europesays.com\/no\/wp-json\/wp\/v2\/media\/41190"}],"wp:attachment":[{"href":"https:\/\/www.europesays.com\/no\/wp-json\/wp\/v2\/media?parent=42631"}],"wp:term":[{"taxonomy":"category","embeddable":true,"href":"https:\/\/www.europesays.com\/no\/wp-json\/wp\/v2\/categories?post=42631"},{"taxonomy":"post_tag","embeddable":true,"href":"https:\/\/www.europesays.com\/no\/wp-json\/wp\/v2\/tags?post=42631"}],"curies":[{"name":"wp","href":"https:\/\/api.w.org\/{rel}","templated":true}]}}