{"id":42654,"date":"2025-09-23T05:37:20","date_gmt":"2025-09-23T05:37:20","guid":{"rendered":"https:\/\/www.europesays.com\/no\/42654\/"},"modified":"2025-09-23T05:37:20","modified_gmt":"2025-09-23T05:37:20","slug":"dagens-horoskop-for-tirsdag-23-september","status":"publish","type":"post","link":"https:\/\/www.europesays.com\/no\/42654\/","title":{"rendered":"Dagens horoskop for tirsdag 23. september"},"content":{"rendered":"<p>Hver dag vil v\u00e5r astrolog Sol gi deg et innblikk i fremtiden. Er du nysgjerrig p\u00e5 kj\u00e6rlighet, jobb, \u00f8konomi, venner eller kanskje familie? La stjernetegnet ditt vise vei. Pssst, <a href=\"https:\/\/www.kk.no\/horoskop\" rel=\"nofollow noopener\" target=\"_blank\">her finner du v\u00e5rt ukeshoroskop<\/a>.<\/p>\n<p class=\"font-weight-bold m-font-weight-bold\" data-lab-font_weight=\"font-weight-bold\">Nedenfor finner du horoskopet for tirsdag 23. september.<\/p>\n<p>    KKs Astrolog<\/p>\n<ul>\n<li>Sol W. Jonassen (46).<\/li>\n<li>Utdannet Evolusjon\u00e6r Astrolog, Soulflow terapeut og meditasjonsinstrukt\u00f8r.<\/li>\n<li>Har jobbet internasjonalt med \u00e5 holde foredrag og undervise i 20 \u00e5r.<\/li>\n<\/ul>\n<p>      Vis mer<br \/>\n      Vis mindre<\/p>\n<p>V\u00c6REN\t<\/p>\n<p>F\u00f8dt: 21. mars\u201320. april<\/p>\n<p> Du<br \/>\nkan til tider v\u00e6re en smule ut\u00e5lmodig, og det gj\u00f8r deg av og til impulsiv, du<br \/>\ng\u00e5r for det f\u00f8rste og beste uten \u00e5 unders\u00f8ke om det finnes bedre eller<br \/>\nrimeligere alternativer. N\u00e5 som V\u00e6rens planet, Mars, st\u00e5r i et krevende aspekt<br \/>\ntil Pluto, kan sterke begj\u00e6r og f\u00f8lelser vekkes til live. Denne lidenskapelige<br \/>\nkraften m\u00e5 h\u00e5ndteres med en st\u00f8dig h\u00e5nd og tydelig ledelse, s\u00e5 unng\u00e5 \u00e5 handle<br \/>\np\u00e5 impuls, og vent med \u00e5 investere tid eller penger til du har satt deg grundig<br \/>\ninn i sakens kjerne. <\/p>\n<p>    <a itemprop=\"url\" href=\"https:\/\/www.kk.no\/samliv\/jeg-tror-frykten-for-a-velge-feil-partner-er-mye-mer-utbredt-i-dag\/81316132\" rel=\"nofollow noopener\" target=\"_blank\"><\/p>\n<p>      <img loading=\"lazy\" decoding=\"async\" src=\"https:\/\/www.europesays.com\/no\/wp-content\/uploads\/2025\/09\/1758605828_548_81316290.webp\" width=\"980\" height=\"441\" title=\"- Jeg tror frykten for \u00e5 velge feil partner er mye mer utbredt i dag\" alt=\"\" class=\"lazyload\" style=\"--aspect-ratio-image: 2.22; \"\/><\/p>\n<p>        &#8211; Jeg tror frykten for \u00e5 velge feil partner er mye mer utbredt i dag <\/p>\n<p>    <\/a><\/p>\n<p>TYREN\t<\/p>\n<p>F\u00f8dt: 21. april\u201321. mai<\/p>\n<p> Det<br \/>\nbl\u00e5ser en mektig vind gjennom kosmos n\u00e5, ettersom Mars har seilt inn i ditt<br \/>\nmotsatte tegn, Skorpionen og n\u00e5 danner den et intenst aspekt til Pluto,<br \/>\nplaneten for makt og innflytelse, og dette kan vekke sterke f\u00f8lelser til live.<br \/>\nDu, som vanligvis s\u00f8ker fred og fordragelighet, kan overraske deg selv ved \u00e5<br \/>\nv\u00e6re klar til \u00e5 ta en konfrontasjon, koste hva det koste vil. Har begeret v\u00e6rt<br \/>\nfullt en stund, er sjansen stor for at det renner over n\u00e5. Og kanskje er det<br \/>\nnettopp det som trengs. Du f\u00e5r en unik mulighet til \u00e5 si ifra om noe du altfor<br \/>\nlenge har sett gjennom fingrene med. <\/p>\n<p>    <a itemprop=\"url\" href=\"https:\/\/www.kk.no\/samliv\/psykolog-de-lykkeligste-parene-har-greid-a-ta-vare-pa-disse-to-tingene\/78605348\" rel=\"nofollow noopener\" target=\"_blank\"><\/p>\n<p>      <img loading=\"lazy\" decoding=\"async\" src=\"https:\/\/www.europesays.com\/no\/wp-content\/uploads\/2025\/09\/78394878.webp\" width=\"980\" height=\"441\" title=\"Psykolog: - De lykkeligste parene har greid \u00e5 ta vare p\u00e5 disse to tingene\" alt=\"\" class=\"lazyload\" style=\"--aspect-ratio-image: 2.22; \"\/><\/p>\n<p>        Psykolog: &#8211; De lykkeligste parene har greid \u00e5 ta vare p\u00e5 disse to tingene<\/p>\n<p>    <\/a><\/p>\n<p>TVILLINGENE\t<\/p>\n<p>F\u00f8dt: 22. mai\u201321. juni<\/p>\n<p> Noen<br \/>\nganger kan det f\u00f8les som om livets utfordringer er altfor store. Regningene<br \/>\nhoper seg opp, og relasjoner kan bli kompliserte og krevende. Livet er en hard<br \/>\nskole, og akkurat n\u00e5 kan du kjenne p\u00e5 frustrasjonen over at ting ikke alltid<br \/>\ng\u00e5r som du hadde h\u00e5pet. Kanskje trenger du \u00e5 justere forventningene dine, slik<br \/>\nat du ikke legger opp til skuffelse. Det kan ogs\u00e5 v\u00e6re p\u00e5 tide \u00e5 akseptere at<br \/>\nlivet best\u00e5r av b\u00e5de tunge og gode tider, og at ingenting varer evig. Opp- og<br \/>\nnedturene l\u00e6rer deg \u00e5 sette pris p\u00e5 det du har og menneskene du elsker. Hent<br \/>\nstyrken din der. <\/p>\n<p>    <a itemprop=\"url\" href=\"https:\/\/www.kk.no\/mote\/hylles-wow\/83615497\" rel=\"nofollow noopener\" target=\"_blank\"><\/p>\n<p>      <img loading=\"lazy\" decoding=\"async\" src=\"https:\/\/www.europesays.com\/no\/wp-content\/uploads\/2025\/09\/83615673.webp\" width=\"980\" height=\"441\" title=\"Hylles: \u2013 Wow!\" alt=\"\" class=\"lazyload\" style=\"--aspect-ratio-image: 2.22; \"\/><\/p>\n<p>        Hylles: \u2013 Wow!<\/p>\n<p>    <\/a><\/p>\n<p>KREPSEN\t<\/p>\n<p>F\u00f8dt: 22. juni\u201322. juli<\/p>\n<p> Etter<br \/>\n\u00e5 ha ristet av deg frustrasjonen, er motivasjonen tilbake. Du kan v\u00e6re en<br \/>\nkriger n\u00e5r du m\u00e5, og det har du virkelig bevist for deg selv i det siste. N\u00e5<br \/>\nf\u00e5r du bel\u00f8nning for strevet i form av ny giv og lyst til \u00e5 starte p\u00e5 enda en<br \/>\nreise. Har du slurvet med gode rutiner p\u00e5 grunn av lite tid og mye press, vil<br \/>\ndu i dag ha overskudd til \u00e5 ta p\u00e5 deg treningst\u00f8yet eller sette av tid til \u00e5<br \/>\nlage n\u00e6ringsrik mat som smaker godt. F\u00e5r du en spennende mulighet i fanget, si<br \/>\nja. Du lever bare \u00e9n gang, s\u00e5 s\u00f8rg for at det betyr noe. <\/p>\n<p>    <a itemprop=\"url\" href=\"https:\/\/www.kk.no\/kultur\/disse-stjernetegnene-passer-best-sammen\/67984373\" rel=\"nofollow noopener\" target=\"_blank\"><\/p>\n<p>      <img loading=\"lazy\" decoding=\"async\" src=\"https:\/\/www.europesays.com\/no\/wp-content\/uploads\/2025\/09\/1758605831_102_67984383.webp\" width=\"980\" height=\"441\" title=\"Disse stjernetegnene passer best sammen\" alt=\"\" class=\"lazyload\" style=\"--aspect-ratio-image: 2.22; \"\/><\/p>\n<p>        Disse stjernetegnene passer best sammen<\/p>\n<p>    <\/a><\/p>\n<p>L\u00d8VEN\t<\/p>\n<p>F\u00f8dt: 23. juli\u201323. august<\/p>\n<p> Det<br \/>\ner som om du merker at en epoke er i ferd med \u00e5 ta slutt. Selv om du enn\u00e5 ikke<br \/>\nhar f\u00e5tt en klar visjon av hva som kommer, kjenner du at noe nytt r\u00f8rer seg i<br \/>\ndypet. Den fulle forst\u00e5elsen kommer f\u00f8rst til v\u00e5ren, men i mellomtiden er<br \/>\noppgaven din \u00e5 se hva som har g\u00e5tt ut p\u00e5 dato og gjort sitt. Din styrke ligger<br \/>\ni evnen til \u00e5 tilpasse deg nye sesonger, og nettopp der finner du kilden til<br \/>\ndin kreative inspirasjon. P\u00e5 mange m\u00e5ter har du ikke noe valg, livet er<br \/>\nforandring, og n\u00e5 inviteres du til \u00e5 omfavne den. <\/p>\n<p>    <a itemprop=\"url\" href=\"https:\/\/www.kk.no\/horoskop\/hvem-er-du-mest-lik-i-sex-og-singelliv-basert-pa-ditt-stjernetegn\/83611279\" rel=\"nofollow noopener\" target=\"_blank\"><\/p>\n<p>      <img loading=\"lazy\" decoding=\"async\" src=\"https:\/\/www.europesays.com\/no\/wp-content\/uploads\/2025\/09\/83611962.webp\" width=\"980\" height=\"441\" title=\"Hvem er du mest lik i \u00abSex og singelliv\u00bb - basert p\u00e5 ditt stjernetegn?\" alt=\"\" class=\"lazyload\" style=\"--aspect-ratio-image: 2.22; \"\/><\/p>\n<p>        Hvem er du mest lik i \u00abSex og singelliv\u00bb &#8211; basert p\u00e5 ditt stjernetegn?<\/p>\n<p>    <\/a><\/p>\n<p>JOMFRUEN\t<\/p>\n<p>F\u00f8dt: 24. august\u201323. september<\/p>\n<p> Handlingsplaneten<br \/>\nMars har n\u00e5 vandret inn i din sektor for kommunikasjon og danner et intenst<br \/>\naspekt til Pluto, planeten for transformasjon og kraft. Har du lenge g\u00e5tt og<br \/>\nholdt p\u00e5 noe du burde sagt ifra om, men fryktet konsekvensene, vil du n\u00e5 merke<br \/>\nat frykten m\u00e5 vike. Du er klar til \u00e5 kutte gjennom t\u00e5kepratet. N\u00e5 sitter du<br \/>\nikke lenger stille og ser p\u00e5, du sier ifra. Selv om det kan skape litt sure<br \/>\nminer, kan du v\u00e6re lettet over at du endelig tok bladet fra munnen. Du skal<br \/>\nikke b\u00e6re for lenge p\u00e5 det som presser p\u00e5. \u00c5 holde det inne er rett og slett<br \/>\nikke sunt. <\/p>\n<p>    <a itemprop=\"url\" href=\"https:\/\/www.kk.no\/samliv\/ingen-av-oss-har-lyst-pa-sex-lenger\/82548030\" rel=\"nofollow noopener\" target=\"_blank\"><\/p>\n<p>      <img loading=\"lazy\" decoding=\"async\" src=\"https:\/\/www.europesays.com\/no\/wp-content\/uploads\/2025\/09\/82571858.webp\" width=\"980\" height=\"441\" title=\"- Ingen av oss har lyst p\u00e5 sex lenger\" alt=\"\" class=\"lazyload\" style=\"--aspect-ratio-image: 2.22; \"\/><\/p>\n<p>        &#8211; Ingen av oss har lyst p\u00e5 sex lenger<\/p>\n<p>    <\/a><\/p>\n<p>VEKTEN\t<\/p>\n<p>F\u00f8dt: 24. september\u201323. oktober<\/p>\n<p> Du<br \/>\ntrenger \u00e5 f\u00e5 beveget deg, og om du kjenner p\u00e5 en dyp rastl\u00f8shet, ikke vent p\u00e5<br \/>\nat den skal forsvinne \u2013 bruk den til noe. Selv om du ikke er helt overbevist om<br \/>\nhva du vil gj\u00f8re, kan du i det minste v\u00e6re forn\u00f8yd med \u00e5 ha ryddet i en<br \/>\nklesskuff eller sortert sokkene. N\u00e5r det gjelder relasjoner, er det kanskje<br \/>\nikke riktig tid \u00e5 ta opp misn\u00f8ye eller forventninger som skiller seg fra din<br \/>\npartners. Akkurat n\u00e5 er det bedre \u00e5 bli bevisst p\u00e5 forskjellene enn \u00e5 fors\u00f8ke \u00e5<br \/>\nendre den andre. Bruk tiden konstruktivt og ta de kampene som betyr noe. <\/p>\n<p>    <a itemprop=\"url\" href=\"https:\/\/www.kk.no\/underholdning\/vet-ikke-hvordan-jeg-skal-forsvare-oppforselen-min-her\/83613100\" rel=\"nofollow noopener\" target=\"_blank\"><\/p>\n<p>      <img loading=\"lazy\" decoding=\"async\" src=\"https:\/\/www.europesays.com\/no\/wp-content\/uploads\/2025\/09\/83614143.webp\" width=\"980\" height=\"441\" title=\"- Vet ikke hvordan jeg skal forsvare oppf\u00f8rselen min her\" alt=\"\" class=\"lazyload\" style=\"--aspect-ratio-image: 2.22; \"\/><\/p>\n<p>        &#8211; Vet ikke hvordan jeg skal forsvare oppf\u00f8rselen min her<\/p>\n<p>    <\/a><\/p>\n<p>SKORPIONEN\t<\/p>\n<p>F\u00f8dt: 24. oktober\u201322. november<\/p>\n<p> N\u00e5r<br \/>\ndu f\u00f8rst setter i gang med noe, gir du deg ikke f\u00f8r du har gravd deg helt ned<br \/>\ntil bunnen og hentet frem alle detaljene med en detektivs presisjon. Du er f\u00f8dt<br \/>\ntil \u00e5 fokusere, og klarer du samtidig \u00e5 skjerme deg mot distraksjoner, har du<br \/>\nfriheten til \u00e5 utfolde deg fullt og helt kreativt. Som den f\u00f8lsomme sjelen du<br \/>\ner, blir relasjoner sjelden overfladiske. Det betyr ogs\u00e5 at sterke f\u00f8lelser fra<br \/>\ntid til annen kan ta oppmerksomheten bort fra det du egentlig holder p\u00e5 med. I<br \/>\ndag er det viktig \u00e5 ikke la dette g\u00e5 for dypt inn p\u00e5 deg. Du har bedre ting \u00e5<br \/>\nbruke tiden din p\u00e5. <\/p>\n<p>    <a itemprop=\"url\" href=\"https:\/\/www.kk.no\/helse\/jeg-har-fortsatt-a-spise-selv-om-jeg-har-vaert-mett-for-lenge-siden\/83598258\" rel=\"nofollow noopener\" target=\"_blank\"><\/p>\n<p>      <img loading=\"lazy\" decoding=\"async\" src=\"https:\/\/www.europesays.com\/no\/wp-content\/uploads\/2025\/09\/1758605836_932_83606175.webp\" width=\"980\" height=\"441\" title=\"- Jeg har fortsatt \u00e5 spise, selv om jeg har v\u00e6rt mett for lenge siden\" alt=\"\" class=\"lazyload\" style=\"--aspect-ratio-image: 2.22; \"\/><\/p>\n<p>        &#8211; Jeg har fortsatt \u00e5 spise, selv om jeg har v\u00e6rt mett for lenge siden<\/p>\n<p>    <\/a><\/p>\n<p>SKYTTEN<\/p>\n<p>F\u00f8dt: 23. november\u201321. desember<\/p>\n<p> Du<br \/>\nkl\u00f8r etter \u00e5 komme i gang med neste epoke i livet ditt, men du er ikke helt<br \/>\nklar enda og det skal fremdeles noen viktige biter p\u00e5 plass f\u00f8r du kan seile av<br \/>\ng\u00e5rde mot neste m\u00e5l. Du er ikke verdens mest t\u00e5lmodige sjel, kj\u00e6re Skytt, s\u00e5<br \/>\nakkurat n\u00e5 kan rutiner og daglige gj\u00f8rem\u00e5l virke n\u00e6rmest uholdbare, men om du<br \/>\nfinner aksept for at livets magi tar ofte litt tid, kan du lene deg tilbake og<br \/>\nnyte ferden, vel vitende om at n\u00e5r tiden er inne, s\u00e5 vil det komme en<br \/>\nforandring. Fortsett \u00e5 legg til rette for at det kan skje. Gode forberedelser<br \/>\ner n\u00f8kkelen. <\/p>\n<p>    <a itemprop=\"url\" href=\"https:\/\/www.kk.no\/mote\/adventskalendere-dette-er-arets-beste\/83601888\" rel=\"nofollow noopener\" target=\"_blank\"><\/p>\n<p>      <img loading=\"lazy\" decoding=\"async\" src=\"https:\/\/www.europesays.com\/no\/wp-content\/uploads\/2025\/09\/1758605837_88_83606556.webp\" width=\"980\" height=\"441\" title=\"Adventskalendere: Dette er \u00e5rets beste\" alt=\"\" class=\"lazyload\" style=\"--aspect-ratio-image: 2.22; \"\/><\/p>\n<p>        Adventskalendere: Dette er \u00e5rets beste<\/p>\n<p>    <\/a><\/p>\n<p>STEINBUKKEN<\/p>\n<p>F\u00f8dt: 22. desember\u201320. januar<\/p>\n<p> Solen<br \/>\nhar n\u00e5 beveget seg inn i Vektens tegn og videre inn i din sektor for plikt og<br \/>\nansvar. Til din store overraskelse kan urett n\u00e5 bli m\u00f8tt med b\u00e5de ansvarlighet<br \/>\nog rettferdighet. En person som tidligere har oppf\u00f8rt seg d\u00e5rlig, kan komme med<br \/>\nen uforbeholden unnskyldning, og du merker at den er oppriktig ment. Det gj\u00f8r<br \/>\ndet lett \u00e5 tilgi. Du har en natur som inviterer andre til ansvarlighet, og<br \/>\nderfor f\u00f8les det ekstra godt n\u00e5r du opplever at det faktisk blir lagt merke<br \/>\ntil. Respekt inviterer til respekt. Ansvar til ansvar. Fei for din egen d\u00f8r og<br \/>\nfolk vil gj\u00f8re det samme. <\/p>\n<p>    <a itemprop=\"url\" href=\"https:\/\/www.kk.no\/mote\/na-er-det-trendy-a-se-sliten-ut\/83483172\" rel=\"nofollow noopener\" target=\"_blank\"><\/p>\n<p>      <img loading=\"lazy\" decoding=\"async\" src=\"https:\/\/www.europesays.com\/no\/wp-content\/uploads\/2025\/09\/83483525.webp\" width=\"980\" height=\"441\" title=\"N\u00e5 er det trendy \u00e5 se \u00absliten\u00bb ut\" alt=\"\" class=\"lazyload\" style=\"--aspect-ratio-image: 2.22; \"\/><\/p>\n<p>        N\u00e5 er det trendy \u00e5 se \u00absliten\u00bb ut<\/p>\n<p>    <\/a><\/p>\n<p>VANNMANNEN<\/p>\n<p>F\u00f8dt: 21. januar\u201318. februar<\/p>\n<p> Du<br \/>\nkan bli positivt overrasket over det som skjer i dag. Som Vannmann har du ofte<br \/>\nklare meninger om hva du liker, og noen ganger kan du v\u00e6re litt rask til \u00e5<br \/>\nundervurdere andre fordi du tror de ikke har noe interessant \u00e5 by p\u00e5. Men i dag<br \/>\nkan du oppdage at du har v\u00e6rt litt kjapp i avtrekkeren. En person som ved<br \/>\nf\u00f8rste \u00f8yekast virket uinteressant, kan vise seg \u00e5 v\u00e6re det stikk motsatte n\u00e5r<br \/>\ndu blir bedre kjent. Dere tenker kanskje veldig ulikt, men nettopp i<br \/>\nkontrastene ligger l\u00e6rdommen, og det kan oppst\u00e5 noe b\u00e5de spennende og<br \/>\nverdifullt ut av dette m\u00f8tet. <\/p>\n<p>    <a itemprop=\"url\" href=\"https:\/\/www.kk.no\/mote\/i-luksusjakke-rett-fra-catwalken\/83607306\" rel=\"nofollow noopener\" target=\"_blank\"><\/p>\n<p>      <img loading=\"lazy\" decoding=\"async\" src=\"https:\/\/www.europesays.com\/no\/wp-content\/uploads\/2025\/09\/83607328.webp\" width=\"980\" height=\"441\" title=\"I luksusjakke rett fra catwalken\" alt=\"\" class=\"lazyload\" style=\"--aspect-ratio-image: 2.22; \"\/><\/p>\n<p>        I luksusjakke rett fra catwalken<\/p>\n<p>    <\/a><\/p>\n<p>FISKENE<\/p>\n<p>F\u00f8dt: 19. februar\u201320. mars<\/p>\n<p> Du<br \/>\nkan kjenne en rastl\u00f8shet som murrer i dypet, et behov for noe nytt, bedre eller<br \/>\nmer meningsfylt. Du vet kanskje ikke helt hva det er, bare at det er noe som<br \/>\nkaller p\u00e5 deg. Dette kan inspirere deg til \u00e5 dr\u00f8mme om en ny fremtid eller leke<br \/>\nmed tanken p\u00e5 \u00e5 endre retning, enten det gjelder karriere, bosted eller<br \/>\nlivsstil. Solen st\u00e5r n\u00e5 i et dynamisk aspekt til Neptun, planeten som hersker<br \/>\nover Fiskene, og det vekker b\u00e5de dr\u00f8mmer og lengsler i deg. Men husk at selv om<br \/>\ndin villeste dr\u00f8m ble til virkelighet, vil den dypeste forandringen alltid<br \/>\nkomme innenfra. <\/p>\n<p>    <a itemprop=\"url\" href=\"https:\/\/www.kk.no\/kultur\/denne-treningen-passer-for-deg\/67987682\" rel=\"nofollow noopener\" target=\"_blank\"><\/p>\n<p>      <img loading=\"lazy\" decoding=\"async\" src=\"https:\/\/www.europesays.com\/no\/wp-content\/uploads\/2025\/09\/1758605840_222_67987690.webp\" width=\"980\" height=\"441\" title=\"Denne treningen passer for deg\" alt=\"\" class=\"lazyload\" style=\"--aspect-ratio-image: 2.22; \"\/><\/p>\n<p>        Denne treningen passer for deg<\/p>\n<p>    <\/a><\/p>\n","protected":false},"excerpt":{"rendered":"Hver dag vil v\u00e5r astrolog Sol gi deg et innblikk i fremtiden. Er du nysgjerrig p\u00e5 kj\u00e6rlighet, jobb,&hellip;\n","protected":false},"author":2,"featured_media":2150,"comment_status":"","ping_status":"","sticky":false,"template":"","format":"standard","meta":{"footnotes":""},"categories":[58],"tags":[4065,4064,71,4063,30,28,29,4066,72],"class_list":{"0":"post-42654","1":"post","2":"type-post","3":"status-publish","4":"format-standard","5":"has-post-thumbnail","7":"category-underholdning","8":"tag-astrologi","9":"tag-dagens_horoskop","10":"tag-entertainment","11":"tag-horoskop","12":"tag-no","13":"tag-norge","14":"tag-norway","15":"tag-stjernetegn","16":"tag-underholdning"},"share_on_mastodon":{"url":"","error":""},"_links":{"self":[{"href":"https:\/\/www.europesays.com\/no\/wp-json\/wp\/v2\/posts\/42654","targetHints":{"allow":["GET"]}}],"collection":[{"href":"https:\/\/www.europesays.com\/no\/wp-json\/wp\/v2\/posts"}],"about":[{"href":"https:\/\/www.europesays.com\/no\/wp-json\/wp\/v2\/types\/post"}],"author":[{"embeddable":true,"href":"https:\/\/www.europesays.com\/no\/wp-json\/wp\/v2\/users\/2"}],"replies":[{"embeddable":true,"href":"https:\/\/www.europesays.com\/no\/wp-json\/wp\/v2\/comments?post=42654"}],"version-history":[{"count":0,"href":"https:\/\/www.europesays.com\/no\/wp-json\/wp\/v2\/posts\/42654\/revisions"}],"wp:featuredmedia":[{"embeddable":true,"href":"https:\/\/www.europesays.com\/no\/wp-json\/wp\/v2\/media\/2150"}],"wp:attachment":[{"href":"https:\/\/www.europesays.com\/no\/wp-json\/wp\/v2\/media?parent=42654"}],"wp:term":[{"taxonomy":"category","embeddable":true,"href":"https:\/\/www.europesays.com\/no\/wp-json\/wp\/v2\/categories?post=42654"},{"taxonomy":"post_tag","embeddable":true,"href":"https:\/\/www.europesays.com\/no\/wp-json\/wp\/v2\/tags?post=42654"}],"curies":[{"name":"wp","href":"https:\/\/api.w.org\/{rel}","templated":true}]}}