{"id":42662,"date":"2025-09-23T05:57:28","date_gmt":"2025-09-23T05:57:28","guid":{"rendered":"https:\/\/www.europesays.com\/no\/42662\/"},"modified":"2025-09-23T05:57:28","modified_gmt":"2025-09-23T05:57:28","slug":"avgjorende-for-a-overleve","status":"publish","type":"post","link":"https:\/\/www.europesays.com\/no\/42662\/","title":{"rendered":"&#8211; Avgj\u00f8rende for \u00e5 overleve"},"content":{"rendered":"<p class=\"kicker \" style=\"\">Boris Becker<\/p>\n<p>  Tennisikonet Boris Becker (57) om sin bestevenn fra fengselet: &#8211;\u00a0Da jeg var sammen med ham, f\u00f8lte jeg meg trygg.<\/p>\n<p>\n    TENNISLEGENDE: Boris Becker er en av tidenes st\u00f8rste tennisspillere. I sin kommende bok \u00abInside\u00bb deler han historier fra da han sonet \u00e5tte m\u00e5neder i fengsel. Foto: AFP\n  <\/p>\n<p>Boris Becker sonet i 2022 \u00e5tte m\u00e5neder i fengsel i England for \u00e5 ha skjult eiendeler under en konkursprosess mot ham.\u00a0Den tidligere tennisstjerna har tidligere fortalt flere historier fra soningen. Han har blant annet hevdet at han <a href=\"https:\/\/www.dagbladet.no\/sport\/fengselsmareritt-reddet-livet-mitt\/78126070\" style=\"font-size: var(--font-size-body); font-weight: var(--font-weight-normal); background-color: ; font-family: var(--font-family-body);\" rel=\"nofollow noopener\" target=\"_blank\">ble truet p\u00e5 livet<\/a> av en medfange som var d\u00f8mt for drap.<\/p>\n<p>I sin kommende bok \u00abInside\u00bb, som lanseres seinere i september, forteller Becker om mannen han omtaler som sin redningsmann i fengselet, skriver den tyske avisa <a href=\"https:\/\/www.bild.de\/unterhaltung\/stars-und-leute\/boris-becker-knast-freund-ike-rettete-ihm-das-leben-68bfe1af15695f6010154b14\" rel=\"nofollow noopener\" target=\"_blank\">Bild<\/a>.<\/p>\n<p>    <a itemprop=\"url\" href=\"https:\/\/www.dagbladet.no\/sport\/slaktes-farlig\/83604747\" rel=\"nofollow noopener\" target=\"_blank\"><\/p>\n<p>      <img loading=\"lazy\" decoding=\"async\" src=\"https:\/\/www.europesays.com\/no\/wp-content\/uploads\/2025\/09\/1758607047_58_83614814.webp\" width=\"980\" height=\"441\" title=\"Slaktes: - Farlig\" alt=\"\" class=\"lazyload\" style=\"--aspect-ratio-image: 2.22; \"\/><\/p>\n<p>        Slaktes: &#8211; Farlig<\/p>\n<p>    <\/a><\/p>\n<p>Becker skriver om sin beskytter Ike, som var en narkolanger\u00a0og drev i lang tid\u00a0med kokain. Han opererte p\u00e5 verdensbasis &#8211; London, Nigeria og Tyskland, skriver Bild.<\/p>\n<p>Da Becker m\u00f8tte Ike i 2022, hadde han sonet tolv \u00e5r og skulle l\u00f8slates \u00e5ret etter. De skal ha blitt venner etter \u00e5 ha kommet i prat p\u00e5 fengselets treningsrom, og senere g\u00e5tt p\u00e5 gudstjenester sammen, spist lunsj i Ikes celle og dusjet i grupper for \u00e5 beskytte hverandre.<\/p>\n<p class=\"font-weight-bold m-font-weight-bold\" data-lab-font_weight=\"font-weight-bold\">&#8211; Det var avgj\u00f8rende for \u00e5 overleve i fengselet &#8211; \u00e5 beskytte hverandre. Da jeg var med Ike, f\u00f8lte jeg meg trygg, skriver Becker i boka if\u00f8lge den tyske avisa.<\/p>\n<p>        SJOKKERTE: Tennislegenden Boris Becker sjokkerte da han kommenterte dommerens utseende p\u00e5 direkte-TV. Video: R\u00f8dt Kort.<\/p>\n<p>15. desember 2022 ble Becker sendt tilbake til Tyskland. I november 2023 hadde Boris og hans 35 \u00e5r gamle samboer Lilian etablert seg i Milano. Da Boris fylte 56 \u00e5r, arrangerte Lilian en overraskelsesfeiring for ham. Klokka 21 ringte det p\u00e5 d\u00f8ra &#8211; det var Ike som sto utenfor. Lilian hadde invitert ham.<\/p>\n<p class=\"font-weight-bold m-font-weight-bold\" data-lab-font_weight=\"font-weight-bold\">&#8211; Det var Ike! I dress og slips, og med matchende sko. I n\u00e6rv\u00e6r av menneskene som betydde mest for meg, sa jeg til ham: \u00abTakk for at du reddet livet mitt.\u00bb<\/p>\n<p>    <a itemprop=\"url\" href=\"https:\/\/www.dagbladet.no\/sport\/ja-han-har-spurt\/83620044\" rel=\"nofollow noopener\" target=\"_blank\"><\/p>\n<p>      <img loading=\"lazy\" decoding=\"async\" src=\"https:\/\/www.europesays.com\/no\/wp-content\/uploads\/2025\/09\/83620062.webp\" width=\"980\" height=\"441\" title=\"- Ja, han har spurt\" alt=\"\" class=\"lazyload\" style=\"--aspect-ratio-image: 2.22; \"\/><\/p>\n<p>        &#8211; Ja, han har spurt<\/p>\n<p>    <\/a><\/p>\n<p>Becker, som var en av verdens beste tennisspillere p\u00e5 1980- og 90-tallet, deler videre at han og Ike fremdeles snakker sammen p\u00e5 telefon av og til.<\/p>\n","protected":false},"excerpt":{"rendered":"Boris Becker Tennisikonet Boris Becker (57) om sin bestevenn fra fengselet: &#8211;\u00a0Da jeg var sammen med ham, f\u00f8lte&hellip;\n","protected":false},"author":2,"featured_media":42663,"comment_status":"","ping_status":"","sticky":false,"template":"","format":"standard","meta":{"footnotes":""},"categories":[59],"tags":[6703,30,28,29,83,82,909],"class_list":{"0":"post-42662","1":"post","2":"type-post","3":"status-publish","4":"format-standard","5":"has-post-thumbnail","7":"category-sport","8":"tag-boris-becker","9":"tag-no","10":"tag-norge","11":"tag-norway","12":"tag-sport","13":"tag-sports","14":"tag-tennis"},"share_on_mastodon":{"url":"","error":""},"_links":{"self":[{"href":"https:\/\/www.europesays.com\/no\/wp-json\/wp\/v2\/posts\/42662","targetHints":{"allow":["GET"]}}],"collection":[{"href":"https:\/\/www.europesays.com\/no\/wp-json\/wp\/v2\/posts"}],"about":[{"href":"https:\/\/www.europesays.com\/no\/wp-json\/wp\/v2\/types\/post"}],"author":[{"embeddable":true,"href":"https:\/\/www.europesays.com\/no\/wp-json\/wp\/v2\/users\/2"}],"replies":[{"embeddable":true,"href":"https:\/\/www.europesays.com\/no\/wp-json\/wp\/v2\/comments?post=42662"}],"version-history":[{"count":0,"href":"https:\/\/www.europesays.com\/no\/wp-json\/wp\/v2\/posts\/42662\/revisions"}],"wp:featuredmedia":[{"embeddable":true,"href":"https:\/\/www.europesays.com\/no\/wp-json\/wp\/v2\/media\/42663"}],"wp:attachment":[{"href":"https:\/\/www.europesays.com\/no\/wp-json\/wp\/v2\/media?parent=42662"}],"wp:term":[{"taxonomy":"category","embeddable":true,"href":"https:\/\/www.europesays.com\/no\/wp-json\/wp\/v2\/categories?post=42662"},{"taxonomy":"post_tag","embeddable":true,"href":"https:\/\/www.europesays.com\/no\/wp-json\/wp\/v2\/tags?post=42662"}],"curies":[{"name":"wp","href":"https:\/\/api.w.org\/{rel}","templated":true}]}}