{"id":42667,"date":"2025-09-23T06:02:08","date_gmt":"2025-09-23T06:02:08","guid":{"rendered":"https:\/\/www.europesays.com\/no\/42667\/"},"modified":"2025-09-23T06:02:08","modified_gmt":"2025-09-23T06:02:08","slug":"i-dag-begraves-ester-moe-ljodal-19-nrk-innlandet-lokale-nyheter-tv-og-radio","status":"publish","type":"post","link":"https:\/\/www.europesays.com\/no\/42667\/","title":{"rendered":"I dag begraves Ester Moe Lj\u00f8dal (19) \u2013 NRK Innlandet \u2013 Lokale nyheter, TV og radio"},"content":{"rendered":"<p>Befolkninga i Hamar har v\u00e6rt sterkt prega siden boligbrannen som krevde livet til fire unge kvinner.<\/p>\n<p>Tirsdag tar familie og venner farvel med 19 \u00e5r gamle Ester Moe Lj\u00f8dal. Det skjer i Hamar domkirke.<\/p>\n<p><strong>Hun er den f\u00f8rste av de fire venninnene som blir gravlagt.<\/strong><\/p>\n<p>Omkom i husbrann<\/p>\n<p>Ida B\u00e6k Nordland (19), Ester Moe Lj\u00f8dal (19), Astrid St\u00f8e Valla (18) fra Hamar og Ariane Haga (18) fra Ringsaker var <a href=\"https:\/\/www.nrk.no\/innlandet\/fire-venninner-i-slutten-av-tenarene-dode-i-brann-i-hamar-_-navnene-frigitt-1.17559834\" ec-id=\"pp:1.17559834\" ec-name=\"samlet til en sosial sammenkomst\" rel=\"nofollow noopener\" target=\"_blank\">samlet til en sosial sammenkomst<\/a>, da det br\u00f8t ut brann i boligen <a href=\"https:\/\/www.nrk.no\/innlandet\/husbrann-i-hamar-har-spredd-seg-til-nabohus-1.17559442\" ec-id=\"pp:1.17559442\" ec-name=\"tidlig p\u00e5 morgenkvisten\" rel=\"nofollow noopener\" target=\"_blank\">tidlig p\u00e5 morgenkvisten<\/a> 8. september.<\/p>\n<ul data-scroll-container=\"\" role=\"list\">\n<li><img alt=\"Astrid St\u00f8e Valla, Ida B\u00e6k Nordland, Ester Moe Lj\u00f8dal og Ariane Haga \"  width=\"3840\" height=\"2158\" loading=\"lazy\"\/>Astrid, Ida, Ester og Ariane omkom i brannen\n<p>Fire unge kvinner mistet livet da en bolig i Hamar sentrum brant ned: Astrid St\u00f8e Valla (18), Ida B\u00e6k Nordland (18), Ester Moe Lj\u00f8dal (19) og Ariane Haga (19).<\/p>\n<\/li>\n<li><img alt=\"et hus i brann\"  width=\"3840\" height=\"2158\" loading=\"lazy\"\/>\n<p>\n        Frode Meskau \/ NRK\n      <\/p>\n<p>Startet tidlig p\u00e5 morgenkvisten<\/p>\n<p>Mandag 8. september, like etter klokka 05.00, fikk n\u00f8detatene melding om at det brant i et hus i Hamar sentrum.<\/p>\n<\/li>\n<li><img alt=\"brannmenn slukker en brann\"  width=\"3840\" height=\"2158\" loading=\"lazy\"\/>\n<p>\n        Frode Meskau \/ NRK\n      <\/p>\n<p>Intens brann<\/p>\n<p>Brannvesenet fikk snart vite at flere var savna, men brannen var s\u00e5 voldsom at det tok en stund f\u00f8r de fikk gjort et s\u00f8k i huset, har innsatsleder James Mercer fortalt.<\/p>\n<\/li>\n<li><img alt=\"roser som st\u00e5r inntil et gjerde\"  width=\"3840\" height=\"2158\" loading=\"lazy\"\/>\n<p>\n        Frode Meskau \/ NRK\n      <\/p>\n<p>Funnet omkommet<\/p>\n<p>Klokken 10.30 ble tre personer funnet. Klokka 13.15 ble det meldt at r\u00f8ykdykkere hadde hentet ut en fjerde person fra huset. <\/p>\n<\/li>\n<li><img alt=\"en person i hvit dress og hjelm som sitter p\u00e5 huk p\u00e5 en stein\"  width=\"3840\" height=\"2158\" loading=\"lazy\"\/>\n<p>\n        Frode Meskau \/ NRK\n      <\/p>\n<p>Unders\u00f8kelser p\u00e5 brannstedet<\/p>\n<p>Politiet brukte flere dager p\u00e5 \u00e5 sikre \u00e5stedet. Teknikere kunne g\u00e5 inn for \u00e5 finkjemme brannruinene tre dager etter brannen. <\/p>\n<\/li>\n<li><img alt=\"en bygning som er \u00f8delagt\"  width=\"3840\" height=\"2160\" loading=\"lazy\"\/>\n<p>\n        Jonas Oden Ulset \/ NRK\n      <\/p>\n<p>Omfattende etterforskning<\/p>\n<p>If\u00f8lge politiet er etterforskningen omfattende og tidkrevende og det kan ta uker eller m\u00e5neder f\u00f8r man har en brann\u00e5rsak. De forel\u00f8pige unders\u00f8kelsene viser at brannen kan ha starta utend\u00f8rs ved verandaen.<\/p>\n<\/li>\n<\/ul>\n<p>Politiet har s\u00e5 langt ikke kjennskap til hva som for\u00e5rsaket brannen, men har en <a href=\"https:\/\/www.nrk.no\/innlandet\/hamar-brannen_-politiet-har-en-formening-om-at-den-startet-utendors-1.17571293\" ec-id=\"pp:1.17571293\" ec-name=\"formening om at den startet utend\u00f8rs\" rel=\"nofollow noopener\" target=\"_blank\">formening om at den startet utend\u00f8rs<\/a> i tilknytning til verandaen.<\/p>\n<p>\u2013 Mange er ber\u00f8rte<\/p>\n<p>De fire venninnene gravlegges alle i l\u00f8pet av den neste uka med ulike seremonier.<\/p>\n<p>Kirka midt i Hamar sentrum har v\u00e6rt \u00e5pen for de som har villet komme dit. Tirsdag er begravelsen til Ester Moe Lj\u00f8dal der.<\/p>\n<p>19-\u00e5ringen fullf\u00f8rte videreg\u00e5ende ved Hamar katedralskole i v\u00e5r.<\/p>\n<p><img decoding=\"async\"   src=\"data:image\/gif;base64,R0lGODlhAQABAIAAAAAAAP\/\/\/yH5BAEAAAAALAAAAAABAAEAAAIBRAA7\" loading=\"eager\" alt=\"en kvinne som smiler til kameraet\" title=\"Foto: Innlandet politidistrikt \/ Handout \/ Handout \/ NTB\"\/><\/p>\n<p class=\"\">Ester Moe Lj\u00f8dal ble 19 \u00e5r. Hun er en av fire som d\u00f8de i boligbrannen i Hamar 8. september.<\/p>\n<p>Foto: Innlandet politidistrikt \/ Handout \/ Handout \/ NTB<\/p>\n<p>Kapellan Marie Margrethe Lie Sperre skal lede seremonien. Hun sier disse dagene er tunge for mange \u2013 spesielt fordi det var s\u00e5 unge mennesker involvert.<\/p>\n<p>Men hun forteller at det er stor kj\u00e6rlighet og samhold som har vist seg i lokalsamfunnet i tida etter den tragiske hendelsen.<\/p>\n<p>\u2013 Jeg tror at det er mange som er ber\u00f8rt etter brannen. Og som fortsatt er i sjokk og sorg. Samtidig s\u00e5 ser vi jo at det er utrolig mye fellesskapsf\u00f8lelse og omsorg i Hamar-samfunnet. <\/p>\n<p><img decoding=\"async\"   src=\"data:image\/gif;base64,R0lGODlhAQABAIAAAAAAAP\/\/\/yH5BAEAAAAALAAAAAABAAEAAAIBRAA7\" loading=\"eager\" alt=\"en kapellan som st\u00e5r foran et maleri\" title=\"Foto: Anne Jo Lexander\"\/><\/p>\n<p class=\"\">Marie Margrethe Lie Sperre skal lede seremonien i Hamar tirsdag. Hun sier sorgen er t\u00f8ff \u00e5 st\u00e5 i for mange. Men at samholdet som finnes i Hamar er med \u00e5 lindre for mange.<\/p>\n<p>Foto: Anne Jo Lexander<\/p>\n<p>Fire hjerter<\/p>\n<p>Brannen har satt dype spor i lokalsamfunnet i Hamar. I sosiale medier har <a href=\"https:\/\/www.nrk.no\/innlandet\/hamar-star-samlet-etter-dodsbrann-i-hamar-1.17562844\" ec-id=\"pp:1.17562844\" ec-name=\"fire r\u00f8de hjerter blitt delt hyppig\" rel=\"nofollow noopener\" target=\"_blank\">fire r\u00f8de hjerter blitt delt hyppig<\/a>. De fire hjertene er ogs\u00e5 synlig p\u00e5 <a href=\"https:\/\/www.nrk.no\/innlandet\/mange-hjerter-rundt-i-hamar-etter-dodsbrannen-_-hamkam-med-ett-minutts-stillhet-1.17569673\" ec-id=\"pp:1.17569673\" ec-name=\"veggen p\u00e5 Briskeby stadion\" rel=\"nofollow noopener\" target=\"_blank\">veggen p\u00e5 Briskeby stadion<\/a> og ved kinoforestillinger.<\/p>\n<p>Kommunen satte opp en minnevegg p\u00e5 \u00d8stre Torg i sentrum der folk har skrevet minneord og lagt ned blomster.<\/p>\n<p>Veggen er blitt et naturlig, sosialt samlingssted. Den er fylt opp med folk sine siste hilsener til de fire venninnene.<\/p>\n<p>\u00abHvil i fred vakreste Ester, du var en solstr\u00e5le.\u00bb<\/p>\n<p>\u00abFine Ester. Du vil bli savnet.\u00bb<\/p>\n<p>\u00abN\u00e5 er det fire nye stjerner p\u00e5 himmelen. Hvil i fred.\u00bb<\/p>\n<p>Publisert<\/p>\n<p>23.09.2025, kl. 07.10<\/p>\n<p>Oppdatert<\/p>\n<p>23.09.2025, kl. 07.21<\/p>\n","protected":false},"excerpt":{"rendered":"Befolkninga i Hamar har v\u00e6rt sterkt prega siden boligbrannen som krevde livet til fire unge kvinner. Tirsdag tar&hellip;\n","protected":false},"author":2,"featured_media":42668,"comment_status":"","ping_status":"","sticky":false,"template":"","format":"standard","meta":{"footnotes":""},"categories":[10],"tags":[20,21,24,25,15,22,23,13,30,28,29,14,16,26,27],"class_list":{"0":"post-42667","1":"post","2":"type-post","3":"status-publish","4":"format-standard","5":"has-post-thumbnail","7":"category-norge","8":"tag-breaking-news","9":"tag-breakingnews","10":"tag-featured-news","11":"tag-featurednews","12":"tag-headlines","13":"tag-latest-news","14":"tag-latestnews","15":"tag-news","16":"tag-no","17":"tag-norge","18":"tag-norway","19":"tag-nyheter","20":"tag-overskrifter","21":"tag-top-stories","22":"tag-topstories"},"share_on_mastodon":{"url":"","error":""},"_links":{"self":[{"href":"https:\/\/www.europesays.com\/no\/wp-json\/wp\/v2\/posts\/42667","targetHints":{"allow":["GET"]}}],"collection":[{"href":"https:\/\/www.europesays.com\/no\/wp-json\/wp\/v2\/posts"}],"about":[{"href":"https:\/\/www.europesays.com\/no\/wp-json\/wp\/v2\/types\/post"}],"author":[{"embeddable":true,"href":"https:\/\/www.europesays.com\/no\/wp-json\/wp\/v2\/users\/2"}],"replies":[{"embeddable":true,"href":"https:\/\/www.europesays.com\/no\/wp-json\/wp\/v2\/comments?post=42667"}],"version-history":[{"count":0,"href":"https:\/\/www.europesays.com\/no\/wp-json\/wp\/v2\/posts\/42667\/revisions"}],"wp:featuredmedia":[{"embeddable":true,"href":"https:\/\/www.europesays.com\/no\/wp-json\/wp\/v2\/media\/42668"}],"wp:attachment":[{"href":"https:\/\/www.europesays.com\/no\/wp-json\/wp\/v2\/media?parent=42667"}],"wp:term":[{"taxonomy":"category","embeddable":true,"href":"https:\/\/www.europesays.com\/no\/wp-json\/wp\/v2\/categories?post=42667"},{"taxonomy":"post_tag","embeddable":true,"href":"https:\/\/www.europesays.com\/no\/wp-json\/wp\/v2\/tags?post=42667"}],"curies":[{"name":"wp","href":"https:\/\/api.w.org\/{rel}","templated":true}]}}